{"id":130482,"date":"2017-12-13T00:03:44","date_gmt":"2017-12-12T23:03:44","guid":{"rendered":"http:\/\/www.leccecronaca.it\/?p=130482"},"modified":"2017-12-12T18:43:26","modified_gmt":"2017-12-12T17:43:26","slug":"massimo-dapporto-a-lecce-giovedi-14","status":"publish","type":"post","link":"https:\/\/www.leccecronaca.it\/index.php\/2017\/12\/13\/massimo-dapporto-a-lecce-giovedi-14\/","title":{"rendered":"MASSIMO DAPPORTO A LECCE GIOVEDI&#8217; 14"},"content":{"rendered":"<p><img decoding=\"async\" loading=\"lazy\" class=\"alignleft size-medium wp-image-130483\" src=\"https:\/\/www.leccecronaca.it\/wordpress\/wp-content\/uploads\/2017\/12\/12195755_1483342411974988_2326042638952838336_n-300x225.jpg\" alt=\"\" width=\"300\" height=\"225\" srcset=\"https:\/\/www.leccecronaca.it\/wordpress\/wp-content\/uploads\/2017\/12\/12195755_1483342411974988_2326042638952838336_n-300x225.jpg 300w, https:\/\/www.leccecronaca.it\/wordpress\/wp-content\/uploads\/2017\/12\/12195755_1483342411974988_2326042638952838336_n-768x576.jpg 768w, https:\/\/www.leccecronaca.it\/wordpress\/wp-content\/uploads\/2017\/12\/12195755_1483342411974988_2326042638952838336_n-400x300.jpg 400w, https:\/\/www.leccecronaca.it\/wordpress\/wp-content\/uploads\/2017\/12\/12195755_1483342411974988_2326042638952838336_n.jpg 960w\" sizes=\"(max-width: 300px) 100vw, 300px\" \/>Riceviamo e volentieri pubblichiamo. Da Monza, Paola Sozzani (nella foto, con l&#8217; attore) ci scrive______<\/p>\n<p>Buongiorno a tutti,<\/p>\n<p>sono una grandissima fan di Massimo Dapporto fin dai tempi di \u201cAmico mio\u201d, ho seguito con tanto affetto le sue serie televisive, la maggioranza dei suoi film e ho gi\u00e0 assistito a diversi suoi lavori teatrali: \u201cLadro di razza\u201d, \u201cQuei due\u201d e, recentemente, \u201cUn borghese piccolo piccolo\u201d tratto dall\u2019omonimo romanzo di Vincenzo Cerami, dal quale \u00e8 stato tratto il capolavoro cinematografico di Monicelli, interpretato dal grande Alberto Sordi.<\/p>\n<p>Lo spettacolo va in scena a Lecce al Politeama Greco gioved\u00ec 14 dicembre alle 20.30.<\/p>\n<p>Sicuramente molti di voi ricorderanno la trama del romanzo: l\u2019interprete, Giovanni Vivaldi, un uomo di provincia impiegato da oltre trent\u2019anni al Ministero e prossimo alla pensione, cerca disperatamente una raccomandazione per garantire al figlio Mario un posto fisso che rappresenterebbe la continuit\u00e0 nel suo stesso ufficio. Giovanni Vivaldi \u00e8 disposto a tutto pur di sistemare il figlio, entra persino a far parte della Massoneria per raggiungere il suo scopo e, cos\u00ec facendo, ottiene le risposte del concorso dal suo capufficio perch\u00e9 Mario le impari a memoria. La raccomandazione diventa la parte centrale della storia, una sorta di necessit\u00e0 entrata nella consuetudine dell\u2019italiano medio.<\/p>\n<p>Purtroppo, la morte di Mario Vivaldi, accidentalmente ucciso da una pallottola vagante proprio la mattina stessa del concorso e, successivamente, la morte di Amalia, compagna della sua vita, a causa di una malattia provocata dal dolore per la scomparsa del figlio, spingono Giovanni Vivaldi a vendicarsi uccidendo l\u2019assassino di Mario.<\/p>\n<p>&nbsp;<\/p>\n<p>La versione teatrale, adattata e curata dal regista Fabrizio Coniglio \u00e8 davvero ottima, gli interpreti, compagni di scena di Massimo Dapporto: Susanna Marcomeni (che interpreta Amalia, la moglie di Giovanni Vivaldi), Matteo Francomano (il figlio Mario), Roberto D\u2019Alessandro (il capufficio Spaziani) e Federico Rubino (l\u2019assassino) sono tutti bravissimi. Una nota speciale per il protagonista principale della pi\u00e8ce, uno straordinario Massimo Dapporto che ha interpretato magistralmente la sua parte come nessun altro avrebbe potuto fare.<\/p>\n<p>Non perdete l\u2019opportunit\u00e0 di vedere questo bellissimo spettacolo, ci sono ancora biglietti disponibili.<\/p>\n<fb:like href='https:\/\/www.leccecronaca.it\/index.php\/2017\/12\/13\/massimo-dapporto-a-lecce-giovedi-14\/' send='true' layout='button_count' show_faces='true' width='450' height='65' action='recommend' colorscheme='light' font='lucida grande'><\/fb:like><span class=\"fb_share\"><fb:like href=\"https:\/\/www.leccecronaca.it\/index.php\/2017\/12\/13\/massimo-dapporto-a-lecce-giovedi-14\/\" layout=\"button_count\"><\/fb:like><\/span>","protected":false},"excerpt":{"rendered":"<p>Riceviamo e volentieri pubblichiamo. Da Monza, Paola Sozzani (nella foto, con l&#8217; attore) ci scrive______ Buongiorno a tutti, sono una grandissima fan di Massimo Dapporto fin dai tempi di \u201cAmico mio\u201d, ho seguito con tanto affetto le sue serie televisive, la maggioranza dei suoi film e ho gi\u00e0 assistito a diversi suoi lavori teatrali: \u201cLadro [&hellip;]<\/p>\n","protected":false},"author":4,"featured_media":130483,"comment_status":"open","ping_status":"closed","sticky":false,"template":"","format":"standard","meta":[],"categories":[31,75,36],"tags":[],"_links":{"self":[{"href":"https:\/\/www.leccecronaca.it\/index.php\/wp-json\/wp\/v2\/posts\/130482"}],"collection":[{"href":"https:\/\/www.leccecronaca.it\/index.php\/wp-json\/wp\/v2\/posts"}],"about":[{"href":"https:\/\/www.leccecronaca.it\/index.php\/wp-json\/wp\/v2\/types\/post"}],"author":[{"embeddable":true,"href":"https:\/\/www.leccecronaca.it\/index.php\/wp-json\/wp\/v2\/users\/4"}],"replies":[{"embeddable":true,"href":"https:\/\/www.leccecronaca.it\/index.php\/wp-json\/wp\/v2\/comments?post=130482"}],"version-history":[{"count":1,"href":"https:\/\/www.leccecronaca.it\/index.php\/wp-json\/wp\/v2\/posts\/130482\/revisions"}],"predecessor-version":[{"id":130484,"href":"https:\/\/www.leccecronaca.it\/index.php\/wp-json\/wp\/v2\/posts\/130482\/revisions\/130484"}],"wp:featuredmedia":[{"embeddable":true,"href":"https:\/\/www.leccecronaca.it\/index.php\/wp-json\/wp\/v2\/media\/130483"}],"wp:attachment":[{"href":"https:\/\/www.leccecronaca.it\/index.php\/wp-json\/wp\/v2\/media?parent=130482"}],"wp:term":[{"taxonomy":"category","embeddable":true,"href":"https:\/\/www.leccecronaca.it\/index.php\/wp-json\/wp\/v2\/categories?post=130482"},{"taxonomy":"post_tag","embeddable":true,"href":"https:\/\/www.leccecronaca.it\/index.php\/wp-json\/wp\/v2\/tags?post=130482"}],"curies":[{"name":"wp","href":"https:\/\/api.w.org\/{rel}","templated":true}]}}