{"id":130586,"date":"2017-12-16T13:34:21","date_gmt":"2017-12-16T12:34:21","guid":{"rendered":"http:\/\/www.leccecronaca.it\/?p=130586"},"modified":"2017-12-16T13:45:06","modified_gmt":"2017-12-16T12:45:06","slug":"novoli-si-prepara-al-grande-evento-di-gennaio-della-focara-la-festa-della-vite-domenica-17","status":"publish","type":"post","link":"https:\/\/www.leccecronaca.it\/index.php\/2017\/12\/16\/novoli-si-prepara-al-grande-evento-di-gennaio-della-focara-la-festa-della-vite-domenica-17\/","title":{"rendered":"NOVOLI SI PREPARA AL GRANDE APPUNTAMENTO DI GENNAIO DELLA &#8216;FOCARA&#8217; \/ DOMANI DOMENICA 17 DICEMBRE LA &#8216;FESTA DELLA VITE&#8217;. IL SINDACO GIANMARIA GRECO SOTTOLINEA: &#8220;la rinnovata condivisione popolare per un evento basato sui valori della pace e della solidariet\u00e0&#8221;"},"content":{"rendered":"<p>(v.m.)______Una delle tradizioni pi\u00f9 significative, ricomincia gi\u00e0;<strong> uno degli appuntamenti pi\u00f9 attesi, di rilevanza oramai internazionale,<\/strong> del nostro Salento, gi\u00e0 si annuncia, un mese prima, e comunque alla vigilia dell&#8217; intero gennaio, &#8220;mese di fuoco&#8221;, con tante iniziative in programma, prima e dopo la &#8220;tre giorni&#8221; dal 16 al 18, con i festeggiamenti per il Patrono Sant&#8217; Antonio Abate.<\/p>\n<p><img decoding=\"async\" loading=\"lazy\" class=\"alignleft size-medium wp-image-130589\" src=\"https:\/\/www.leccecronaca.it\/wordpress\/wp-content\/uploads\/2017\/12\/25398749_1902075273165951_1550801382744548720_n-300x200.jpg\" alt=\"\" width=\"300\" height=\"200\" srcset=\"https:\/\/www.leccecronaca.it\/wordpress\/wp-content\/uploads\/2017\/12\/25398749_1902075273165951_1550801382744548720_n-300x200.jpg 300w, https:\/\/www.leccecronaca.it\/wordpress\/wp-content\/uploads\/2017\/12\/25398749_1902075273165951_1550801382744548720_n-768x512.jpg 768w, https:\/\/www.leccecronaca.it\/wordpress\/wp-content\/uploads\/2017\/12\/25398749_1902075273165951_1550801382744548720_n.jpg 960w\" sizes=\"(max-width: 300px) 100vw, 300px\" \/><\/p>\n<p>&nbsp;<\/p>\n<p>&nbsp;<\/p>\n<p>&nbsp;<\/p>\n<p>&nbsp;<\/p>\n<p>&nbsp;<\/p>\n<p>&nbsp;<\/p>\n<p>&nbsp;<\/p>\n<p>Domani, domenica 17 dicembre, infatti, a <strong>Novoli<\/strong>, in coincidenza con la &#8220;Festa della Vite&#8221;, inizia la costruzione della <strong>Focara 2018.<\/strong><\/p>\n<p><img decoding=\"async\" loading=\"lazy\" class=\"alignleft size-medium wp-image-130588\" src=\"https:\/\/www.leccecronaca.it\/wordpress\/wp-content\/uploads\/2017\/12\/festadellavite2017-210x300.jpg\" alt=\"\" width=\"210\" height=\"300\" srcset=\"https:\/\/www.leccecronaca.it\/wordpress\/wp-content\/uploads\/2017\/12\/festadellavite2017-210x300.jpg 210w, https:\/\/www.leccecronaca.it\/wordpress\/wp-content\/uploads\/2017\/12\/festadellavite2017-717x1024.jpg 717w, https:\/\/www.leccecronaca.it\/wordpress\/wp-content\/uploads\/2017\/12\/festadellavite2017-768x1097.jpg 768w, https:\/\/www.leccecronaca.it\/wordpress\/wp-content\/uploads\/2017\/12\/festadellavite2017.jpg 827w\" sizes=\"(max-width: 210px) 100vw, 210px\" \/><\/p>\n<p>&nbsp;<\/p>\n<p>&nbsp;<\/p>\n<p>&nbsp;<\/p>\n<p>&nbsp;<\/p>\n<p>&nbsp;<\/p>\n<p>&nbsp;<\/p>\n<p>&nbsp;<\/p>\n<p>&nbsp;<\/p>\n<p>&nbsp;<\/p>\n<p>Per il terzo anno consecutivo, a posare la prima fascina di vite, sar\u00e0 un emigrato novolese, che torna nella sua terra natia per rinsaldare le radici con un gesto simbolico, ma ricco di significati: in questa edizione la scelta \u00e8 ricaduta su Enzo Franco, novolese residente a Novara, da anni impegnato in opere di volontariato con\u00a0Casa Alessia Onlus e distintosi in missioni fuori continente in sostegno di bambini e popoli in difficolt\u00e0 in Africa e nei Paesi pi\u00f9 poveri del mondo.<\/p>\n<p>Per l&#8217; occasione, autorevoli esponenti delle Istituzioni regionali e delle autorit\u00e0 civili e religiose locali, oltre agli uomini del Comitato Festa e ai costruttori della Focara, si ritroveranno in piazza Tito Schipa per la benedizione e la sistemazione delle prime fascine (nella foto).<\/p>\n<p><img decoding=\"async\" loading=\"lazy\" class=\"alignleft size-medium wp-image-130587\" src=\"https:\/\/www.leccecronaca.it\/wordpress\/wp-content\/uploads\/2017\/12\/festa-della-vite-2016-300x199.jpg\" alt=\"\" width=\"300\" height=\"199\" srcset=\"https:\/\/www.leccecronaca.it\/wordpress\/wp-content\/uploads\/2017\/12\/festa-della-vite-2016-300x199.jpg 300w, https:\/\/www.leccecronaca.it\/wordpress\/wp-content\/uploads\/2017\/12\/festa-della-vite-2016-1024x680.jpg 1024w, https:\/\/www.leccecronaca.it\/wordpress\/wp-content\/uploads\/2017\/12\/festa-della-vite-2016-768x510.jpg 768w, https:\/\/www.leccecronaca.it\/wordpress\/wp-content\/uploads\/2017\/12\/festa-della-vite-2016.jpg 1072w\" sizes=\"(max-width: 300px) 100vw, 300px\" \/><\/p>\n<p>&nbsp;<\/p>\n<p>&nbsp;<\/p>\n<p>&nbsp;<\/p>\n<p>&nbsp;<\/p>\n<p>&nbsp;<\/p>\n<p>&nbsp;<\/p>\n<p>Nell&#8217;ambito dell&#8217;evento, inoltre, \u00e8 stata allestita negli spazio del Palazzo Baronale la mostra \u201cImmagina Mondo &#8211; Volti e risvolti\u201d, personale del fotoreporter Francesco Congedo, con i diari fotografici dei viaggi effettuati in diversi Paesi, che rimarr\u00e0 aperta fino al prossimo 21 dicembre, ogni giorno dalle ore 17 alle 21 e, nel pomeriggio di domenica, dalle ore 16 alle 21.<\/p>\n<p>La \u201cfesta della Vita\u201d partir\u00e0 con corteo istituzionale che partir\u00e0 dal\u00a0Municipio di piazza Aldo Moro ed arriver\u00e0 in piazza Tito Schipa, dove oltre alla benedizione, officiata dal parroco don Luigi Lezzi, e alla cerimonia di posa della prima fascia, \u00e8 prevista la prima edizione della sfilata con cavalli da sella e carrozze dell&#8217;associazione &#8220;Sport Equestre&#8221; di Novoli, con la partecipazione degli sbandieratori e dei musici del Rione San Basilio di Oria e del concerto bandistico \u201cStefanizzi Palma&#8221;.<\/p>\n<p>&nbsp;<\/p>\n<p>&#8220;<em>Con questa cerimonia si da inizio al percorso di avvicinamento alla festa di Sant&#8217;Antonio Abate ed all&#8217;accensione della F\u00f2cara &#8211;<\/em>\u00a0questo il commenta del <strong>sindaco Gianmaria Greco<\/strong> -&#8220;<em>La manifestazione rappresenta la rinnovata condivisione popolare in cui la comunit\u00e0 si riconosce attraverso la posa della prima fascina da parte di un nostro concittadino emigrato da Novoli. La scelta ricaduta sul novolese Enzo Franco ha il duplice significato di riavvicinare i figli del nostro territorio che, per svariati motivi si sono allontanati, e soprattutto, di premiare una persona meritevole impegnata nel sostegno dei poveri e degli ultimi. Valori che contraddistinguono il baricentro del nostro evento, basato sui valori della pace e della solidariet\u00e0. Rivolgo un doveroso ringraziamento alle donne ed agli uomini del comitato festa presieduto da Fernando D&#8217;Agostino, che\u00a0ogni anno garantiscono con impegno e passione, il rinnovarsi della nostra secolare tradizione\u201d.\u00a0<\/em><\/p>\n<p>&nbsp;<\/p>\n<p>&nbsp;<\/p>\n<p>&nbsp;<\/p>\n<p>&nbsp;<\/p>\n<p>&nbsp;<\/p>\n<p>&nbsp;<\/p>\n<p>&nbsp;<\/p>\n<p>&nbsp;<\/p>\n<p>&nbsp;<\/p>\n<p>PROGRAMMA<\/p>\n<p>&nbsp;<\/p>\n<p>&nbsp;<\/p>\n<p>Ore 9.30: raduno autorit\u00e0 in piazza Aldo Moro<\/p>\n<p>&nbsp;<\/p>\n<p>&nbsp;<\/p>\n<p>Ore 10.00: arrivo del corteo delle autorit\u00e0 in Piazza Tito Schipa. Il corteo sar\u00e0 preceduto dal Gonfalone del Comune dal Concerto Bandistico &#8220;Stefanizzi Palma&#8221; e degli sbandieratori di Oria che accompagneranno le autorit\u00e0: Gianmaria Greco (Sindaco di Novoli e presidente Fondazione Focara), Federico Perrone (sindaco del Consiglio Comunale dei Ragazzi), Loredana Capone (Assessore regionale alla Cultura), Luigi Manca (Consigliere regionale), Antonio Gabellone (presidente della Provincia di Lecce), Giuseppe Taurino (Presidente Unione dei Comuni del Nord Salento), Massimo Manera (Presidente Fondazione Notte della Taranta), Fernando D\u2019Agostino (presidente del Comitato Festa Sant\u2019Antonio Abate), Egidio Mello (presidente della Consulta delle Associazioni novolesi)<\/p>\n<p>&nbsp;<\/p>\n<p>&nbsp;<\/p>\n<p>Ore 10.30: benedizione della prima fascina di legna da parte del Parroco della Chiesa di Sant\u2019Antonio Abate, don Luigi Lezzi, e posa del primo fascio di tralci di vite<\/p>\n<p>&nbsp;<\/p>\n<p>&nbsp;<\/p>\n<p>A seguire sfilata con cavalli da sella e carrozze dell&#8217;Associazione &#8221; Sport Equestre&#8221; di Novoli<\/p>\n<p>Visita alla mostra fotografica \u201cImmagina Mondo &#8211; Volti e risvolti\u201d, personale del fotoreporter Francesco Congedo, allestita negli spazi del Palazzo Baronale di piazza Regina Margherita<\/p>\n<p>&nbsp;<\/p>\n<p>&nbsp;<\/p>\n<p>&nbsp;<\/p>\n<p>&nbsp;<\/p>\n<p>&nbsp;<\/p>\n<p>Novoli, 07 novembre 2017<\/p>\n<fb:like href='https:\/\/www.leccecronaca.it\/index.php\/2017\/12\/16\/novoli-si-prepara-al-grande-evento-di-gennaio-della-focara-la-festa-della-vite-domenica-17\/' send='true' layout='button_count' show_faces='true' width='450' height='65' action='recommend' colorscheme='light' font='lucida grande'><\/fb:like><span class=\"fb_share\"><fb:like href=\"https:\/\/www.leccecronaca.it\/index.php\/2017\/12\/16\/novoli-si-prepara-al-grande-evento-di-gennaio-della-focara-la-festa-della-vite-domenica-17\/\" layout=\"button_count\"><\/fb:like><\/span>","protected":false},"excerpt":{"rendered":"<p>(v.m.)______Una delle tradizioni pi\u00f9 significative, ricomincia gi\u00e0; uno degli appuntamenti pi\u00f9 attesi, di rilevanza oramai internazionale, del nostro Salento, gi\u00e0 si annuncia, un mese prima, e comunque alla vigilia dell&#8217; intero gennaio, &#8220;mese di fuoco&#8221;, con tante iniziative in programma, prima e dopo la &#8220;tre giorni&#8221; dal 16 al 18, con i festeggiamenti per il [&hellip;]<\/p>\n","protected":false},"author":4,"featured_media":130588,"comment_status":"open","ping_status":"closed","sticky":false,"template":"","format":"standard","meta":[],"categories":[1,69,31,75],"tags":[],"_links":{"self":[{"href":"https:\/\/www.leccecronaca.it\/index.php\/wp-json\/wp\/v2\/posts\/130586"}],"collection":[{"href":"https:\/\/www.leccecronaca.it\/index.php\/wp-json\/wp\/v2\/posts"}],"about":[{"href":"https:\/\/www.leccecronaca.it\/index.php\/wp-json\/wp\/v2\/types\/post"}],"author":[{"embeddable":true,"href":"https:\/\/www.leccecronaca.it\/index.php\/wp-json\/wp\/v2\/users\/4"}],"replies":[{"embeddable":true,"href":"https:\/\/www.leccecronaca.it\/index.php\/wp-json\/wp\/v2\/comments?post=130586"}],"version-history":[{"count":7,"href":"https:\/\/www.leccecronaca.it\/index.php\/wp-json\/wp\/v2\/posts\/130586\/revisions"}],"predecessor-version":[{"id":130596,"href":"https:\/\/www.leccecronaca.it\/index.php\/wp-json\/wp\/v2\/posts\/130586\/revisions\/130596"}],"wp:featuredmedia":[{"embeddable":true,"href":"https:\/\/www.leccecronaca.it\/index.php\/wp-json\/wp\/v2\/media\/130588"}],"wp:attachment":[{"href":"https:\/\/www.leccecronaca.it\/index.php\/wp-json\/wp\/v2\/media?parent=130586"}],"wp:term":[{"taxonomy":"category","embeddable":true,"href":"https:\/\/www.leccecronaca.it\/index.php\/wp-json\/wp\/v2\/categories?post=130586"},{"taxonomy":"post_tag","embeddable":true,"href":"https:\/\/www.leccecronaca.it\/index.php\/wp-json\/wp\/v2\/tags?post=130586"}],"curies":[{"name":"wp","href":"https:\/\/api.w.org\/{rel}","templated":true}]}}