{"id":130621,"date":"2017-12-17T11:25:36","date_gmt":"2017-12-17T10:25:36","guid":{"rendered":"http:\/\/www.leccecronaca.it\/?p=130621"},"modified":"2017-12-17T11:33:03","modified_gmt":"2017-12-17T10:33:03","slug":"note-darte-il-vernissage-della-nuova-mostra-di-vittorio-tapparini-la-terra-di-mezzo-abitata-da-sentimenti-rivelati-tra-dimensione-ludica-e-spensieratezza-del-quotidiano","status":"publish","type":"post","link":"https:\/\/www.leccecronaca.it\/index.php\/2017\/12\/17\/note-darte-il-vernissage-della-nuova-mostra-di-vittorio-tapparini-la-terra-di-mezzo-abitata-da-sentimenti-rivelati-tra-dimensione-ludica-e-spensieratezza-del-quotidiano\/","title":{"rendered":"NOTE D&#8217;ARTE \/ IL VERNISSAGE A LECCE DELLA NUOVA MOSTRA DI VITTORIO TAPPARINI. LA SUA &#8216;TERRA DI MEZZO&#8217; ABITATA DA SENTIMENTI RIVELATI DAL MAESTRO TRA DIMENSIONE LUDICA E SPENSIERATEZZA QUOTIDIANA"},"content":{"rendered":"<p><img decoding=\"async\" loading=\"lazy\" class=\"alignleft size-medium wp-image-130622\" src=\"https:\/\/www.leccecronaca.it\/wordpress\/wp-content\/uploads\/2017\/12\/tap-300x297.jpg\" alt=\"\" width=\"300\" height=\"297\" srcset=\"https:\/\/www.leccecronaca.it\/wordpress\/wp-content\/uploads\/2017\/12\/tap-300x297.jpg 300w, https:\/\/www.leccecronaca.it\/wordpress\/wp-content\/uploads\/2017\/12\/tap-150x150.jpg 150w, https:\/\/www.leccecronaca.it\/wordpress\/wp-content\/uploads\/2017\/12\/tap-768x760.jpg 768w, https:\/\/www.leccecronaca.it\/wordpress\/wp-content\/uploads\/2017\/12\/tap-60x60.jpg 60w, https:\/\/www.leccecronaca.it\/wordpress\/wp-content\/uploads\/2017\/12\/tap.jpg 840w\" sizes=\"(max-width: 300px) 100vw, 300px\" \/><\/p>\n<p>di <strong>Eliana Masulli______<\/strong><\/p>\n<p><strong>Vittorio Tapparini<\/strong>, figlio d&#8217; arte, 56 anni,\u00a0pittore e scultore leccese, protagonista di numerosissime esposizioni internazionali e premiato come Gran Maestro,\u00a0presenta una sua nuova personale di pittura, intitolata <strong>&#8216;La terra di mezzo&#8217;,<\/strong> inaugurata ieri sera, sabato 16 dicembre, a Lecce, alla Fondazione Palmieri di Vicolo dei Sotterranei, e che rimarr\u00e0 aperta fino al 7 gennaio, con orario 10.30-13.30\u00a0 e 16.30-21.00.<\/p>\n<p>&nbsp;<\/p>\n<p>&nbsp;<\/p>\n<p>&nbsp;<\/p>\n<p><img decoding=\"async\" loading=\"lazy\" class=\"alignleft size-medium wp-image-130623\" src=\"https:\/\/www.leccecronaca.it\/wordpress\/wp-content\/uploads\/2017\/12\/12647527_1059231967482782_6299051108926368882_n-300x300.jpg\" alt=\"\" width=\"300\" height=\"300\" srcset=\"https:\/\/www.leccecronaca.it\/wordpress\/wp-content\/uploads\/2017\/12\/12647527_1059231967482782_6299051108926368882_n-300x300.jpg 300w, https:\/\/www.leccecronaca.it\/wordpress\/wp-content\/uploads\/2017\/12\/12647527_1059231967482782_6299051108926368882_n-150x150.jpg 150w, https:\/\/www.leccecronaca.it\/wordpress\/wp-content\/uploads\/2017\/12\/12647527_1059231967482782_6299051108926368882_n-768x768.jpg 768w, https:\/\/www.leccecronaca.it\/wordpress\/wp-content\/uploads\/2017\/12\/12647527_1059231967482782_6299051108926368882_n-60x60.jpg 60w, https:\/\/www.leccecronaca.it\/wordpress\/wp-content\/uploads\/2017\/12\/12647527_1059231967482782_6299051108926368882_n.jpg 960w\" sizes=\"(max-width: 300px) 100vw, 300px\" \/><\/p>\n<p>&nbsp;<\/p>\n<p>&nbsp;<\/p>\n<p>&nbsp;<\/p>\n<p>&nbsp;<\/p>\n<p>&nbsp;<\/p>\n<p>&nbsp;<\/p>\n<p>&nbsp;<\/p>\n<p>&nbsp;<\/p>\n<p>&nbsp;<\/p>\n<p>&nbsp;<\/p>\n<p>La serata, introdotta dal fotografo Bruno Barillari e omaggiata dal Totem dei Pensieri di Ercole Pignatelli, ha visto la presenza della curatrice Claudia Presicce, che ha affermato che: <em>\u00abla terra di mezzo \u00e8 la terra del coraggio in cui conoscere la parte pi\u00f9 vera di noi sgangherata e imperfetta, ma libera\u00bb.<\/em><\/p>\n<p>Sentimenti e utopie, rivelate tra la dimensione del gioco e la spensieratezza di scene quotidiane animate da figure goffe di personaggi liberi da ogni tipo di condizionamento sociale; &#8216;La terra di mezzo&#8217; ritaglia la realt\u00e0 urbana, per riformulare la diffusissima necessit\u00e0 di comunit\u00e0 e di coppia, quale centrifugo moto antitetico alla chiusura dell\u2019IO entro individualismi e continue lotte per la sopravvivenza.<\/p>\n<p>Accenno di satira e garbata ironia, che secondo lo stesso Pignatelli fungono da <em>\u00abpreludio ad una nuova sinfonia fatta con gli strumenti della pittura, che non arriveranno mai al dramma, con un giocoliere n\u00e9 divertito n\u00e9 impietoso che vive nei panni di un artista\u00bb.<\/em><\/p>\n<p>Lo stesso Tapparini, durante un\u2019intervista, risponde: <em>\u00aba volte cercare lontano non serve se le cose le hai gi\u00e0 dentro di te\u00bb<\/em>, continuando ad affermare, a proposito della triade simbolo-colore-figura<em> \u00abcredo che sia tempo di una stagione nuova, in cui le arti in generale siano chiamate a riformulare un nuovo Rinascimento\u00bb.<\/em><\/p>\n<p>Un messaggio forte, quello di Tapparini, che ancora una volta decide di diffondere mediante lo strumento dell\u2019arte, quasi a voler stimolare una nuova epoca artistica, secondo il principio di una libert\u00e0 come possibilit\u00e0 d\u2019essere e non come un obbligo, per dirla alla Magritte.<\/p>\n<p>Ancora una volta Tapparini non poteva che rendere visibile il pensiero, mediante pennellate di colore in grado di ribaltare il piano di un\u2019osservazione miope su ci\u00f2 che spesso, erroneamente, si d\u00e0 per scontato.<\/p>\n<p>&nbsp;<\/p>\n<fb:like href='https:\/\/www.leccecronaca.it\/index.php\/2017\/12\/17\/note-darte-il-vernissage-della-nuova-mostra-di-vittorio-tapparini-la-terra-di-mezzo-abitata-da-sentimenti-rivelati-tra-dimensione-ludica-e-spensieratezza-del-quotidiano\/' send='true' layout='button_count' show_faces='true' width='450' height='65' action='recommend' colorscheme='light' font='lucida grande'><\/fb:like><span class=\"fb_share\"><fb:like href=\"https:\/\/www.leccecronaca.it\/index.php\/2017\/12\/17\/note-darte-il-vernissage-della-nuova-mostra-di-vittorio-tapparini-la-terra-di-mezzo-abitata-da-sentimenti-rivelati-tra-dimensione-ludica-e-spensieratezza-del-quotidiano\/\" layout=\"button_count\"><\/fb:like><\/span>","protected":false},"excerpt":{"rendered":"<p>di Eliana Masulli______ Vittorio Tapparini, figlio d&#8217; arte, 56 anni,\u00a0pittore e scultore leccese, protagonista di numerosissime esposizioni internazionali e premiato come Gran Maestro,\u00a0presenta una sua nuova personale di pittura, intitolata &#8216;La terra di mezzo&#8217;, inaugurata ieri sera, sabato 16 dicembre, a Lecce, alla Fondazione Palmieri di Vicolo dei Sotterranei, e che rimarr\u00e0 aperta fino al [&hellip;]<\/p>\n","protected":false},"author":4,"featured_media":130622,"comment_status":"open","ping_status":"closed","sticky":false,"template":"","format":"standard","meta":[],"categories":[1,31,75],"tags":[],"_links":{"self":[{"href":"https:\/\/www.leccecronaca.it\/index.php\/wp-json\/wp\/v2\/posts\/130621"}],"collection":[{"href":"https:\/\/www.leccecronaca.it\/index.php\/wp-json\/wp\/v2\/posts"}],"about":[{"href":"https:\/\/www.leccecronaca.it\/index.php\/wp-json\/wp\/v2\/types\/post"}],"author":[{"embeddable":true,"href":"https:\/\/www.leccecronaca.it\/index.php\/wp-json\/wp\/v2\/users\/4"}],"replies":[{"embeddable":true,"href":"https:\/\/www.leccecronaca.it\/index.php\/wp-json\/wp\/v2\/comments?post=130621"}],"version-history":[{"count":7,"href":"https:\/\/www.leccecronaca.it\/index.php\/wp-json\/wp\/v2\/posts\/130621\/revisions"}],"predecessor-version":[{"id":130630,"href":"https:\/\/www.leccecronaca.it\/index.php\/wp-json\/wp\/v2\/posts\/130621\/revisions\/130630"}],"wp:featuredmedia":[{"embeddable":true,"href":"https:\/\/www.leccecronaca.it\/index.php\/wp-json\/wp\/v2\/media\/130622"}],"wp:attachment":[{"href":"https:\/\/www.leccecronaca.it\/index.php\/wp-json\/wp\/v2\/media?parent=130621"}],"wp:term":[{"taxonomy":"category","embeddable":true,"href":"https:\/\/www.leccecronaca.it\/index.php\/wp-json\/wp\/v2\/categories?post=130621"},{"taxonomy":"post_tag","embeddable":true,"href":"https:\/\/www.leccecronaca.it\/index.php\/wp-json\/wp\/v2\/tags?post=130621"}],"curies":[{"name":"wp","href":"https:\/\/api.w.org\/{rel}","templated":true}]}}