{"id":130737,"date":"2017-12-20T17:59:27","date_gmt":"2017-12-20T16:59:27","guid":{"rendered":"http:\/\/www.leccecronaca.it\/?p=130737"},"modified":"2017-12-20T19:16:12","modified_gmt":"2017-12-20T18:16:12","slug":"comunisti-con-il-rolex-di-rifondazione-prada-di-tutto-il-mondo-unitevi-fra-personale-e-politico-nella-canzone-sconosciuti-da-una-vitaj-ax-e-fedez-rendono-in-maniera-impareggiabile-uno-s","status":"publish","type":"post","link":"https:\/\/www.leccecronaca.it\/index.php\/2017\/12\/20\/comunisti-con-il-rolex-di-rifondazione-prada-di-tutto-il-mondo-unitevi-fra-personale-e-politico-nella-canzone-sconosciuti-da-una-vitaj-ax-e-fedez-rendono-in-maniera-impareggiabile-uno-s\/","title":{"rendered":"COMUNISTI CON IL ROLEX DI RIFONDAZIONE PRADA DI TUTTO IL MONDO, UNITEVI! FRA &#8216;PERSONALE&#8217; E &#8216;POLITICO&#8217; NELLA CANZONE &#8220;Sconosciuti da una vita&#8221; J-AX E FEDEZ  RENDONO IN MANIERA IMPAREGGIABILE UNO SPACCATO SIGNIFICATIVO DELLA REALTA&#8217; ITALIANA CONTEMPORANEA"},"content":{"rendered":"<p><img decoding=\"async\" loading=\"lazy\" class=\"alignleft size-medium wp-image-130738\" src=\"https:\/\/www.leccecronaca.it\/wordpress\/wp-content\/uploads\/2017\/12\/si-300x169.jpg\" alt=\"\" width=\"300\" height=\"169\" srcset=\"https:\/\/www.leccecronaca.it\/wordpress\/wp-content\/uploads\/2017\/12\/si-300x169.jpg 300w, https:\/\/www.leccecronaca.it\/wordpress\/wp-content\/uploads\/2017\/12\/si-1024x576.jpg 1024w, https:\/\/www.leccecronaca.it\/wordpress\/wp-content\/uploads\/2017\/12\/si-768x432.jpg 768w, https:\/\/www.leccecronaca.it\/wordpress\/wp-content\/uploads\/2017\/12\/si.jpg 1280w\" sizes=\"(max-width: 300px) 100vw, 300px\" \/>di <strong>Giuseppe Puppo______<\/strong><\/p>\n<p>S\u00ec, le canzoni son come fiori, preziosi, che spuntano da soli, insieme alle parole, e illuminano, a volte, la realt\u00e0.<\/p>\n<p>A volte, addirittura sono uno specchio dei tempi, dell\u2019 attualit\u00e0 che ci circonda, delle modificazioni epocali sopravvenute nel quotidiano, cariche di significati e di significanti, fra le pagine chiare e le pagine scure.<\/p>\n<p>In casi rari, pure come e meglio dei trattati degli intellettuali, i saggi dei filosofi.<\/p>\n<p>Peccato che il mio amico Annibale Galliani, anch&#8217; egli, da buon studioso di Pier Paolo Pasolini, convinto che <em>&#8220;la musica leggera pesa come un pachiderma&#8221;,<\/em> abbia gi\u00e0 fatto la tesi di laurea, se no gli avrei suggerito di cambiare tema.<\/p>\n<p>Ci scriver\u00e0 su, sull&#8217; amore fra un uomo e una donna fatti per non capirsi, una delle sue impareggiabili LECCECRONACHE\u00a0 Raffaele Polo?<\/p>\n<p>E il critico musicale di <strong>leccecronaca.it<\/strong> Roberto Molle mi scuser\u00e0 se nell&#8217; occasione gli tolgo la materia.<\/p>\n<p>Come pure, vorrei tanto sentire che ne pensa Nandu Popu, di questo guazzabuglio pressoch\u00e9 inestricabile fra pubblico e privato, interpretato\u00a0 e musicato con le note della contemporaneit\u00e0, lui che di canzoni d&#8217; amore ha scritto poco e punto, perch\u00e9 pensa che la musica debba trattare prevalentemente di temi sociali, e come la bambina dell&#8217; inizio del video in questione vuole <em>&#8220;un pezzo che fa salire ai profondi significati sociali, senza ritornelli radiofonici che possano distrarre&#8221;.<\/em><\/p>\n<p>Poi, che cosa ne pensa la mia amica giovanissima poetessa Chiara Evangelista, la quale al suo bellissimo esordio della raccolta &#8220;In medias res&#8221; ha fatto poesia con i ritmi hip-hop\/rap&#8230;.E che poeticamente invidier\u00e0 una strofa come<\/p>\n<p>&#8220;<em>Questo \u00e8 vuoto dentro, ma \u00e8 pieno di s\u00e9\u00a0<\/em><br \/>\n<em>Tutto il giorno non fa niente, sta a letto con l\u2019influencer&#8221;.<\/em><\/p>\n<p>Intanto, vi dir\u00f2 che ne penso io.<\/p>\n<p>Io&#8230;Erano anni che non sentivo (leggevo) una cosa cos\u00ec profonda, significante e significato, in quello che un tempo era una dimensione unica, &#8220;il personale \u00e8 politico&#8221;, proiettato dagli anni Settanta all&#8217; attualit\u00e0 contemporanea.<\/p>\n<p>J- AX e Fedez fanno <strong>frammenti di un discorso amoroso<\/strong> alla\u00a0 Roland Barthes attualizzato ai giorni nostri, e cos\u00ec facendo afferrano e fissano la <strong>societ\u00e0 liquida<\/strong> preconizzata da\u00a0Zygmunt Bauman della decomposizione dei rapporti personali e politici, in cui \u00e8 <em>&#8220;tutto per finta come il wrestling&#8221;.\u00a0<\/em><\/p>\n<p>Questi &#8220;sconosciuti da una vita&#8221;, poi, che non riescono pi\u00f9 ad amare davvero, ma credono di amare, in un&#8217; idea falsata dell&#8217; amore alla &#8216;Uomini e donne&#8217;, ammalati di protagonismo come piccoli grandi fratelli e sorelle, rincoglioniti dalla corsa ai followers di Twitter e Instangram elevati a sistema di affermazione, e dai like e dai cuoricini di Facebook.<\/p>\n<p>Questi &#8220;comunisti con il Rolex di Rifondazione Prada&#8221;, poi, che sono l&#8217; evoluzione della specie delle scarpe artigianali di Massimo D&#8217; Alema, e dei maglioni di cashmere di Fausto Bertinotti.<\/p>\n<p>E con un pizzico di compunto sarcasmo, emblematico della confusione imperante, con il video che inizia con i due protagonisti, incredibili &#8220;come cazzo sono vestiti&#8221;, interpellati come &#8216;mamma! pap\u00e0&#8217; !!!<\/p>\n<p>Una bomba intellettuale, prima che musicale, che esplode dirompente, sull&#8217;ambaradan che i veri nuovi padroni del mondo hanno messo su, per farci credere di essere protagonisti, anzich\u00e9 schiavi, quali in realt\u00e0 siamo tutti quanti nel frattempo diventati.<\/p>\n<p>&nbsp;<\/p>\n<p>&nbsp;<\/p>\n<fb:like href='https:\/\/www.leccecronaca.it\/index.php\/2017\/12\/20\/comunisti-con-il-rolex-di-rifondazione-prada-di-tutto-il-mondo-unitevi-fra-personale-e-politico-nella-canzone-sconosciuti-da-una-vitaj-ax-e-fedez-rendono-in-maniera-impareggiabile-uno-s\/' send='true' layout='button_count' show_faces='true' width='450' height='65' action='recommend' colorscheme='light' font='lucida grande'><\/fb:like><span class=\"fb_share\"><fb:like href=\"https:\/\/www.leccecronaca.it\/index.php\/2017\/12\/20\/comunisti-con-il-rolex-di-rifondazione-prada-di-tutto-il-mondo-unitevi-fra-personale-e-politico-nella-canzone-sconosciuti-da-una-vitaj-ax-e-fedez-rendono-in-maniera-impareggiabile-uno-s\/\" layout=\"button_count\"><\/fb:like><\/span>","protected":false},"excerpt":{"rendered":"<p>di Giuseppe Puppo______ S\u00ec, le canzoni son come fiori, preziosi, che spuntano da soli, insieme alle parole, e illuminano, a volte, la realt\u00e0. A volte, addirittura sono uno specchio dei tempi, dell\u2019 attualit\u00e0 che ci circonda, delle modificazioni epocali sopravvenute nel quotidiano, cariche di significati e di significanti, fra le pagine chiare e le pagine [&hellip;]<\/p>\n","protected":false},"author":4,"featured_media":130738,"comment_status":"open","ping_status":"closed","sticky":false,"template":"","format":"standard","meta":[],"categories":[1,69,31,75,76],"tags":[],"_links":{"self":[{"href":"https:\/\/www.leccecronaca.it\/index.php\/wp-json\/wp\/v2\/posts\/130737"}],"collection":[{"href":"https:\/\/www.leccecronaca.it\/index.php\/wp-json\/wp\/v2\/posts"}],"about":[{"href":"https:\/\/www.leccecronaca.it\/index.php\/wp-json\/wp\/v2\/types\/post"}],"author":[{"embeddable":true,"href":"https:\/\/www.leccecronaca.it\/index.php\/wp-json\/wp\/v2\/users\/4"}],"replies":[{"embeddable":true,"href":"https:\/\/www.leccecronaca.it\/index.php\/wp-json\/wp\/v2\/comments?post=130737"}],"version-history":[{"count":5,"href":"https:\/\/www.leccecronaca.it\/index.php\/wp-json\/wp\/v2\/posts\/130737\/revisions"}],"predecessor-version":[{"id":130746,"href":"https:\/\/www.leccecronaca.it\/index.php\/wp-json\/wp\/v2\/posts\/130737\/revisions\/130746"}],"wp:featuredmedia":[{"embeddable":true,"href":"https:\/\/www.leccecronaca.it\/index.php\/wp-json\/wp\/v2\/media\/130738"}],"wp:attachment":[{"href":"https:\/\/www.leccecronaca.it\/index.php\/wp-json\/wp\/v2\/media?parent=130737"}],"wp:term":[{"taxonomy":"category","embeddable":true,"href":"https:\/\/www.leccecronaca.it\/index.php\/wp-json\/wp\/v2\/categories?post=130737"},{"taxonomy":"post_tag","embeddable":true,"href":"https:\/\/www.leccecronaca.it\/index.php\/wp-json\/wp\/v2\/tags?post=130737"}],"curies":[{"name":"wp","href":"https:\/\/api.w.org\/{rel}","templated":true}]}}