{"id":130769,"date":"2017-12-21T17:23:18","date_gmt":"2017-12-21T16:23:18","guid":{"rendered":"http:\/\/www.leccecronaca.it\/?p=130769"},"modified":"2017-12-21T17:42:11","modified_gmt":"2017-12-21T16:42:11","slug":"un-filosofo-ed-un-cantante-a-confronto-con-i-giovani-a-taurisano-ieri-sera-una-bella-iniziativa-all-insegna-della-valorizzazione-del-territorio-e-prima-l-inedito-duo-si-racconta-a-leccecronaca","status":"publish","type":"post","link":"https:\/\/www.leccecronaca.it\/index.php\/2017\/12\/21\/un-filosofo-ed-un-cantante-a-confronto-con-i-giovani-a-taurisano-ieri-sera-una-bella-iniziativa-all-insegna-della-valorizzazione-del-territorio-e-prima-l-inedito-duo-si-racconta-a-leccecronaca\/","title":{"rendered":"UN FILOSOFO ED UN CANTANTE A UGENTO IERI SERA A CONFRONTO PER LA VALORIZZAZIONE DEL TERRITORIO. E PRIMA L&#8217; INEDITO DUO  SI RACCONTA A leccecronaca.it  NANDU POPU, &#8216;QUANDO I SSS DISSERO NO A MILANO E A CATERINA CASELLI&#8217;. MARIO CARPARELLI, &#8216;DOVREMMO INTITOLARE L&#8217; UNIVERSITA&#8217; A GIULIO CESARE VANINI&#8217;"},"content":{"rendered":"<p><img decoding=\"async\" loading=\"lazy\" class=\"alignleft size-medium wp-image-130770\" src=\"https:\/\/www.leccecronaca.it\/wordpress\/wp-content\/uploads\/2017\/12\/Nandu-Popu-e-Mario-Carparelli-2-300x225.jpg\" alt=\"\" width=\"300\" height=\"225\" srcset=\"https:\/\/www.leccecronaca.it\/wordpress\/wp-content\/uploads\/2017\/12\/Nandu-Popu-e-Mario-Carparelli-2-300x225.jpg 300w, https:\/\/www.leccecronaca.it\/wordpress\/wp-content\/uploads\/2017\/12\/Nandu-Popu-e-Mario-Carparelli-2-768x576.jpg 768w, https:\/\/www.leccecronaca.it\/wordpress\/wp-content\/uploads\/2017\/12\/Nandu-Popu-e-Mario-Carparelli-2-400x300.jpg 400w, https:\/\/www.leccecronaca.it\/wordpress\/wp-content\/uploads\/2017\/12\/Nandu-Popu-e-Mario-Carparelli-2.jpg 1024w\" sizes=\"(max-width: 300px) 100vw, 300px\" \/>di <strong>Roberto Molle______<\/strong><\/p>\n<p>Tutto si \u00e8 svolto in una giornata fredda, preludio ad un inizio inverno che poco ha potuto, di fronte ad un calore di intenti e di emozioni che si sono susseguite nell\u2019 arco del primo pomeriggio di ieri 20 dicembre fino a notte inoltrata.<\/p>\n<p>L\u2019occasione \u00e8 stata la prima uscita ufficiale della consulta giovanile della citt\u00e0 di Ugento; un confronto dibattito che prendeva il nome di <em>\u201cSalento fuoco e fumo: da Vanini all\u2019Ilva\u201d<\/em>.<\/p>\n<p>I ragazzi hanno dato prova di capacit\u00e0 organizzativa e di scelta ponderata degli ospiti invitati a confrontarsi con le loro iniziative. Dopo che, nel pomeriggio, in piazza San Vincenzo alle 18.00, si \u00e8 tenuto uno spettacolo di danza e teatro a cura della scuola di danza \u201cKoin\u00e8\u201d e della scuola elementare \u201cAldo Moro\u201d, tutto si \u00e8 spostato nell\u2019ambito museale, dove i ragazzi e il pubblico sono stati accolti dal filosofo Mario Carparelli, studioso di Giulio Cesare Vanini,\u00a0 e dal cantante dei Sud Sound System Nandu Popu (nella foto).<\/p>\n<p>Teatro di accoglienza \u00e8 stato un museo nel museo: lo splendido chiostro riscaldato, situato al centro dell\u2019ex convento di Santa Maria della Piet\u00e0 dei frati osservanti, risalente al 1430.<\/p>\n<p>Cos\u00ec, immersi tra affreschi del Cinquecento, teche con reperti dell\u2019et\u00e0 del bronzo, e ad un passo dalla stupenda \u201ctomba dell\u2019atleta\u201d, si sono aperti i lavori con l\u2019intervento dell&#8217; assessore alle politiche giovanili Graziano Greco, che ha illustrato alcuni punti del progetto consulta giovani e ha poi presentato i due ospiti speciali.<\/p>\n<p>Prima dell\u2019inizio, siamo riusciti ad intervistare Nandu Popu e Mario Carparelli che si sono prestati volentieri a rispondere ad alcune domande che abbiamo posto loro.<\/p>\n<p>Quello che segue \u00e8 il resoconto dell\u2019intervista______<\/p>\n<p>Domanda &#8211; Che ci fanno un filoso e un cantante insieme? Su che temi possono confrontarsi?<\/p>\n<p><strong>Nandu Popu:<\/strong> <em>Ci sono altri precedenti, non \u00e8 la prima volta che insieme a Mario ci confrontiamo in pubblico. Comunque, galeotto fu il fuoco: il fuoco di Vanini di cui Mario Carparelli \u00e8 un ottimo conoscitore, il fuoco di \u201cSalento fuoco e fumo\u201d <\/em>(il libro dello stesso Nandu Popu pubblicato nel 2012 n.d.r.)<em>, il fuoco dei Sud Sound System e il fuoco del Salento\u2026Una terra votata al fuoco.<\/em><\/p>\n<p><strong>Mario Carparelli:<\/strong>\u00a0<em>Vorrei aggiungere che, occupandomi io di un intellettuale coerente e coraggioso, non potevo non avere ammirazione per Nandu, che oltre all\u2019artista che tutti conoscono, \u00e8 un intellettuale \u201ccoerente e coraggioso\u201d con una forte responsabilit\u00e0 sociale, cosa che aveva anche Vanini; che non aveva anche, nessuna intenzione di scendere a compromessi. Come dicevo prima: era un filosofo che poteva vivere allegramente da filosofo, provenendo da una famiglia ricchissima, era tra l\u2019altro un bellissimo ragazzo, ma \u00e8 morto a 34 anni. Scegliendo di morire come \u00e8 morto, alla continua ricerca della verit\u00e0. Quello che oggi noi chiamiamo laicit\u00e0, tolleranza, democrazia, sono valori il cui seme \u00e8 stato gettato da personaggi come Vanini in quell\u2019 epoca storica, quattrocento anni fa. Purtroppo quei valori sono continuamente sotto attacco, e Nandu, con il suo impegno sta continuando l\u2019opera di Vanini.<\/em>______<\/p>\n<p>Domanda (a Nandu) &#8211; Personalmente, sono stato un fan della prima ora dei Sud Sound System, rimasi molto colpito del solco che stavate tracciando con la rivoluzionaria introduzione del dialetto nella canzone e l\u2019innovativa soluzione musical-stilistica che risponde all\u2019appellativo di raggamuffin, facendo allo stesso tempo, un\u2019operazione culturale e sociale trattando temi importanti come l\u2019ambiente, l\u2019inquinamento, la migrazione e la difesa del territorio; tutti temi che potevano essere cari a molti altri artisti e intellettuali salentini, ma che mai, prima, erano stati affrontati con tale determinazione e capacit\u00e0 di diffusione attraverso la musica. Poi, ad un certo punto, persa un po\u2019 la spinta propulsiva dell\u2019originalit\u00e0 iniziale della proposta musicale vi ho persi di vista; come tutti gli artisti, credo abbiate avuto delle fasi in cui sar\u00e0 prevalso anche il fatto di dover scendere sul terreno di impegni contrattuali con i promoters e esigenze di spettacolo\u2026. Insomma, ad un certo punto fare musica diventa un lavoro, e creativit\u00e0 deve confrontarsi con produttivit\u00e0, com\u2019\u00e8 stato?<\/p>\n<p><strong>Nandu Popu:<\/strong> <em>Doveva diventare un lavoro! Siamo partiti giocando, che non significa che non facevamo sul serio, anzi, facevamo sul serio perch\u00e9 non avevamo nessuna paura di essere mandati a quel paese da qualche etichetta discografica. Devo dire per\u00f2 che a volte rimpiangiamo, ad esempio il fatto di aver detto di no a Caterina Caselli (ex cantante, produttrice discografica n.d.r.) nel 1993. Sono comunque scelte fatte con coscienza, non volevamo andare via dal Salento quando tutti ci dicevano: dovete andare a Milano perch\u00e9 l\u2019industria discografica \u00e8 l\u00ec; ed \u00e8 vero perch\u00e9 ogni volta che andiamo a Milano in una giornata facciamo un sacco di interviste, tra radio e testate giornalistiche. Ma restando qui ci siamo presi la responsabilit\u00e0 innanzitutto di continuare a cantare in dialetto; penso che la lingua per la musica rappresenti l\u2019ottava nota, e la prova ne \u00e8 il fatto che tra tutti gli italiani che ascoltano canzoni in inglese, in pochi credo, capiscano quale sia il significato delle parole. Le sillabe sono note musicali a tutti gli effetti.<\/em><\/p>\n<p><strong>Mario Carparelli:<\/strong>\u00a0<em>Vorrei aggiungere una cosa, un ulteriore elemento di richiamo. Io qui faccio il legale rappresentante di Giulio Cesare Vanini, per\u00f2 un\u2019altra cosa interessante \u00e8 questa: Vanini ha avuto un fortissimo rapporto con la sua terra, ma non \u00e8 stato mai un provinciale, cio\u00e8 ha ragionato \u2013 per dirla con Bodini \u2013 con i piedi nel Salento e la testa in Europa. Tant\u2019\u00e8 che \u00e8 stato colui che ha portato il meglio della filosofia italiana del rinascimento in Francia, creando di fatto una nuova filosofia. Il suo amore per il territorio non \u00e8 mai diventato provincialismo, male ahim\u00e8 molto diffuso.______<\/em><\/p>\n<p>Domanda &#8211; Cosa pensate dell\u2019esplosione mediatica del Salento? Del \u201cbrand Salento\u201d e del derivante prorompente flusso turistico di questi ultimi anni?<\/p>\n<p><strong>Nandu Popu:<\/strong> <em>Il Salento da \u201cnon luogo\u201d \u00e8 diventato \u201cun luogo\u201d, in pratica \u201cnon eravamo\u201d, oggi un po\u2019 \u201csiamo\u201d, per\u00f2 bisogna stare attenti a non diventare un luogo comune. Purtroppo, il rischio concreto c\u2019\u00e8, perch\u00e9 la contraddizione di una bella terra che deve fare i conti con l\u2019Ilva e mille altre fonti di inquinamento \u00e8 sotto gli occhi di tutti. Noi abbiamo vinto una battaglia, ma la guerra la stiamo perdendo; perch\u00e9, nel momento in cui le neoplasie e le malattie stanno vincendo, dobbiamo rialzare la testa.<\/em><\/p>\n<p><strong>Mario Carparelli:<\/strong>\u00a0<em>Tra l\u2019altro, un errore gravissimo da non fare che viene male interpretato \u00e8 quello di nascondere la polvere sotto il tappeto. Ricordo che quando usc\u00ec la canzone di Caparezza sulla Puglia, ci fu un assessore al marketing che disse: \u201cMa come? Cos\u00ec si fa del male alla Puglia!\u201d&#8230;Come se Dante avesse parlato bene di Firenze!_____<\/em><\/p>\n<p>Domanda &#8211; Non avete l\u2019impressione che del Salento stia passando una falsa immagine? Come dire \u00e8 importante avere un turismo di massa a tutti i costi?<\/p>\n<p><strong>Nandu Popu:<\/strong><em> Il problema del Salento e del Sud \u2013 e per me \u00e8 un mantra &#8211; \u00e8 che i loro peggiori nemici sono i politici del Sud. A loro fa comodo appartenere ad una terra ricca, per\u00f2 si dimenticano che a pagare le tasse sono le persone che la mattina si svegliano e vanno a lavorare e fanno sacrifici. Persone che si sono stancate di emigrare perch\u00e9 hanno necessit\u00e0 di credere nella propria terra e nelle loro risorse. Ed \u00e8 importante che questa bellezza del territorio salentino \u00e8 cos\u00ec tangibile che viene naturale voler investire in esso. Tra le cose pi\u00f9 interessanti prodotte in questi anni c\u2019\u00e8 l\u2019enogastronomia, che ha rappresentato un volano importante anche per il turismo. I politici dovrebbero impegnarsi di pi\u00f9 a creare infrastrutture, perch\u00e9 creando infrastrutture, tu crei libert\u00e0.<\/em><\/p>\n<p><strong>Mario Carparelli<\/strong>: <em>&#8230;Poi, un discrimine \u00e8 quello di distinguere tra chi vuole investire da chi vuole speculare. Noi Salentini dovremmo essere un po\u2019 pi\u00f9 innamorati della nostra terra, ma sul serio; perch\u00e9 a parole siamo tutti innamorati del Salento, poi per\u00f2\u2026Non \u00e8 cos\u00ec. Io vedo nel mio settore, il Salento ha tanti personaggi \u2013 oltre a Vanini \u2013 tra il Quattrocento e il Cinquecento, tutti di caratura internazionale, di altissimo livello che andrebbero valorizzati&#8230;Il che non significa solo fare una targa alla memoria, ma cercare di editare le loro opere, portarli nelle scuole, presentarli pubblicamente. Da Matteo Tafuri, a Storella, a Scarpa, a Galateo, sono tutti nomi illustri che se fossero valorizzati, darebbero pi\u00f9 valore alla propria terra. <\/em><\/p>\n<p><em>Mi hanno detto: \u201cSai qual \u00e8 il problema di Vanini? Che \u00e8 troppo radicale, troppo estremo\u201d. Io ho risposto: \u201cAh si! e Leopardi? Voi pensate che qualcuno a Recanati metta in discussione Leopardi? Leopardi \u00e8 molto pi\u00f9 estremo di Vanini, ma nessuno si sognerebbe mai dire no all\u2019intitolazione di una cattedra a Leopardi; al contrario, l\u2019intitolazione di una universit\u00e0 non pu\u00f2 essere fatta a Vanini, perch\u00e9 era un ateo e un bestemmiatore.<\/em>______<\/p>\n<p>Domanda &#8211; Visto che tutto \u00e8 pronto per il dibattito, un\u2019ultima domanda a te Nandu. Negli ultimi tempi si sono viste tue interessanti incursioni nei dischi di altri artisti, tra cui quelli di Mino De Santis e Crifi\u00f9: \u00e8 il segnale questo di qualche nuovo percorso che si inizia a delineare? Sarebbe abbastanza normale dopo tanti anni in un gruppo l\u2019esigenza di esplorare nuovi territori, perch\u00e9 no, da solista.<\/p>\n<p><strong>Nandu Popu:<\/strong>\u00a0No, no, significa ogni tanto rigenerarsi e sperimentare; anche gli altri componenti dei Sud lo fanno. Significa anche andare in giro, fare nuove esperienze, poi tornare in studio e mettere tutto insieme. Abbiamo il disco uscito l\u2019anno scorso da cui continuiamo a estrarre singoli e fare nuovi video, poi la tourn\u00e9e.______<\/p>\n<p>In sala, l&#8217; intervento, e il confronto da parte di Mario Carparelli, poi un Nandu Popu travolgente, che, di fronte ad una platea composta per massima parte da ragazzi, in un intervento fiume ha affrontato tantissimi temi tenendo alto l\u2019interesse di tutti i presenti. Dall\u2019ambiente alla fine dell\u2019era industriale, dalla necessit\u00e0 di fare della stagionalizzazione una virt\u00f9, alla consapevolezza di appartenenza ad un territorio vocato ad un turismo intelligente, fino all\u2019autodeterminazione consapevole.<\/p>\n<p>A finire, Nandu Popu ha fatto da testimonial alla consegna della \u201ccarta giovani\u201d a molti dei ragazzi presenti.<\/p>\n<p>&nbsp;<\/p>\n<p>&nbsp;<\/p>\n<p>&nbsp;<\/p>\n<p>Roberto Molle<\/p>\n<fb:like href='https:\/\/www.leccecronaca.it\/index.php\/2017\/12\/21\/un-filosofo-ed-un-cantante-a-confronto-con-i-giovani-a-taurisano-ieri-sera-una-bella-iniziativa-all-insegna-della-valorizzazione-del-territorio-e-prima-l-inedito-duo-si-racconta-a-leccecronaca\/' send='true' layout='button_count' show_faces='true' width='450' height='65' action='recommend' colorscheme='light' font='lucida grande'><\/fb:like><span class=\"fb_share\"><fb:like href=\"https:\/\/www.leccecronaca.it\/index.php\/2017\/12\/21\/un-filosofo-ed-un-cantante-a-confronto-con-i-giovani-a-taurisano-ieri-sera-una-bella-iniziativa-all-insegna-della-valorizzazione-del-territorio-e-prima-l-inedito-duo-si-racconta-a-leccecronaca\/\" layout=\"button_count\"><\/fb:like><\/span>","protected":false},"excerpt":{"rendered":"<p>di Roberto Molle______ Tutto si \u00e8 svolto in una giornata fredda, preludio ad un inizio inverno che poco ha potuto, di fronte ad un calore di intenti e di emozioni che si sono susseguite nell\u2019 arco del primo pomeriggio di ieri 20 dicembre fino a notte inoltrata. L\u2019occasione \u00e8 stata la prima uscita ufficiale della [&hellip;]<\/p>\n","protected":false},"author":4,"featured_media":130770,"comment_status":"open","ping_status":"closed","sticky":false,"template":"","format":"standard","meta":[],"categories":[1,69,31,75],"tags":[],"_links":{"self":[{"href":"https:\/\/www.leccecronaca.it\/index.php\/wp-json\/wp\/v2\/posts\/130769"}],"collection":[{"href":"https:\/\/www.leccecronaca.it\/index.php\/wp-json\/wp\/v2\/posts"}],"about":[{"href":"https:\/\/www.leccecronaca.it\/index.php\/wp-json\/wp\/v2\/types\/post"}],"author":[{"embeddable":true,"href":"https:\/\/www.leccecronaca.it\/index.php\/wp-json\/wp\/v2\/users\/4"}],"replies":[{"embeddable":true,"href":"https:\/\/www.leccecronaca.it\/index.php\/wp-json\/wp\/v2\/comments?post=130769"}],"version-history":[{"count":6,"href":"https:\/\/www.leccecronaca.it\/index.php\/wp-json\/wp\/v2\/posts\/130769\/revisions"}],"predecessor-version":[{"id":130776,"href":"https:\/\/www.leccecronaca.it\/index.php\/wp-json\/wp\/v2\/posts\/130769\/revisions\/130776"}],"wp:featuredmedia":[{"embeddable":true,"href":"https:\/\/www.leccecronaca.it\/index.php\/wp-json\/wp\/v2\/media\/130770"}],"wp:attachment":[{"href":"https:\/\/www.leccecronaca.it\/index.php\/wp-json\/wp\/v2\/media?parent=130769"}],"wp:term":[{"taxonomy":"category","embeddable":true,"href":"https:\/\/www.leccecronaca.it\/index.php\/wp-json\/wp\/v2\/categories?post=130769"},{"taxonomy":"post_tag","embeddable":true,"href":"https:\/\/www.leccecronaca.it\/index.php\/wp-json\/wp\/v2\/tags?post=130769"}],"curies":[{"name":"wp","href":"https:\/\/api.w.org\/{rel}","templated":true}]}}