{"id":130842,"date":"2017-12-23T15:04:50","date_gmt":"2017-12-23T14:04:50","guid":{"rendered":"http:\/\/www.leccecronaca.it\/?p=130842"},"modified":"2017-12-23T15:06:43","modified_gmt":"2017-12-23T14:06:43","slug":"muore-ciclista-investito-da-un-suv-vicino-leverano","status":"publish","type":"post","link":"https:\/\/www.leccecronaca.it\/index.php\/2017\/12\/23\/muore-ciclista-investito-da-un-suv-vicino-leverano\/","title":{"rendered":"MUORE CICLISTA INVESTITO DA UN SUV VICINO LEVERANO"},"content":{"rendered":"<p><img decoding=\"async\" loading=\"lazy\" class=\"alignleft size-medium wp-image-130843\" src=\"https:\/\/www.leccecronaca.it\/wordpress\/wp-content\/uploads\/2017\/12\/images_Cronaca_2015_ambulanza_118_notte-3-300x183.jpg\" alt=\"\" width=\"300\" height=\"183\" srcset=\"https:\/\/www.leccecronaca.it\/wordpress\/wp-content\/uploads\/2017\/12\/images_Cronaca_2015_ambulanza_118_notte-3-300x183.jpg 300w, https:\/\/www.leccecronaca.it\/wordpress\/wp-content\/uploads\/2017\/12\/images_Cronaca_2015_ambulanza_118_notte-3-768x470.jpg 768w, https:\/\/www.leccecronaca.it\/wordpress\/wp-content\/uploads\/2017\/12\/images_Cronaca_2015_ambulanza_118_notte-3.jpg 960w\" sizes=\"(max-width: 300px) 100vw, 300px\" \/>(e.l.)______Tragico incidente stradale nel tardo pomeriggio di ieri. Un morto, non ancora identificato. E&#8217; un ciclista, travolto da una Kia Sportage sulla strada provinciale che porta da\u00a0Leverano a Nard\u00f2, vicino la rotatoria da dove si pu\u00f2 prendere la via per Copertino.<\/p>\n<p>E&#8217; stato sbalzato di sella, e l&#8217; impatto al suolo gli \u00e8 stato fatale.<\/p>\n<p>Inutili i tentativi dei sanitari del 118 di rianimarlo.<\/p>\n<p><em>&#8220;Non l&#8217; ho visto, ho sentito solamente un botto, solo dopo ho capito di aver investito un ciclista&#8221; &#8211;<\/em> ha detto il conducente dell&#8217; auto, un giovane di 36 anni di Leverano, che tornava a casa insieme alla fidanzata e che, resosi conto dell&#8217; accaduto, ha chiamato i soccorsi.<\/p>\n<p>Le indagini per ricostruire l&#8217; esatta dinamica di quanto successo ed accertarne eventuali responsabilit\u00e0 sono ancora in corso.<\/p>\n<p>Il magistrato ha disposto l&#8217; autopsia sul cadavere.<\/p>\n<p>La vittima non aveva documenti, \u00e8 un giovane di et\u00e0 apparente fra i 30 e i 40 anni, probabilmente straniero.<\/p>\n<p>&nbsp;<\/p>\n<fb:like href='https:\/\/www.leccecronaca.it\/index.php\/2017\/12\/23\/muore-ciclista-investito-da-un-suv-vicino-leverano\/' send='true' layout='button_count' show_faces='true' width='450' height='65' action='recommend' colorscheme='light' font='lucida grande'><\/fb:like><span class=\"fb_share\"><fb:like href=\"https:\/\/www.leccecronaca.it\/index.php\/2017\/12\/23\/muore-ciclista-investito-da-un-suv-vicino-leverano\/\" layout=\"button_count\"><\/fb:like><\/span>","protected":false},"excerpt":{"rendered":"<p>(e.l.)______Tragico incidente stradale nel tardo pomeriggio di ieri. Un morto, non ancora identificato. E&#8217; un ciclista, travolto da una Kia Sportage sulla strada provinciale che porta da\u00a0Leverano a Nard\u00f2, vicino la rotatoria da dove si pu\u00f2 prendere la via per Copertino. E&#8217; stato sbalzato di sella, e l&#8217; impatto al suolo gli \u00e8 stato fatale. [&hellip;]<\/p>\n","protected":false},"author":4,"featured_media":130843,"comment_status":"open","ping_status":"closed","sticky":false,"template":"","format":"standard","meta":[],"categories":[69],"tags":[],"_links":{"self":[{"href":"https:\/\/www.leccecronaca.it\/index.php\/wp-json\/wp\/v2\/posts\/130842"}],"collection":[{"href":"https:\/\/www.leccecronaca.it\/index.php\/wp-json\/wp\/v2\/posts"}],"about":[{"href":"https:\/\/www.leccecronaca.it\/index.php\/wp-json\/wp\/v2\/types\/post"}],"author":[{"embeddable":true,"href":"https:\/\/www.leccecronaca.it\/index.php\/wp-json\/wp\/v2\/users\/4"}],"replies":[{"embeddable":true,"href":"https:\/\/www.leccecronaca.it\/index.php\/wp-json\/wp\/v2\/comments?post=130842"}],"version-history":[{"count":2,"href":"https:\/\/www.leccecronaca.it\/index.php\/wp-json\/wp\/v2\/posts\/130842\/revisions"}],"predecessor-version":[{"id":130845,"href":"https:\/\/www.leccecronaca.it\/index.php\/wp-json\/wp\/v2\/posts\/130842\/revisions\/130845"}],"wp:featuredmedia":[{"embeddable":true,"href":"https:\/\/www.leccecronaca.it\/index.php\/wp-json\/wp\/v2\/media\/130843"}],"wp:attachment":[{"href":"https:\/\/www.leccecronaca.it\/index.php\/wp-json\/wp\/v2\/media?parent=130842"}],"wp:term":[{"taxonomy":"category","embeddable":true,"href":"https:\/\/www.leccecronaca.it\/index.php\/wp-json\/wp\/v2\/categories?post=130842"},{"taxonomy":"post_tag","embeddable":true,"href":"https:\/\/www.leccecronaca.it\/index.php\/wp-json\/wp\/v2\/tags?post=130842"}],"curies":[{"name":"wp","href":"https:\/\/api.w.org\/{rel}","templated":true}]}}