{"id":131123,"date":"2017-12-31T13:38:57","date_gmt":"2017-12-31T12:38:57","guid":{"rendered":"http:\/\/www.leccecronaca.it\/?p=131123"},"modified":"2017-12-31T14:20:53","modified_gmt":"2017-12-31T13:20:53","slug":"maksim-cristan-e-daria-spada-dai-concertini-dal-balconcino-di-torino-all-esibizione-nella-comunita-artemide-di-racale","status":"publish","type":"post","link":"https:\/\/www.leccecronaca.it\/index.php\/2017\/12\/31\/maksim-cristan-e-daria-spada-dai-concertini-dal-balconcino-di-torino-all-esibizione-nella-comunita-artemide-di-racale\/","title":{"rendered":"I MCCS PUNK LIRICO \/ MAKSIM CRISTAN E DARIA SPADA, DAI CONCERTINI DAL BALCONCINO DI TORINO, ALL&#8217; ESIBIZIONE NELLA COMUNITA&#8217; &#8216;ARTEMIDE&#8217; DI RACALE"},"content":{"rendered":"<p><img decoding=\"async\" loading=\"lazy\" class=\"alignleft size-medium wp-image-131124\" src=\"https:\/\/www.leccecronaca.it\/wordpress\/wp-content\/uploads\/2017\/12\/p1010008-1-300x225.jpg\" alt=\"\" width=\"300\" height=\"225\" srcset=\"https:\/\/www.leccecronaca.it\/wordpress\/wp-content\/uploads\/2017\/12\/p1010008-1-300x225.jpg 300w, https:\/\/www.leccecronaca.it\/wordpress\/wp-content\/uploads\/2017\/12\/p1010008-1-768x576.jpg 768w, https:\/\/www.leccecronaca.it\/wordpress\/wp-content\/uploads\/2017\/12\/p1010008-1-400x300.jpg 400w, https:\/\/www.leccecronaca.it\/wordpress\/wp-content\/uploads\/2017\/12\/p1010008-1.jpg 1024w\" sizes=\"(max-width: 300px) 100vw, 300px\" \/>di <strong>Roberto Molle______<\/strong><\/p>\n<p>E&#8217; stato grazie ad una mini tourne\u00e8 in Puglia e nel Salento, che siamo riusciti ad intercettare e apprezzare una delle formazioni musicali pi\u00f9 atipiche e originali della scena musicale italiana; con un nome: <strong>\u201cMccs Punk lirico\u201d<\/strong>, che rimanda a suoni piuttosto destrutturati, ma, che del punk ha solo l\u2019attitudine.<\/p>\n<p>&nbsp;<\/p>\n<p>&nbsp;<\/p>\n<p>L\u2019occasione si \u00e8 presentata all\u2019interno della struttura socio-sanitaria Casa per la vita \u201cArtermide\u201d di Racale, dove sono ospitate alcune persone con disturbi psichici di media intensit\u00e0.<\/p>\n<p>A darci conto di come, al termine del ciclo di incontri \u201cVisite d\u2019artista\u201d, che ha portato all\u2019interno della struttura musicisti che hanno \u201cscambiato\u201d la loro arte con l\u2019esperienza umana (spesso dolorosa) degli ospiti, sia nata la possibilit\u00e0 extra per un\u2019altra visita, \u00e8 Walter Spennato, sociologo e responsabile di Artemide. Ci ha raccontato che ad aprire le porte della struttura ancora una volta a dei musicisti \u00e8 stata la bellezza del progetto che Mccs Punk Lirico ha messo in atto da diversi anni e, continua a proporre.<\/p>\n<p><img decoding=\"async\" loading=\"lazy\" class=\"alignleft size-medium wp-image-131125\" src=\"https:\/\/www.leccecronaca.it\/wordpress\/wp-content\/uploads\/2017\/12\/p1010005-300x225.jpg\" alt=\"\" width=\"300\" height=\"225\" srcset=\"https:\/\/www.leccecronaca.it\/wordpress\/wp-content\/uploads\/2017\/12\/p1010005-300x225.jpg 300w, https:\/\/www.leccecronaca.it\/wordpress\/wp-content\/uploads\/2017\/12\/p1010005-768x576.jpg 768w, https:\/\/www.leccecronaca.it\/wordpress\/wp-content\/uploads\/2017\/12\/p1010005-400x300.jpg 400w, https:\/\/www.leccecronaca.it\/wordpress\/wp-content\/uploads\/2017\/12\/p1010005.jpg 1024w\" sizes=\"(max-width: 300px) 100vw, 300px\" \/><\/p>\n<p>&nbsp;<\/p>\n<p>&nbsp;<\/p>\n<p>&nbsp;<\/p>\n<p>&nbsp;<\/p>\n<p>&nbsp;<\/p>\n<p>&nbsp;<\/p>\n<p>&nbsp;<\/p>\n<p>&nbsp;<\/p>\n<p>Mccs Punk Lirico sono essenzialmente <strong>Maksim Cristan<\/strong> e <strong>Daria Spada<\/strong>, accompagnati alla batteria da <strong>Edoardo Luparello;<\/strong> con questa formazione hanno ammaliato il piccolo pubblico composto, oltre che dagli ospiti della struttura, da alcuni fortunati che si sono prenotati preventivamente per assistere al concerto.<\/p>\n<p>La loro performance \u00e8 fatta di canzoni che toccano (anche con ironia) temi sociali come l\u2019integrazione, il disagio urbano, l\u2019esigenza di comunicare tra individui, spesso repressa da situazioni e strutture, ingranaggi di un sistema che s\u2019inceppa anche in presenza di semplici regole di civilt\u00e0.<\/p>\n<p>La particolarit\u00e0 di Mccs Punk lirico \u00e8 la voce di Daria Spada, che spesso s\u2019impenna in vocalizzi tipici da canto lirico, conferendo alle canzoni una dimensione surreale di forte intensit\u00e0 poetica.<\/p>\n<p><img decoding=\"async\" loading=\"lazy\" class=\"alignleft size-medium wp-image-131126\" src=\"https:\/\/www.leccecronaca.it\/wordpress\/wp-content\/uploads\/2017\/12\/concertino-dal-balconcino-300x169.jpg\" alt=\"\" width=\"300\" height=\"169\" srcset=\"https:\/\/www.leccecronaca.it\/wordpress\/wp-content\/uploads\/2017\/12\/concertino-dal-balconcino-300x169.jpg 300w, https:\/\/www.leccecronaca.it\/wordpress\/wp-content\/uploads\/2017\/12\/concertino-dal-balconcino-768x433.jpg 768w, https:\/\/www.leccecronaca.it\/wordpress\/wp-content\/uploads\/2017\/12\/concertino-dal-balconcino.jpg 999w\" sizes=\"(max-width: 300px) 100vw, 300px\" \/><\/p>\n<p>&nbsp;<\/p>\n<p>&nbsp;<\/p>\n<p>&nbsp;<\/p>\n<p>&nbsp;<\/p>\n<p>&nbsp;<\/p>\n<p>&nbsp;<\/p>\n<p>Da diversi anni, a Torino, Maksim e Daria sono artefici del \u201cConcertino dal balconcino\u201d; tutte le domeniche, per un\u2019ora, nel pomeriggio, si affacciano dal loro balcone e tengono un piccolo concerto per chiunque volesse accomodarsi (magari portandosi la sedia da casa) nel cortile del loro condominio e godersi la loro musica.<\/p>\n<p>La loro storia parte da lontano.<\/p>\n<p>Maksim era un giovane manager croato che si \u00e8 ritrovato a fare lo scrittore di strada a Milano. Un giorno ha deciso di mollare tutto seguendo l\u2019istinto che lo ha portato a fare una vita da bohemien per diversi anni; vive come pu\u00f2, spesso non mangia, pi\u00f9 spesso non dorme. Affronta il freddo terribile degli inverni milanesi arrabattandosi come meglio pu\u00f2.<\/p>\n<p>Proprio in questa dimensione da clochard ha l\u2019intuizione di cominciare a scrivere; raccontare i suoi giorni e le sue notti mettendoli nero su bianco. Quei frammenti di vita vanno a finire in un romanzo che passa in rassegna personaggi, luoghi e situazioni nelle quali \u00e8 andato incontro in quella sua esperienza.<\/p>\n<p>Il romanzo fortunatamente arriva nelle mani dell\u2019editore Feltrinelli che rendendosi conto di trovarsi per le mani un manoscritto originale e molto interessante, nel 2007 pubblica col titolo di \u201cFanculopensiero\u201d il libro di Maksim, che in poco tempo, diventa un caso letterario.<\/p>\n<p>&nbsp;<\/p>\n<p>Per un certo periodo Maksim si \u00e8 trasferito a vivere a Lecce, ed \u00e8 l\u00ec che incontra Daria Spada (di Montemesola, provincia di Taranto), diplomata al conservatorio di Torino, e tra le altre, laureata in scienze della comunicazione.<\/p>\n<p>In quel periodo lavorava come organizzatrice al Kismet di Bari, occupandosi di \u201carte civile\u201d presso il penitenziario minorile Fornelli. I due si innamorano, mollano tutto e decidono di trasferirsi a Torino; vanno ad abitare in un condominio dove un cartello recitava: \u201cIl cortile non \u00e8 una discarica\u201d, ed \u00e8 l\u00ec che Maksim (che tra l\u2019altro suona anche la chitarra) ha l\u2019idea che quel cortile possa servire a qualcosa di utile, qualcosa di nuovo che fosse per tutti: un teatro per dirimpettai e passanti, un modo per proporre un \u201c<em>concerto senza regole, senza stress, a costo zero<\/em>\u201d.<\/p>\n<p>Da quel momento, sopra il loro balcone, oltre a loro, durante le domeniche pomeriggio, si sono avvicendati tanti amici musicisti, poeti e attori, mentre di sotto, il pubblico \u00e8 andato ad aumentare sempre pi\u00f9, disciplinato, attento, generoso di applausi. Nel frattempo, qualche condomino, probabilmente non apprezzando molto l\u2019iniziativa, e senza metterci la faccia ha cercato di ostacolare Maksim e Daria. Nel condomino non sono mancate le visite di vigili urbani e ispettori del comune, e non sono mancate le multe (anche salate) per disturbo alla quiete pubblica.<\/p>\n<p>Il caso \u00e8 approdato anche in consiglio comunale con un interrogazione di un consigliere leghista, c\u2019\u00e8 una causa in corso e mille altri ostacoli. Ma nei confronto dei concertini dal balconcino, c\u2019\u00e8 anche tanta solidariet\u00e0, ci sono avvocati che hanno offerto il gratuito patrocinio e stanno facendo un buon lavoro, riuscendo a smontare fino ad ora ogni tentativo di \u201csabotaggio artistico\u201d.<\/p>\n<p>C\u2019\u00e8 l\u2019interesse e la curiosit\u00e0 di giornalisti e associazioni culturali di diversi paesi europei che sono venuti a \u201cstudiare\u201d questa bella realt\u00e0 fatta di musica, solidariet\u00e0 e comunicazione. Per rendersi conto della magia che aleggia intorno a questa iniziativa, basta farsi un giro a Torino in via Mercanti una qualunque domenica , prima del tramonto, per vedere i volti incantati di chi guarda e ascolta dal cortile o dai balconi gli appuntamenti poetici, teatrali e musicali dal balconcino.<\/p>\n<fb:like href='https:\/\/www.leccecronaca.it\/index.php\/2017\/12\/31\/maksim-cristan-e-daria-spada-dai-concertini-dal-balconcino-di-torino-all-esibizione-nella-comunita-artemide-di-racale\/' send='true' layout='button_count' show_faces='true' width='450' height='65' action='recommend' colorscheme='light' font='lucida grande'><\/fb:like><span class=\"fb_share\"><fb:like href=\"https:\/\/www.leccecronaca.it\/index.php\/2017\/12\/31\/maksim-cristan-e-daria-spada-dai-concertini-dal-balconcino-di-torino-all-esibizione-nella-comunita-artemide-di-racale\/\" layout=\"button_count\"><\/fb:like><\/span>","protected":false},"excerpt":{"rendered":"<p>di Roberto Molle______ E&#8217; stato grazie ad una mini tourne\u00e8 in Puglia e nel Salento, che siamo riusciti ad intercettare e apprezzare una delle formazioni musicali pi\u00f9 atipiche e originali della scena musicale italiana; con un nome: \u201cMccs Punk lirico\u201d, che rimanda a suoni piuttosto destrutturati, ma, che del punk ha solo l\u2019attitudine. &nbsp; &nbsp; [&hellip;]<\/p>\n","protected":false},"author":4,"featured_media":131124,"comment_status":"open","ping_status":"closed","sticky":false,"template":"","format":"standard","meta":[],"categories":[31,75],"tags":[],"_links":{"self":[{"href":"https:\/\/www.leccecronaca.it\/index.php\/wp-json\/wp\/v2\/posts\/131123"}],"collection":[{"href":"https:\/\/www.leccecronaca.it\/index.php\/wp-json\/wp\/v2\/posts"}],"about":[{"href":"https:\/\/www.leccecronaca.it\/index.php\/wp-json\/wp\/v2\/types\/post"}],"author":[{"embeddable":true,"href":"https:\/\/www.leccecronaca.it\/index.php\/wp-json\/wp\/v2\/users\/4"}],"replies":[{"embeddable":true,"href":"https:\/\/www.leccecronaca.it\/index.php\/wp-json\/wp\/v2\/comments?post=131123"}],"version-history":[{"count":5,"href":"https:\/\/www.leccecronaca.it\/index.php\/wp-json\/wp\/v2\/posts\/131123\/revisions"}],"predecessor-version":[{"id":131131,"href":"https:\/\/www.leccecronaca.it\/index.php\/wp-json\/wp\/v2\/posts\/131123\/revisions\/131131"}],"wp:featuredmedia":[{"embeddable":true,"href":"https:\/\/www.leccecronaca.it\/index.php\/wp-json\/wp\/v2\/media\/131124"}],"wp:attachment":[{"href":"https:\/\/www.leccecronaca.it\/index.php\/wp-json\/wp\/v2\/media?parent=131123"}],"wp:term":[{"taxonomy":"category","embeddable":true,"href":"https:\/\/www.leccecronaca.it\/index.php\/wp-json\/wp\/v2\/categories?post=131123"},{"taxonomy":"post_tag","embeddable":true,"href":"https:\/\/www.leccecronaca.it\/index.php\/wp-json\/wp\/v2\/tags?post=131123"}],"curies":[{"name":"wp","href":"https:\/\/api.w.org\/{rel}","templated":true}]}}