{"id":131460,"date":"2018-01-10T08:02:48","date_gmt":"2018-01-10T07:02:48","guid":{"rendered":"http:\/\/www.leccecronaca.it\/?p=131460"},"modified":"2018-01-12T17:21:49","modified_gmt":"2018-01-12T16:21:49","slug":"diego-fusaro","status":"publish","type":"post","link":"https:\/\/www.leccecronaca.it\/index.php\/2018\/01\/10\/diego-fusaro\/","title":{"rendered":"DIEGO FUSARO A NOVOLI VENERDI&#8217; 12 AL CONVEGNO SULLA TUTELA DELLE TRADIZIONI POPOLARI NEL MONDO GLOBALE"},"content":{"rendered":"<p><img decoding=\"async\" loading=\"lazy\" class=\"alignnone size-full wp-image-131464\" src=\"https:\/\/www.leccecronaca.it\/wordpress\/wp-content\/uploads\/2018\/01\/download.jpg\" alt=\"\" width=\"188\" height=\"267\" \/><\/p>\n<p>\u201cLa tutela delle tradizioni popolari nel mondo globale\u201d. \u00c8 il tema scelto per una riflessione ad ampio spettro sui cambiamenti in corso nel panorama delle politiche culturali e della vita di quelle pratiche-luoghi-oggetti che alcuni forti. processi emergenti hanno portato a definire \u201cpatrimonio culturale immateriale\u201d.<\/p>\n<p>Un processo globale ed una sfida alle frontiere:\u00a0 ma a quali frontiere facciamo riferimento? Cosa sta avvenendo sotto i nostri occhi nel grande scenario che chiamiamo \u201cglobalizzazione\u201d?<\/p>\n<p>A questo e ad altri interrogativi cercheranno di dare una risposta il sottosegretario ai Beni Culturali, on. Dorina Bianchi, il sindaco di Novoli, Gianmaria Greco, l&#8217;assessore alla Cultura del Comune di Novoli, Mariachiara Madaro, lo scrittore e saggista Diego Fusaro (nella foto), il professor Ennio De Bellis docente di Istituzioni della Storia della Filosofia all&#8217;Universit\u00e0 del Salento e lo storico Gilberto Spagnolo. Modera il dibattito il giornalista Antonio Soleti.<\/p>\n<p>L&#8217;appuntamento \u00e8 in programma venerd\u00ec 12 gennaio, alle ore 20.30 al teatro comunale di piazza Regina Margherita, a Novoli.<\/p>\n<p><em>\u201cLa festa di S.Antonio Abate e la Focara<\/em> &#8211; sottolinea il sindaco di Novoil e presidente della Fondazione F\u00f2cara, Gianmaria Greco &#8211;<em> rappresentano un patrimonio inestimabile per la tradizione popolare salentina, per questo motivo anche quest&#8217;anno abbiamo organizzato un convegno a tema con autorevoli esponenti del mondo accademico e della cultura. In particolare siamo molto soddisfatti per la presenza di Diego Fusaro, che articoler\u00e0 un prezioso intervento sul tema. Infine, esprimo un sincero ringraziamento a nome della comunit\u00e0&#8217; novolese al viceministro on. Dorina Bianchi per aver accettato di partecipare all&#8217;evento e visitare la F\u00f2cara in costruzione\u201d.<\/em><\/p>\n<p>&nbsp;<\/p>\n<fb:like href='https:\/\/www.leccecronaca.it\/index.php\/2018\/01\/10\/diego-fusaro\/' send='true' layout='button_count' show_faces='true' width='450' height='65' action='recommend' colorscheme='light' font='lucida grande'><\/fb:like><span class=\"fb_share\"><fb:like href=\"https:\/\/www.leccecronaca.it\/index.php\/2018\/01\/10\/diego-fusaro\/\" layout=\"button_count\"><\/fb:like><\/span>","protected":false},"excerpt":{"rendered":"<p>\u201cLa tutela delle tradizioni popolari nel mondo globale\u201d. \u00c8 il tema scelto per una riflessione ad ampio spettro sui cambiamenti in corso nel panorama delle politiche culturali e della vita di quelle pratiche-luoghi-oggetti che alcuni forti. processi emergenti hanno portato a definire \u201cpatrimonio culturale immateriale\u201d. Un processo globale ed una sfida alle frontiere:\u00a0 ma a [&hellip;]<\/p>\n","protected":false},"author":4,"featured_media":131464,"comment_status":"open","ping_status":"closed","sticky":false,"template":"","format":"standard","meta":[],"categories":[1,31],"tags":[],"_links":{"self":[{"href":"https:\/\/www.leccecronaca.it\/index.php\/wp-json\/wp\/v2\/posts\/131460"}],"collection":[{"href":"https:\/\/www.leccecronaca.it\/index.php\/wp-json\/wp\/v2\/posts"}],"about":[{"href":"https:\/\/www.leccecronaca.it\/index.php\/wp-json\/wp\/v2\/types\/post"}],"author":[{"embeddable":true,"href":"https:\/\/www.leccecronaca.it\/index.php\/wp-json\/wp\/v2\/users\/4"}],"replies":[{"embeddable":true,"href":"https:\/\/www.leccecronaca.it\/index.php\/wp-json\/wp\/v2\/comments?post=131460"}],"version-history":[{"count":4,"href":"https:\/\/www.leccecronaca.it\/index.php\/wp-json\/wp\/v2\/posts\/131460\/revisions"}],"predecessor-version":[{"id":131465,"href":"https:\/\/www.leccecronaca.it\/index.php\/wp-json\/wp\/v2\/posts\/131460\/revisions\/131465"}],"wp:featuredmedia":[{"embeddable":true,"href":"https:\/\/www.leccecronaca.it\/index.php\/wp-json\/wp\/v2\/media\/131464"}],"wp:attachment":[{"href":"https:\/\/www.leccecronaca.it\/index.php\/wp-json\/wp\/v2\/media?parent=131460"}],"wp:term":[{"taxonomy":"category","embeddable":true,"href":"https:\/\/www.leccecronaca.it\/index.php\/wp-json\/wp\/v2\/categories?post=131460"},{"taxonomy":"post_tag","embeddable":true,"href":"https:\/\/www.leccecronaca.it\/index.php\/wp-json\/wp\/v2\/tags?post=131460"}],"curies":[{"name":"wp","href":"https:\/\/api.w.org\/{rel}","templated":true}]}}