{"id":131527,"date":"2018-01-12T18:46:27","date_gmt":"2018-01-12T17:46:27","guid":{"rendered":"http:\/\/www.leccecronaca.it\/?p=131527"},"modified":"2018-01-13T09:27:19","modified_gmt":"2018-01-13T08:27:19","slug":"tap-ulivi","status":"publish","type":"post","link":"https:\/\/www.leccecronaca.it\/index.php\/2018\/01\/12\/tap-ulivi\/","title":{"rendered":"TAP ABBATTE DUE ULIVI &#8220;INFETTI&#8221; DA XYLELLA. POSSIAMO VEDERE LE ANALISI? ED EMILIANO QUANDO DECIDER\u00c0 DI FARE QUALCOSA?"},"content":{"rendered":"<p><em><img decoding=\"async\" loading=\"lazy\" class=\"wp-image-131556 aligncenter\" src=\"https:\/\/www.leccecronaca.it\/wordpress\/wp-content\/uploads\/2018\/01\/ulivi2-300x213.jpg\" alt=\"\" width=\"700\" height=\"497\" \/><\/em><\/p>\n<p>di <strong>Eleonora Ciminiello______ <\/strong>Ha raggiunto la redazione di leccecronaca.it un comunicato diffuso da TAP, e noi, per onor di cronaca lo pubblichiamo, ovviamente commentandolo e avanzando delle domande che vorremmo ponessero ai rispettivi interlocutori anche i nostri lettori.<\/p>\n<p>Il comunicato di TAP recita cos\u00ec:<\/p>\n<p><em>&#8220;<strong>Due alberi di ulivo risultati positivi alla Xylella sono stati abbattuti oggi a cura di TAP secondo quanto richiesto dall&#8217;Osservatorio\u00a0Fitosanitario della Regione Puglia in linea con le disposizioni di legge.<\/strong><\/em><\/p>\n<p><em>L&#8217;analisi molecolare sui campioni raccolti lo scorso 28 novembre ha purtroppo rilevato\u00a0la presenza del batterio Xylella fastidiosa\u00a0su uno dei 16 ulivi monumentali ancora presenti nell&#8217;area\u00a0di cantiere di San Basilio e su un ulivo gi\u00e0 trasferito nell&#8217;area\u00a0di stoccaggio di Masseria del Capitano. Quest\u2019ultimo in particolare \u00e8 uno degli alberi espiantati a fine aprile scorso e che fu possibile spostare dal cantiere solo a luglio, e proteggere sotto canopy solo dopo che la magistratura amministrativa consent\u00ec la realizzazione della struttura bloccata da un\u2019ordinanza del Comune di Melendugno.<\/em><\/p>\n<p><em>Entrambi gli ulivi sono stati isolati dall&#8217;ambiente\u00a0circostante e sottoposti a un opportuno trattamento fitosanitario propedeutico all&#8217;abbattimento, avvenuto sotto la supervisione degli\u00a0 ispettori fitosanitari della Regione Puglia&#8221;.<\/em><\/p>\n<p>Leggendo il comunicato la prima domanda che sorge spontanea \u00e8: chi ha fatto le analisi? Non di certo l&#8217;Arif di sua sponte, per conto dell&#8217;Ufficio Fitosanitario della Regione Puglia. Di fatto, l&#8217;Arif per quanto ne sappiamo, ha il dovere di eseguire i monitoraggi nella zona cuscinetto e nella zona infetta, entro la distanza di 20 km dal confine con la zona cuscinetto . Prendendo per buono (ovviamente) quanto sostenuto da TAP mediante il suo comunicato, siamo andati a visionare<strong> sul portale sit.puglia i risultati dei monitoraggi eseguiti fra il 27 e il 30 novembre. Melendugno ovviamente non c&#8217;\u00e8<\/strong>: i monitoraggi e i risultati riguardano solo i comuni di Carovigno, Oria, Ceglie Messapica e Francavilla Fontana.<\/p>\n<p>Quindi la domanda \u00e8: Chi ha eseguito il monitoraggio? Perch\u00e9 TAP si \u00e8 prodigata a far eseguire le analisi sugli ulivi tenuti in custodia? E a quale laboratorio si \u00e8 rivolta per eseguirle? E dove sono i risultati? Gli ulivi in oggetto erano protetti da un vincolo paesaggistico? <strong>Visto che gli ulivi che TAP custodisce non sono di sua propriet\u00e0 ma della comunit\u00e0 salentina e appartengono al patrimonio ambientale pugliese e italiano, l&#8217;azienda azera dovrebbe rendere pubbliche queste informazioni e i risultati delle analisi.<\/strong><\/p>\n<p>La trasparenza in questo caso, sarebbe d&#8217;obbligo, o no?<\/p>\n<p>A queste domande che rivolgiamo a TAP se ne aggiunge una che invece indirizziamo direttamente alla Regione Puglia.<\/p>\n<p>A settembre 2017, l&#8217;\u00a0<strong>European and Mediterranean Plant Protection Organization (EPPO), ha trasferito il batterio xylella fastidiosa dall&#8217;alert list A1 alla lista A2.<\/strong> Per chi non lo sapesse, tale trasferimento equivale ad affermare che il batterio non \u00e8 circoscritto al solo Salento ma diffuso in tutta Europa.<strong> Il batterio non \u00e8 pi\u00f9 eradicabile, pertanto decade anche l&#8217;efficacia delle eradicazioni degli ulivi e di tutte le altre piante ospiti.\u00a0<\/strong><\/p>\n<p>Nonostante quest&#8217;importante passaggio <strong>la Commissione Europea<\/strong>, nella\u00a0Decisione di Esecuzione della Commissione del 14 dicembre 2017 n. 2352, che modifica la vecchia Decisione di Esecuzione del 2015, <strong>ha fatto l&#8217;orecchio da mercante,<\/strong> non tenendo assolutamente conto di quanto \u00e8 affermato da EPPO. Si \u00e8 limitata, anzi, a legiferare sul modo in cui dovranno essere &#8220;trattate&#8221; le piante di interesse pubblico nel caso in cui su esse sia riscontrato il batterio. In buona sostanza l&#8217;Europa a custodire il patrimonio salentino non ci pensa proprio, e non potrebbe essere diversamente: d&#8217;altronde Andriukaitis, medico di professione, continua a difendere il Glifosato!<\/p>\n<p>Giungiamo quindi alla domanda per il presidente della Regione Puglia, Michele Emiliano: alla luce dei fatti, non sarebbe forse il caso di emanare una moratoria sospensiva sull&#8217;eradicazione degli ulivi, almeno sino a quando la Commissione Europea non prender\u00e0 atto delle considerazioni di EPPO? E non sarebbe anche il caso di spingere in Europa affinch\u00e9 ci\u00f2 avvenga al pi\u00f9 presto?<\/p>\n<p>Il governo regionale \u00e8 responsabile del patrimonio del territorio e utilizzare tutti i mezzi a sua disposizione per evitare la devastazione capillare dovrebbe essere fra le sue priorit\u00e0. Oppure no?<\/p>\n<fb:like href='https:\/\/www.leccecronaca.it\/index.php\/2018\/01\/12\/tap-ulivi\/' send='true' layout='button_count' show_faces='true' width='450' height='65' action='recommend' colorscheme='light' font='lucida grande'><\/fb:like><span class=\"fb_share\"><fb:like href=\"https:\/\/www.leccecronaca.it\/index.php\/2018\/01\/12\/tap-ulivi\/\" layout=\"button_count\"><\/fb:like><\/span>","protected":false},"excerpt":{"rendered":"<p>di Eleonora Ciminiello______ Ha raggiunto la redazione di leccecronaca.it un comunicato diffuso da TAP, e noi, per onor di cronaca lo pubblichiamo, ovviamente commentandolo e avanzando delle domande che vorremmo ponessero ai rispettivi interlocutori anche i nostri lettori. Il comunicato di TAP recita cos\u00ec: &#8220;Due alberi di ulivo risultati positivi alla Xylella sono stati abbattuti [&hellip;]<\/p>\n","protected":false},"author":4,"featured_media":0,"comment_status":"open","ping_status":"closed","sticky":false,"template":"","format":"standard","meta":[],"categories":[69,76],"tags":[],"_links":{"self":[{"href":"https:\/\/www.leccecronaca.it\/index.php\/wp-json\/wp\/v2\/posts\/131527"}],"collection":[{"href":"https:\/\/www.leccecronaca.it\/index.php\/wp-json\/wp\/v2\/posts"}],"about":[{"href":"https:\/\/www.leccecronaca.it\/index.php\/wp-json\/wp\/v2\/types\/post"}],"author":[{"embeddable":true,"href":"https:\/\/www.leccecronaca.it\/index.php\/wp-json\/wp\/v2\/users\/4"}],"replies":[{"embeddable":true,"href":"https:\/\/www.leccecronaca.it\/index.php\/wp-json\/wp\/v2\/comments?post=131527"}],"version-history":[{"count":18,"href":"https:\/\/www.leccecronaca.it\/index.php\/wp-json\/wp\/v2\/posts\/131527\/revisions"}],"predecessor-version":[{"id":131568,"href":"https:\/\/www.leccecronaca.it\/index.php\/wp-json\/wp\/v2\/posts\/131527\/revisions\/131568"}],"wp:attachment":[{"href":"https:\/\/www.leccecronaca.it\/index.php\/wp-json\/wp\/v2\/media?parent=131527"}],"wp:term":[{"taxonomy":"category","embeddable":true,"href":"https:\/\/www.leccecronaca.it\/index.php\/wp-json\/wp\/v2\/categories?post=131527"},{"taxonomy":"post_tag","embeddable":true,"href":"https:\/\/www.leccecronaca.it\/index.php\/wp-json\/wp\/v2\/tags?post=131527"}],"curies":[{"name":"wp","href":"https:\/\/api.w.org\/{rel}","templated":true}]}}