{"id":131636,"date":"2018-01-15T11:37:15","date_gmt":"2018-01-15T10:37:15","guid":{"rendered":"http:\/\/www.leccecronaca.it\/?p=131636"},"modified":"2018-01-15T18:21:20","modified_gmt":"2018-01-15T17:21:20","slug":"tutto-pronto-per-l-accensione-della-focara","status":"publish","type":"post","link":"https:\/\/www.leccecronaca.it\/index.php\/2018\/01\/15\/tutto-pronto-per-l-accensione-della-focara\/","title":{"rendered":"TUTTO PRONTO PER L&#8217; ACCENSIONE DELLA FOCARA"},"content":{"rendered":"<p><img decoding=\"async\" loading=\"lazy\" class=\"aligncenter size-large wp-image-131637\" src=\"https:\/\/www.leccecronaca.it\/wordpress\/wp-content\/uploads\/2018\/01\/chiusura-focara__2018-.2-683x1024.jpg\" alt=\"\" width=\"683\" height=\"1024\" \/><\/p>\n<p>&nbsp;<\/p>\n<p>(Rdl)______Ci siamo. Ieri sera (nella foto di copertina) \u00e8 stata completata la F\u00f2cara, il grande fal\u00f2 collocato in piazza Tito Schipa, che verr\u00e0 acceso domani, marted\u00ec 16 gennaio, dopo le 20.00. Un momento significativo al quale hanno assistito il sindaco di Novoli, Gianmaria Greco e il presidente del Comitato Festa di Sant&#8217;Antonio Abate, Fernando D&#8217;Agostino.<\/p>\n<p>A realizzare la pira sono stati Renato De Luca (nella foto), il suo collaboratore Claudio De Blasi e diverse decine di volontari che hanno lavorato ogni giorno incessantemente per raggiungere questo obiettivo.<\/p>\n<p>L&#8217;ultima fascina (nella foto), come tradizione vuole, \u00e8 stata portata in processione alla Chiesa di Sant&#8217;Antonio dai componenti del Comitato della Festa e dai costruttori della F\u00f2cara ed \u00e8 stata donata al Santo da un bambino novolese.<\/p>\n<p>Un atto simbolico molto sentito dall&#8217;intera comunit\u00e0 che ora resta in trepidante attesa per l&#8217;accensione della pira.<\/p>\n<p>Attese oltre duecentomila persone.<\/p>\n<p>Marted\u00ec 16 gennaio, alle ore 20, le autorit\u00e0 civili, militari e religiose si ritroveranno davanti al Municipio per poi raggiungere in corteo il grande fal\u00f2. Prima dell&#8217;accensione \u00e8 previsto il suggestivo e originale Carillon Umano a cura della Compagnia Italento: un pianoforte meccanico munito di ruote e motore vagher\u00e0 sulle note musicali guidato da un settecentesco pianista\/pilota mentre un\u2019eterea ballerina baller\u00e0 sulle punte in tut\u00f9. Quindi spazio allo spettacolo \u201cKrauni \u2013 storia di una scintilla\u201d, a cura di Sbang produzione spettacoli, associazione culturali Stranivari e Artisti di Strada indipendenti. Lo spettacolo nasce dall\u2019idea di creare uno spettacolo ad \u201choc\u201d per la giornata dell\u2019accensione della F\u00f2cara di Novoli ed ha coinvolto per la sua creazione varie compagnie di arte di strada della scena pugliese: Sbang, Stranivari, Gessetti &amp; Straccetti, La Farandula, Monsieur Coc\u00f2, Il Grande Lebuski, ,Mr Thomas, Giullare senza radice, BorboLeta. \u201cKrauni\u201d racconta la storia di una minuscola scintilla che lentamente si espande in diverse forme e figure diventando fiamma fino alla supremazia dell\u2019 uomo su di essa. Lo spettacolo nasce dall\u2019idea di realizzare una performance basata principalmente sul fuoco, inteso come elemento di creazione e modellatore della forme che assieme agli altri elementi genera la vita. Lo spettacolo \u00e8 stato creato ad \u201choc\u201d per l\u2019 evento dell\u2019accensione della F\u00f2cara ed \u00e8 stata l\u2019occasione per coinvolgere alla sua creazione varie compagnie di arte di strada della scena pugliese. E\u2019 uno spettacolo suggestivo che unisce la magia delle arti circensi, in particolare la giocoleria con attrezzi di fuoco, l\u2019acrobatica e l\u2019espressione corporea al fascino degli effetti pirotecnici. Poi il via all&#8217;affascinante spettacolo pirotecnico a cura della ditta Fratelli Cosma.<\/p>\n<p>Il momento-clou \u00e8 in programma poco dopo le 20.30 con l&#8217;accensione della F\u00f2cara.<\/p>\n<p>Due le novit\u00e0 previste quest&#8217;anno: l&#8217;accensione della pira verr\u00e0 effettuata tramite un braciere e una fiaccola (realizzate per l&#8217;occasione dall&#8217;architetto Mino De Franco di What Use?) e sar\u00e0 affidata \u2013 oltre che al sindaco di Novoli e presidente della Fondazione F\u00f2cara, Gianmaria Greco e ad alcune autorit\u00e0 \u2013 anche al piccolo Federico Perrone, il baby sindaco del Consiglio comunale di Novoli, in segno di speranza per il futuro.<\/p>\n<p>A partire dalle ore 22, nell\u2019Area F\u00f2cara, spazio alla musica. Si esibiranno Giuliano Palma, Tonino Carotone, l\u2019Antonio Amato Ensemble e Bobo Rondelli. Ad aprire il concerto l\u2019Antonio Amato Ensemble composta dallo stesso Antonio Amato, Antonio Marra, Valerio Rizzello, Palmiro Durante, Armando Ciardo, Luigi Baldassarre, Francesca Della Monaca e Cristina Frassanito. Ritmi coinvolgenti e danza si fondono in un sound originale e alternativo che ben si lega alla musica popolare salentina tradizionale. Strumenti acustici e sonorit\u00e0 della tradizione si intrecciano in simbiosi musicale con strumenti elettronici e sonorit\u00e0 moderne senza perdere di vista le ritmiche ipnotiche e ancestrali che rappresentano la colonna portante della&#8221;pizzica&#8221;.<\/p>\n<p>Nel progetto \u201cAntonio Amato Ensemble\u201d c\u2019\u00e8 una visione nuova della Musica Popolare Salentina: il coraggio di osare e constatare come una cultura cos\u00ec antica per un territorio, ancora oggi possa avere tanto da dire con un linguaggio vivo, rinnovato e moderno senza recidere il cordone ombelicale con la tradizione.<\/p>\n<p><img decoding=\"async\" loading=\"lazy\" class=\"aligncenter size-large wp-image-131638\" src=\"https:\/\/www.leccecronaca.it\/wordpress\/wp-content\/uploads\/2018\/01\/Renato-De-Luca-576x1024.jpg\" alt=\"\" width=\"576\" height=\"1024\" srcset=\"https:\/\/www.leccecronaca.it\/wordpress\/wp-content\/uploads\/2018\/01\/Renato-De-Luca-576x1024.jpg 576w, https:\/\/www.leccecronaca.it\/wordpress\/wp-content\/uploads\/2018\/01\/Renato-De-Luca-169x300.jpg 169w, https:\/\/www.leccecronaca.it\/wordpress\/wp-content\/uploads\/2018\/01\/Renato-De-Luca-768x1366.jpg 768w, https:\/\/www.leccecronaca.it\/wordpress\/wp-content\/uploads\/2018\/01\/Renato-De-Luca-864x1536.jpg 864w, https:\/\/www.leccecronaca.it\/wordpress\/wp-content\/uploads\/2018\/01\/Renato-De-Luca.jpg 899w\" sizes=\"(max-width: 576px) 100vw, 576px\" \/><img decoding=\"async\" loading=\"lazy\" class=\"aligncenter size-large wp-image-131639\" src=\"https:\/\/www.leccecronaca.it\/wordpress\/wp-content\/uploads\/2018\/01\/ultima-fascina-donata-1024x683.jpg\" alt=\"\" width=\"1024\" height=\"683\" \/><\/p>\n<fb:like href='https:\/\/www.leccecronaca.it\/index.php\/2018\/01\/15\/tutto-pronto-per-l-accensione-della-focara\/' send='true' layout='button_count' show_faces='true' width='450' height='65' action='recommend' colorscheme='light' font='lucida grande'><\/fb:like><span class=\"fb_share\"><fb:like href=\"https:\/\/www.leccecronaca.it\/index.php\/2018\/01\/15\/tutto-pronto-per-l-accensione-della-focara\/\" layout=\"button_count\"><\/fb:like><\/span>","protected":false},"excerpt":{"rendered":"<p>&nbsp; (Rdl)______Ci siamo. Ieri sera (nella foto di copertina) \u00e8 stata completata la F\u00f2cara, il grande fal\u00f2 collocato in piazza Tito Schipa, che verr\u00e0 acceso domani, marted\u00ec 16 gennaio, dopo le 20.00. Un momento significativo al quale hanno assistito il sindaco di Novoli, Gianmaria Greco e il presidente del Comitato Festa di Sant&#8217;Antonio Abate, Fernando [&hellip;]<\/p>\n","protected":false},"author":4,"featured_media":131637,"comment_status":"open","ping_status":"closed","sticky":false,"template":"","format":"standard","meta":[],"categories":[1,69,75],"tags":[],"_links":{"self":[{"href":"https:\/\/www.leccecronaca.it\/index.php\/wp-json\/wp\/v2\/posts\/131636"}],"collection":[{"href":"https:\/\/www.leccecronaca.it\/index.php\/wp-json\/wp\/v2\/posts"}],"about":[{"href":"https:\/\/www.leccecronaca.it\/index.php\/wp-json\/wp\/v2\/types\/post"}],"author":[{"embeddable":true,"href":"https:\/\/www.leccecronaca.it\/index.php\/wp-json\/wp\/v2\/users\/4"}],"replies":[{"embeddable":true,"href":"https:\/\/www.leccecronaca.it\/index.php\/wp-json\/wp\/v2\/comments?post=131636"}],"version-history":[{"count":3,"href":"https:\/\/www.leccecronaca.it\/index.php\/wp-json\/wp\/v2\/posts\/131636\/revisions"}],"predecessor-version":[{"id":131684,"href":"https:\/\/www.leccecronaca.it\/index.php\/wp-json\/wp\/v2\/posts\/131636\/revisions\/131684"}],"wp:featuredmedia":[{"embeddable":true,"href":"https:\/\/www.leccecronaca.it\/index.php\/wp-json\/wp\/v2\/media\/131637"}],"wp:attachment":[{"href":"https:\/\/www.leccecronaca.it\/index.php\/wp-json\/wp\/v2\/media?parent=131636"}],"wp:term":[{"taxonomy":"category","embeddable":true,"href":"https:\/\/www.leccecronaca.it\/index.php\/wp-json\/wp\/v2\/categories?post=131636"},{"taxonomy":"post_tag","embeddable":true,"href":"https:\/\/www.leccecronaca.it\/index.php\/wp-json\/wp\/v2\/tags?post=131636"}],"curies":[{"name":"wp","href":"https:\/\/api.w.org\/{rel}","templated":true}]}}