{"id":131659,"date":"2018-01-15T14:11:53","date_gmt":"2018-01-15T13:11:53","guid":{"rendered":"http:\/\/www.leccecronaca.it\/?p=131659"},"modified":"2018-01-22T11:08:50","modified_gmt":"2018-01-22T10:08:50","slug":"ma-quanti-no-servono-ancora","status":"publish","type":"post","link":"https:\/\/www.leccecronaca.it\/index.php\/2018\/01\/15\/ma-quanti-no-servono-ancora\/","title":{"rendered":"MA QUANTI ALTRI NO SERVONO ANCORA?"},"content":{"rendered":"<p><img decoding=\"async\" loading=\"lazy\" class=\"aligncenter size-large wp-image-131660\" src=\"https:\/\/www.leccecronaca.it\/wordpress\/wp-content\/uploads\/2018\/01\/IMG-20170502-WA0002-768x1024.jpg\" alt=\"\" width=\"768\" height=\"1024\" \/><\/p>\n<p>Riceviamo e volentieri pubblichiamo. Interrete ci manda il seguente comunicato______<\/p>\n<p>Nonostante prese di posizione da parte di personaggi noti (Sabina Guzzanti, Albano Carrisi, Romina Power, Nadia Toffa, Mario Tozzi), a ridosso della meravigliosa riserva naturale Salina Monaci, in prossimit\u00e0 di un centro residenziale denominato Urmo Belsito, a meno di un chilometro dal mare e precisamente nella zona Chidro-Specchiarica, frazione di Manduria, in provincia di Taranto, \u00e8 stata appena avviata la costruzione di un enorme depuratore fognario che prevede lo scarico a mare dei liquami. La costruzione \u00e8 prevista accanto ad una strada, in una zona ad interesse turistico paesaggistico, con vincolo idrogeologico. Saranno tra l&#8217;altro spiantati alberi di ulivo secolari.<br \/>\nTale costruzione pu\u00f2 essere bloccata solo se ci sar\u00e0 il coinvolgimento dei mass media e risonanza a livello nazionale.<br \/>\nQuesta maledetta questione, che si trascina da oltre 13 anni, trover\u00e0 la sua conclusione il prossimo 7 aprile, data in cui il Comune di Manduria si pronuncer\u00e0 definitivamente sulla questione.<br \/>\nNonostante la contrariet\u00e0 dei cittadini di Avetrana, di Manduria e di altri 17 comuni e nonostante verbali rassicurazioni circa la mancanza dello scarico a mare, resta il fatto che il cartello di avvio dei lavori del depuratore, affisso sul cantiere e poi subito rimosso, riporta la seguente indicazione: \u201cLavori di realizzazione impianto di depurazione e collettori di adduzione e scarico a servizio degli abitanti di Sava, Manduria e delle marine di Manduria e realizzazione della relativa condotta sottomarina\u201d.<br \/>\nE&#8217; la conferma, ribadiamo, nonostante le rassicurazioni in senso contrario, che il depuratore avr\u00e0 lo scarico a mare in una delle poche zone ancora incontaminate della nostra costa, sede, come detto, di una meravigliosa riserva naturale che ospita annualmente fenicotteri rosa e altre specie protette.<br \/>\nIl prossimo 31\/03 \u00e8 prevista una grande manifestazione di protesta che si terr\u00e0 ad Avetrana, affinch\u00e8 tale depuratore venga spostato nell&#8217;entroterra e, soprattutto, che non scarichi a mare.<br \/>\nVi preghiamo di aiutarci a fermare questo scempio atroce.<br \/>\nGrazie per l&#8217;attenzione.<br \/>\nFate girare per favore!!!______<\/p>\n<p>LA RICERCA nei nostri articoli del\u00a0 10 luglio 2017 e del 6 luglio 2015<\/p>\n<blockquote class=\"wp-embedded-content\" data-secret=\"6LerGf2q3T\"><p><a href=\"https:\/\/www.leccecronaca.it\/index.php\/2015\/07\/06\/54625\/\">NO ALLE FOGNE NEL MARE, CONTINUA LA PROTESTA<\/a><\/p><\/blockquote>\n<p><iframe class=\"wp-embedded-content\" sandbox=\"allow-scripts\" security=\"restricted\" style=\"position: absolute; clip: rect(1px, 1px, 1px, 1px);\" src=\"https:\/\/www.leccecronaca.it\/index.php\/2015\/07\/06\/54625\/embed\/#?secret=6LerGf2q3T\" data-secret=\"6LerGf2q3T\" width=\"500\" height=\"282\" title=\"&#8220;NO ALLE FOGNE NEL MARE, CONTINUA LA PROTESTA&#8221; &#8212; LecceCronaca.it\" frameborder=\"0\" marginwidth=\"0\" marginheight=\"0\" scrolling=\"no\"><\/iframe><\/p>\n<blockquote class=\"wp-embedded-content\" data-secret=\"0qyTxe8T7C\"><p><a href=\"https:\/\/www.leccecronaca.it\/index.php\/2017\/07\/10\/iniziati-a-sorpresa-a-manduria-i-lavori-pr-o-scarico-a-mare\/\">INIZIATI A MANDURIA I LAVORI PER LO SCARICO A MARE<\/a><\/p><\/blockquote>\n<p><iframe class=\"wp-embedded-content\" sandbox=\"allow-scripts\" security=\"restricted\" style=\"position: absolute; clip: rect(1px, 1px, 1px, 1px);\" src=\"https:\/\/www.leccecronaca.it\/index.php\/2017\/07\/10\/iniziati-a-sorpresa-a-manduria-i-lavori-pr-o-scarico-a-mare\/embed\/#?secret=0qyTxe8T7C\" data-secret=\"0qyTxe8T7C\" width=\"500\" height=\"282\" title=\"&#8220;INIZIATI A MANDURIA I LAVORI PER LO SCARICO A MARE&#8221; &#8212; LecceCronaca.it\" frameborder=\"0\" marginwidth=\"0\" marginheight=\"0\" scrolling=\"no\"><\/iframe><\/p>\n<fb:like href='https:\/\/www.leccecronaca.it\/index.php\/2018\/01\/15\/ma-quanti-no-servono-ancora\/' send='true' layout='button_count' show_faces='true' width='450' height='65' action='recommend' colorscheme='light' font='lucida grande'><\/fb:like><span class=\"fb_share\"><fb:like href=\"https:\/\/www.leccecronaca.it\/index.php\/2018\/01\/15\/ma-quanti-no-servono-ancora\/\" layout=\"button_count\"><\/fb:like><\/span>","protected":false},"excerpt":{"rendered":"<p>Riceviamo e volentieri pubblichiamo. Interrete ci manda il seguente comunicato______ Nonostante prese di posizione da parte di personaggi noti (Sabina Guzzanti, Albano Carrisi, Romina Power, Nadia Toffa, Mario Tozzi), a ridosso della meravigliosa riserva naturale Salina Monaci, in prossimit\u00e0 di un centro residenziale denominato Urmo Belsito, a meno di un chilometro dal mare e precisamente [&hellip;]<\/p>\n","protected":false},"author":4,"featured_media":131660,"comment_status":"open","ping_status":"closed","sticky":false,"template":"","format":"standard","meta":[],"categories":[69,36],"tags":[],"_links":{"self":[{"href":"https:\/\/www.leccecronaca.it\/index.php\/wp-json\/wp\/v2\/posts\/131659"}],"collection":[{"href":"https:\/\/www.leccecronaca.it\/index.php\/wp-json\/wp\/v2\/posts"}],"about":[{"href":"https:\/\/www.leccecronaca.it\/index.php\/wp-json\/wp\/v2\/types\/post"}],"author":[{"embeddable":true,"href":"https:\/\/www.leccecronaca.it\/index.php\/wp-json\/wp\/v2\/users\/4"}],"replies":[{"embeddable":true,"href":"https:\/\/www.leccecronaca.it\/index.php\/wp-json\/wp\/v2\/comments?post=131659"}],"version-history":[{"count":2,"href":"https:\/\/www.leccecronaca.it\/index.php\/wp-json\/wp\/v2\/posts\/131659\/revisions"}],"predecessor-version":[{"id":131662,"href":"https:\/\/www.leccecronaca.it\/index.php\/wp-json\/wp\/v2\/posts\/131659\/revisions\/131662"}],"wp:featuredmedia":[{"embeddable":true,"href":"https:\/\/www.leccecronaca.it\/index.php\/wp-json\/wp\/v2\/media\/131660"}],"wp:attachment":[{"href":"https:\/\/www.leccecronaca.it\/index.php\/wp-json\/wp\/v2\/media?parent=131659"}],"wp:term":[{"taxonomy":"category","embeddable":true,"href":"https:\/\/www.leccecronaca.it\/index.php\/wp-json\/wp\/v2\/categories?post=131659"},{"taxonomy":"post_tag","embeddable":true,"href":"https:\/\/www.leccecronaca.it\/index.php\/wp-json\/wp\/v2\/tags?post=131659"}],"curies":[{"name":"wp","href":"https:\/\/api.w.org\/{rel}","templated":true}]}}