{"id":131988,"date":"2018-01-23T16:21:46","date_gmt":"2018-01-23T15:21:46","guid":{"rendered":"http:\/\/www.leccecronaca.it\/?p=131988"},"modified":"2018-01-23T16:23:10","modified_gmt":"2018-01-23T15:23:10","slug":"nella-suggestiva-location-della-torre-cinquecentesca-serata-di-musica-e-cultura-jazz-a-salignano-venerdi-26","status":"publish","type":"post","link":"https:\/\/www.leccecronaca.it\/index.php\/2018\/01\/23\/nella-suggestiva-location-della-torre-cinquecentesca-serata-di-musica-e-cultura-jazz-a-salignano-venerdi-26\/","title":{"rendered":"NELLA SUGGESTIVA LOCATION DELLA TORRE ANTICA, SERATA DI MUSICA E CULTURA JAZZ A SALIGNANO VENERDI&#8217; 26"},"content":{"rendered":"<p><img decoding=\"async\" loading=\"lazy\" class=\"alignleft size-medium wp-image-131992\" src=\"https:\/\/www.leccecronaca.it\/wordpress\/wp-content\/uploads\/2018\/01\/22886328_10214978295956356_5592618552255828925_n-300x300.jpg\" alt=\"\" width=\"300\" height=\"300\" srcset=\"https:\/\/www.leccecronaca.it\/wordpress\/wp-content\/uploads\/2018\/01\/22886328_10214978295956356_5592618552255828925_n-300x300.jpg 300w, https:\/\/www.leccecronaca.it\/wordpress\/wp-content\/uploads\/2018\/01\/22886328_10214978295956356_5592618552255828925_n-150x150.jpg 150w, https:\/\/www.leccecronaca.it\/wordpress\/wp-content\/uploads\/2018\/01\/22886328_10214978295956356_5592618552255828925_n-60x60.jpg 60w, https:\/\/www.leccecronaca.it\/wordpress\/wp-content\/uploads\/2018\/01\/22886328_10214978295956356_5592618552255828925_n.jpg 756w\" sizes=\"(max-width: 300px) 100vw, 300px\" \/>(s.d.)______La Torre di Salignano riapre al Jazz.\u00a0Appuntamento nel piccolo borgo del Capo di Leuca venerd\u00ec 26 gennaio, alle 18.00, per la presentazione del libro di <strong>Ugo Sbis\u00e0 <\/strong>(nella foto) &#8220;<em>Puglia, le vie del jazz&#8221;<\/em>, Adda Editore.<\/p>\n<p>Dialogheranno con l\u2019autore\u00a0Eliana Augusti,\u00a0storica e direttore creativo del sito web\u00a0La Orilla &#8211; jazz e dintorni, e\u00a0Fulvio Palese,\u00a0musicista, compositore e insegnante di\u00a0saxofono.<\/p>\n<p>L\u2019ingresso \u00e8 libero, fino a esaurimento posti.<\/p>\n<p>L\u2019iniziativa, patrocinata dal comune di Castrignano del Capo, \u00e8 organizzata dell\u2019associazione culturale\u00a0Lampus, nel quadro del progetto\u00a0Parlami di Jazz,\u00a0che prosegue il suo percorso divulgativo fatto di musica e parole, sempre proposto in abbinamento a luoghi di forte fascino.<br \/>\nApprezzato scenario di due concerti gi\u00e0 organizzati da\u00a0Lampus\u00a0in occasione della Giornata Internazionale del Jazz &#8211; UNESCO nella scorsa primavera, la Torre, grazie al jazz, sta incontrando nuova luce, suscitando l&#8217;ammirazione di nuovo pubblico.<\/p>\n<p>&nbsp;<\/p>\n<p>Il libro<br \/>\nCon\u00a0Puglia, le et\u00e0 del jazz,\u00a0pubblicato da Adda editore nel mese di dicembre scorso,\u00a0Ugo Sbis\u00e0,\u00a0giornalista, critico musicale della\u00a0Gazzetta del\u00a0Mezzogiorno\u00a0e docente di storia del Jazz, ha voluto comporre una sorta di puzzle a forma di Puglia, composto di tante tessere fatte di storie, aneddoti, ricordi, luoghi, personaggi, unite tra loro da un solo elemento: il Jazz. Quindi, non una\u00a0snocciolatura cronografica &#8220;a freddo\u201d di dati, nomi ed eventi ma, come lo stesso autore sottolinea,<em> \u201cuna storia, tante storie, un percorso storico, critico\u00a0e sociale del jazz suonato e ascoltato a Bari e nel resto\u00a0della Puglia dal Dopoguerra ai nostri giorni, attraverso\u00a0la rievocazione di concerti, episodi, festival\u00a0e la ricognizione delle sue principali forme espressive\u201d.\u00a0<\/em><\/p>\n<p>Permeato da una passione viscerale per il jazz e da una conoscenza profonda dello\u00a0scenario musicale\u00a0pugliese, l\u2019autore compone il suo puzzle utilizzando tessere sbiadite in bianco e nero risalenti al Dopoguerra alternandole ad altre dai colori pi\u00f9 vividi di un passato meno remoto.<br \/>\nIl percorso tracciato da Sbis\u00e0, che guarda al passato anelando a un virtuoso futuro, \u00e8 denso e mostra luci e ombre di un panorama variegato che nel tempo ha vissuto fasi alterne di picchi\u00a0d\u2019eccellenza e di opaca stagnazione. Sono moltissimi elementi di riflessione &#8211; a volte dolci, ma anche amari &#8211; che emergono dal libro, che vede protagonisti non solo i musicisti, ma gli organizzatori di festival e rassegne musicali, fucine creative a volte sostenute dal mondo politico, a volte colpevolmente trascurate. Un libro che apprezzeranno gli addetti ai lavori ma anche i curiosi che scopriranno la creativit\u00e0 che la Puglia ha saputo esprimere nel jazz attraverso tanti suoi talenti. Un libro prezioso che ogni assessore alla cultura e al turismo delle amministrazioni pugliesi dovrebbe leggere facendone tesoro!<\/p>\n<p>&nbsp;<\/p>\n<p>La Torre di Salignano<\/p>\n<p>Costruita intorno al XVI secolo ha pianta circolare con diametro di 20 metri e altezza di 15. E&#8217; una delle torri meglio conservate di tutto il Salento. Costituita da due piani, con una caditoia interna in corrispondenza della porta principale. I due piani sono collegati tra loro da una scaletta ricavata all&#8217;interno della struttura che arriva fin sopra il terrazzo. Al piano terra \u00e8 presente un camino ed una cisterna. In corrispondenza del centro della volta \u00e8 presente un orifizio che era utilizzato per le comunicazioni tra i due piani. Questa torre di seconda linea d\u00e0 perfettamente l&#8217;idea dell&#8217;architettura militare del tempo con le sue imponenti caditoie per la difesa piombante, i beccatelli e le feritoie.<\/p>\n<fb:like href='https:\/\/www.leccecronaca.it\/index.php\/2018\/01\/23\/nella-suggestiva-location-della-torre-cinquecentesca-serata-di-musica-e-cultura-jazz-a-salignano-venerdi-26\/' send='true' layout='button_count' show_faces='true' width='450' height='65' action='recommend' colorscheme='light' font='lucida grande'><\/fb:like><span class=\"fb_share\"><fb:like href=\"https:\/\/www.leccecronaca.it\/index.php\/2018\/01\/23\/nella-suggestiva-location-della-torre-cinquecentesca-serata-di-musica-e-cultura-jazz-a-salignano-venerdi-26\/\" layout=\"button_count\"><\/fb:like><\/span>","protected":false},"excerpt":{"rendered":"<p>(s.d.)______La Torre di Salignano riapre al Jazz.\u00a0Appuntamento nel piccolo borgo del Capo di Leuca venerd\u00ec 26 gennaio, alle 18.00, per la presentazione del libro di Ugo Sbis\u00e0 (nella foto) &#8220;Puglia, le vie del jazz&#8221;, Adda Editore. Dialogheranno con l\u2019autore\u00a0Eliana Augusti,\u00a0storica e direttore creativo del sito web\u00a0La Orilla &#8211; jazz e dintorni, e\u00a0Fulvio Palese,\u00a0musicista, compositore e [&hellip;]<\/p>\n","protected":false},"author":4,"featured_media":131992,"comment_status":"open","ping_status":"closed","sticky":false,"template":"","format":"standard","meta":[],"categories":[31,75,57],"tags":[],"_links":{"self":[{"href":"https:\/\/www.leccecronaca.it\/index.php\/wp-json\/wp\/v2\/posts\/131988"}],"collection":[{"href":"https:\/\/www.leccecronaca.it\/index.php\/wp-json\/wp\/v2\/posts"}],"about":[{"href":"https:\/\/www.leccecronaca.it\/index.php\/wp-json\/wp\/v2\/types\/post"}],"author":[{"embeddable":true,"href":"https:\/\/www.leccecronaca.it\/index.php\/wp-json\/wp\/v2\/users\/4"}],"replies":[{"embeddable":true,"href":"https:\/\/www.leccecronaca.it\/index.php\/wp-json\/wp\/v2\/comments?post=131988"}],"version-history":[{"count":2,"href":"https:\/\/www.leccecronaca.it\/index.php\/wp-json\/wp\/v2\/posts\/131988\/revisions"}],"predecessor-version":[{"id":131994,"href":"https:\/\/www.leccecronaca.it\/index.php\/wp-json\/wp\/v2\/posts\/131988\/revisions\/131994"}],"wp:featuredmedia":[{"embeddable":true,"href":"https:\/\/www.leccecronaca.it\/index.php\/wp-json\/wp\/v2\/media\/131992"}],"wp:attachment":[{"href":"https:\/\/www.leccecronaca.it\/index.php\/wp-json\/wp\/v2\/media?parent=131988"}],"wp:term":[{"taxonomy":"category","embeddable":true,"href":"https:\/\/www.leccecronaca.it\/index.php\/wp-json\/wp\/v2\/categories?post=131988"},{"taxonomy":"post_tag","embeddable":true,"href":"https:\/\/www.leccecronaca.it\/index.php\/wp-json\/wp\/v2\/tags?post=131988"}],"curies":[{"name":"wp","href":"https:\/\/api.w.org\/{rel}","templated":true}]}}