{"id":132090,"date":"2018-01-25T19:24:34","date_gmt":"2018-01-25T18:24:34","guid":{"rendered":"http:\/\/www.leccecronaca.it\/?p=132090"},"modified":"2018-01-25T19:26:57","modified_gmt":"2018-01-25T18:26:57","slug":"massimo-d-alema-gia-in-campagna-elettorale-nel-salento","status":"publish","type":"post","link":"https:\/\/www.leccecronaca.it\/index.php\/2018\/01\/25\/massimo-d-alema-gia-in-campagna-elettorale-nel-salento\/","title":{"rendered":"MASSIMO D&#8217; ALEMA E&#8217; GIA&#8217; IN CAMPAGNA ELETTORALE"},"content":{"rendered":"<p><img decoding=\"async\" loading=\"lazy\" class=\"alignleft size-medium wp-image-132091\" src=\"https:\/\/www.leccecronaca.it\/wordpress\/wp-content\/uploads\/2018\/01\/dada-300x184.jpg\" alt=\"\" width=\"300\" height=\"184\" srcset=\"https:\/\/www.leccecronaca.it\/wordpress\/wp-content\/uploads\/2018\/01\/dada-300x184.jpg 300w, https:\/\/www.leccecronaca.it\/wordpress\/wp-content\/uploads\/2018\/01\/dada-768x470.jpg 768w, https:\/\/www.leccecronaca.it\/wordpress\/wp-content\/uploads\/2018\/01\/dada.jpg 863w\" sizes=\"(max-width: 300px) 100vw, 300px\" \/>(g.p.)______<\/p>\n<p>Ancora non c&#8217;\u00e8 l&#8217; ufficialit\u00e0 sui candidati delle liste di Liberi e Uguali, anch&#8217; essi come tutti i partiti di spessore travolti dalle polemiche interne e dal fuoco amico su scala locale e nazionale.<\/p>\n<p>Fibrillazione continua, indistinta, generalizzata, in questa per ora bruttissima campagna elettorale, che non ha risparmiato nemmeno gli &#8216;scissionisti&#8217; del Pd, subissati di accuse dai loro spessi militanti di &#8216;metodi fascisti&#8217;, che \u00e8 il massimo, di logiche da &#8216;cerchio magico&#8217;, di rivolte fisiche e virtuali, e cos\u00ec via.<\/p>\n<p>Massimo D&#8217; Alema\u00a0(nella foto di archivio, in un\u2019 immagine giovanile da \u2018rivoluzionario triste\u2019)\u00a0 per\u00f2 \u00e8 sicuro della ricandidatura, dopo sette legislature, tanto, decenni in parlamento, ch\u00e9 pure la Fornero l&#8217; avrebbe mandato in pensione: affronta l&#8217; ottava campagna elettorale per le politiche, qui nel Salento, dove sar\u00e0 ripresentato al Senato e in cui molto avr\u00e0 da dire e da ridire, a cominciare dall&#8217; affair gasdotto Tap, tema su cui in molti lo aspettano al varco.<\/p>\n<p>E&#8217; gi\u00e0 in tour.<\/p>\n<p>Sar\u00e0 nel Salento nelle giornate di venerd\u00ec 26 e sabato 27 gennaio\u00a0 per una serie di incontri in vista delle elezioni politiche del 4 marzo. Ad accompagnarlo il Presidente del Gruppo consiliare Art.1-Mdp e Coordinatore regionale Ernesto Abaterusso.<\/p>\n<p>&nbsp;<\/p>\n<p>Venerd\u00ec 26 gennaio<\/p>\n<p>Alle ore 18, sar\u00e0 a Copertino per prendere parte ad un incontro al Comitato Elettorale di Liberi e Uguali di via Margherita di Savoia, nei pressi della Colonna di San Sebastiano.<br \/>\nAlle ore 19 sar\u00e0 al Cinema Teatro Tartaro di Galatina sul Corso Principe di Piemonte, per partecipare ad una iniziativa pubblica.<\/p>\n<p>Sabato 27 gennaio<\/p>\n<p>Alle ore 17, si recher\u00e0 a Salice Salentino per incontrare i cittadini al Centro Polifunzionale \u201cPadre B. Perrone\u201d.<br \/>\nAlle ore 19 chiuder\u00e0 la giornata salentina al teatro Carducci di Parabita.<\/p>\n<p>&nbsp;<\/p>\n<p>&nbsp;<\/p>\n<fb:like href='https:\/\/www.leccecronaca.it\/index.php\/2018\/01\/25\/massimo-d-alema-gia-in-campagna-elettorale-nel-salento\/' send='true' layout='button_count' show_faces='true' width='450' height='65' action='recommend' colorscheme='light' font='lucida grande'><\/fb:like><span class=\"fb_share\"><fb:like href=\"https:\/\/www.leccecronaca.it\/index.php\/2018\/01\/25\/massimo-d-alema-gia-in-campagna-elettorale-nel-salento\/\" layout=\"button_count\"><\/fb:like><\/span>","protected":false},"excerpt":{"rendered":"<p>(g.p.)______ Ancora non c&#8217;\u00e8 l&#8217; ufficialit\u00e0 sui candidati delle liste di Liberi e Uguali, anch&#8217; essi come tutti i partiti di spessore travolti dalle polemiche interne e dal fuoco amico su scala locale e nazionale. Fibrillazione continua, indistinta, generalizzata, in questa per ora bruttissima campagna elettorale, che non ha risparmiato nemmeno gli &#8216;scissionisti&#8217; del Pd, [&hellip;]<\/p>\n","protected":false},"author":4,"featured_media":132091,"comment_status":"open","ping_status":"closed","sticky":false,"template":"","format":"standard","meta":[],"categories":[69,76],"tags":[],"_links":{"self":[{"href":"https:\/\/www.leccecronaca.it\/index.php\/wp-json\/wp\/v2\/posts\/132090"}],"collection":[{"href":"https:\/\/www.leccecronaca.it\/index.php\/wp-json\/wp\/v2\/posts"}],"about":[{"href":"https:\/\/www.leccecronaca.it\/index.php\/wp-json\/wp\/v2\/types\/post"}],"author":[{"embeddable":true,"href":"https:\/\/www.leccecronaca.it\/index.php\/wp-json\/wp\/v2\/users\/4"}],"replies":[{"embeddable":true,"href":"https:\/\/www.leccecronaca.it\/index.php\/wp-json\/wp\/v2\/comments?post=132090"}],"version-history":[{"count":4,"href":"https:\/\/www.leccecronaca.it\/index.php\/wp-json\/wp\/v2\/posts\/132090\/revisions"}],"predecessor-version":[{"id":132095,"href":"https:\/\/www.leccecronaca.it\/index.php\/wp-json\/wp\/v2\/posts\/132090\/revisions\/132095"}],"wp:featuredmedia":[{"embeddable":true,"href":"https:\/\/www.leccecronaca.it\/index.php\/wp-json\/wp\/v2\/media\/132091"}],"wp:attachment":[{"href":"https:\/\/www.leccecronaca.it\/index.php\/wp-json\/wp\/v2\/media?parent=132090"}],"wp:term":[{"taxonomy":"category","embeddable":true,"href":"https:\/\/www.leccecronaca.it\/index.php\/wp-json\/wp\/v2\/categories?post=132090"},{"taxonomy":"post_tag","embeddable":true,"href":"https:\/\/www.leccecronaca.it\/index.php\/wp-json\/wp\/v2\/tags?post=132090"}],"curies":[{"name":"wp","href":"https:\/\/api.w.org\/{rel}","templated":true}]}}