{"id":132176,"date":"2018-01-27T18:16:41","date_gmt":"2018-01-27T17:16:41","guid":{"rendered":"http:\/\/www.leccecronaca.it\/?p=132176"},"modified":"2018-01-27T18:19:51","modified_gmt":"2018-01-27T17:19:51","slug":"inaugurato-l-anno-giudiziario-sempre-piu-impresa-economica-e-sociale-ma-sui-terreni-confiscati-alla-mafia-sorgera-la-nuova-cittadella-giudiziaria","status":"publish","type":"post","link":"https:\/\/www.leccecronaca.it\/index.php\/2018\/01\/27\/inaugurato-l-anno-giudiziario-sempre-piu-impresa-economica-e-sociale-ma-sui-terreni-confiscati-alla-mafia-sorgera-la-nuova-cittadella-giudiziaria\/","title":{"rendered":"INAUGURATO L&#8217; ANNO GIUDIZIARIO. LA SCU SEMPRE PIU&#8217; IMPRESA ECONOMICA E SOCIALE. MA SUI TERRENI CONFISCATI ALLA MAFIA SORGERA&#8217; LA NUOVA CITTADELLA"},"content":{"rendered":"<p><img decoding=\"async\" loading=\"lazy\" class=\"alignleft size-medium wp-image-132177\" src=\"https:\/\/www.leccecronaca.it\/wordpress\/wp-content\/uploads\/2018\/01\/untitled13-300x89.png\" alt=\"\" width=\"300\" height=\"89\" srcset=\"https:\/\/www.leccecronaca.it\/wordpress\/wp-content\/uploads\/2018\/01\/untitled13-300x89.png 300w, https:\/\/www.leccecronaca.it\/wordpress\/wp-content\/uploads\/2018\/01\/untitled13.png 470w\" sizes=\"(max-width: 300px) 100vw, 300px\" \/>di <strong>Emanuele Lezzi______<\/strong><\/p>\n<p>&nbsp;<\/p>\n<p>&nbsp;<\/p>\n<p>&nbsp;<\/p>\n<p>Inaugurato l\u2019 anno giudiziario questa mattina a Lecce. Nell&#8217; affrontare i temi della giustizia e le novit\u00e0 sopravvenute, nella relazione dell procuratore generale della Corte d\u2019 Appello Antonio Mariuccia (nella foto) l&#8217; elemento pi\u00f9 caratterizzante \u00e8 stato il &#8216;flash&#8217; scattato con preoccupazione sulla Sacra Corona Unit\u00e0, che sempre pi\u00f9 si sta facendo impresa economica e sempre pi\u00f9, al tempo stesso, contropotere sociale.<\/p>\n<p>Ma la novit\u00e0 \u00e8 stata un&#8217; altra: l&#8217; annuncio del procuratore del fatto che sono stati individuati lungo la via Adriatica, in\u00a0 propriet\u00e0 confiscate alla mafia, i terreni su cui sorger\u00e0\u00a0la nuova Cittadella della Giustizia, <em>\u201cun polo con tutti i servizi, moderno e adeguato alle necessit\u00e0\u201d.<\/em><\/p>\n<p>Nel pomeriggio l&#8217; ufficio &#8211; stampa del Comune ha fatto sapere che marted\u00ec prossimo la Giunta comunale approver\u00e0 il Protocollo d\u2019intesa che regoler\u00e0 i rapporti tra il Comune di Lecce e il Ministero della Giustizia proprio ai fini della realizzazione di questa importante opera.<\/p>\n<p>&nbsp;<\/p>\n<p>&nbsp;<\/p>\n<fb:like href='https:\/\/www.leccecronaca.it\/index.php\/2018\/01\/27\/inaugurato-l-anno-giudiziario-sempre-piu-impresa-economica-e-sociale-ma-sui-terreni-confiscati-alla-mafia-sorgera-la-nuova-cittadella-giudiziaria\/' send='true' layout='button_count' show_faces='true' width='450' height='65' action='recommend' colorscheme='light' font='lucida grande'><\/fb:like><span class=\"fb_share\"><fb:like href=\"https:\/\/www.leccecronaca.it\/index.php\/2018\/01\/27\/inaugurato-l-anno-giudiziario-sempre-piu-impresa-economica-e-sociale-ma-sui-terreni-confiscati-alla-mafia-sorgera-la-nuova-cittadella-giudiziaria\/\" layout=\"button_count\"><\/fb:like><\/span>","protected":false},"excerpt":{"rendered":"<p>di Emanuele Lezzi______ &nbsp; &nbsp; &nbsp; Inaugurato l\u2019 anno giudiziario questa mattina a Lecce. Nell&#8217; affrontare i temi della giustizia e le novit\u00e0 sopravvenute, nella relazione dell procuratore generale della Corte d\u2019 Appello Antonio Mariuccia (nella foto) l&#8217; elemento pi\u00f9 caratterizzante \u00e8 stato il &#8216;flash&#8217; scattato con preoccupazione sulla Sacra Corona Unit\u00e0, che sempre pi\u00f9 [&hellip;]<\/p>\n","protected":false},"author":4,"featured_media":132177,"comment_status":"open","ping_status":"closed","sticky":false,"template":"","format":"standard","meta":[],"categories":[69,76],"tags":[],"_links":{"self":[{"href":"https:\/\/www.leccecronaca.it\/index.php\/wp-json\/wp\/v2\/posts\/132176"}],"collection":[{"href":"https:\/\/www.leccecronaca.it\/index.php\/wp-json\/wp\/v2\/posts"}],"about":[{"href":"https:\/\/www.leccecronaca.it\/index.php\/wp-json\/wp\/v2\/types\/post"}],"author":[{"embeddable":true,"href":"https:\/\/www.leccecronaca.it\/index.php\/wp-json\/wp\/v2\/users\/4"}],"replies":[{"embeddable":true,"href":"https:\/\/www.leccecronaca.it\/index.php\/wp-json\/wp\/v2\/comments?post=132176"}],"version-history":[{"count":4,"href":"https:\/\/www.leccecronaca.it\/index.php\/wp-json\/wp\/v2\/posts\/132176\/revisions"}],"predecessor-version":[{"id":132181,"href":"https:\/\/www.leccecronaca.it\/index.php\/wp-json\/wp\/v2\/posts\/132176\/revisions\/132181"}],"wp:featuredmedia":[{"embeddable":true,"href":"https:\/\/www.leccecronaca.it\/index.php\/wp-json\/wp\/v2\/media\/132177"}],"wp:attachment":[{"href":"https:\/\/www.leccecronaca.it\/index.php\/wp-json\/wp\/v2\/media?parent=132176"}],"wp:term":[{"taxonomy":"category","embeddable":true,"href":"https:\/\/www.leccecronaca.it\/index.php\/wp-json\/wp\/v2\/categories?post=132176"},{"taxonomy":"post_tag","embeddable":true,"href":"https:\/\/www.leccecronaca.it\/index.php\/wp-json\/wp\/v2\/tags?post=132176"}],"curies":[{"name":"wp","href":"https:\/\/api.w.org\/{rel}","templated":true}]}}