{"id":132299,"date":"2018-01-30T12:51:47","date_gmt":"2018-01-30T11:51:47","guid":{"rendered":"http:\/\/www.leccecronaca.it\/?p=132299"},"modified":"2018-01-30T12:52:10","modified_gmt":"2018-01-30T11:52:10","slug":"una-storia-di-uomini-e-di-vento-la-serata-dedicata-alla-grotta-dei-cervi-a-lecce-giovedi-1-febbraio","status":"publish","type":"post","link":"https:\/\/www.leccecronaca.it\/index.php\/2018\/01\/30\/una-storia-di-uomini-e-di-vento-la-serata-dedicata-alla-grotta-dei-cervi-a-lecce-giovedi-1-febbraio\/","title":{"rendered":"&#8220;Una Storia di Uomini e di Vento&#8221;, UNA SERATA DEDICATA ALLA GROTTA DEI CERVI A LECCE GIOVEDI&#8217; 1 FEBBRAIO"},"content":{"rendered":"<p><img decoding=\"async\" loading=\"lazy\" class=\"alignleft size-medium wp-image-132300\" src=\"https:\/\/www.leccecronaca.it\/wordpress\/wp-content\/uploads\/2018\/01\/grotta-cervi-porto-badisco-300x169.jpg\" alt=\"\" width=\"300\" height=\"169\" srcset=\"https:\/\/www.leccecronaca.it\/wordpress\/wp-content\/uploads\/2018\/01\/grotta-cervi-porto-badisco-300x169.jpg 300w, https:\/\/www.leccecronaca.it\/wordpress\/wp-content\/uploads\/2018\/01\/grotta-cervi-porto-badisco.jpg 750w\" sizes=\"(max-width: 300px) 100vw, 300px\" \/>(s.d.)______\u201cE\u2019 unica al mondo vogliamo valorizzarla\u201d. Cos\u00ec il presidente dell&#8217; associazione Valori e Rinnovamento Wojtek Pankiewicz\u00a0 sintetizza la serata dedicata alla Grotta dei Cervi, cui parteciper\u00e0 la moglie dello scopritore Severino Albertini.<\/p>\n<p>&#8220;Una Storia di Uomini e di Vento&#8221; sar\u00e0 raccontata gioved\u00ec 1 febbraio, alle 18.30, a Lecce, a PalazzoTurrisi, in via Marco Basseo, nel quarantottesimo anniversario della scoperta\u00a0della Grotta dei Cervi, a Porto Badisco: una storia di\u00a0 seimila anni, che contiene tremila pittogrammi, e fisicamente si sviluppa per un totale di seicento metri di percorso.<\/p>\n<p>&nbsp;<\/p>\n<p>Introduce la serata Wojtek Pankiewicz, presidente di \u201cValori e Rinnovamento\u201d.<\/p>\n<p>Relazioni di\u00a0Lucia Renna, docente Lettere moderne, su \u201cLa Grotta dei Cervi, creatura silenziosa che merita di brillare\u201d;\u00a0Davide Linciano, architetto, su \u201cSpeleogrammi\u201d: una riproduzione dei pittogrammi presenti in grotta (software Autocad e Artlantis);\u00a0Marisa Grande, docente di Storia dell\u2019arte, su \u201cLA GROTTA DEI CERVI DI PORTO BADISCO-chiave di lettura: Paleoastronomia culturale\u201c;\u00a0Bruna Caroli, psicologa, su \u201cLe suggestioni dal passato\u201d;\u00a0Matteo Maria Ungaro, ingegnere dei materiali,su \u201cCondizioni micro-climatiche all\u2019interno della Grotta dei Cervi\u201d;<\/p>\n<p>Seguir\u00e0 l&#8217; incontro con familiari e amici degli scopritori della Grotta dei Cervi. Conduce Bruna Caroli. Parteciperanno Rosanna Albertini, moglie di Severino Albertini; Riccardo Rella, amico degli scopritori. L\u2019intervista si concluder\u00e0 con l\u2019intervento di Luciano Faggiano, titolare del \u201cMuseo Faggiano\u201d di Lecce.<\/p>\n<p>Interventi di Assunta Capraro, artista, con la poesia \u201cFigli della Luna Rossa\u201d;\u00a0Ivan Cancelliere, speleologo, su \u201cGrotta dei Cervi: valorizzazione del santuario neolitico\u201d;\u00a0Maria Del Rosso, giornalista,su \u201cLa Grotta dei Cervi e il Dio che danza\u201d.<\/p>\n<p>Concluder\u00e0 la serata Paolo Colazzo, artista e ricercatore del Tarantismo, con un breve intervento dal titolo \u201cSalento: l\u2019Alfa e l\u2019Omega Gemelli\u201d.<\/p>\n<p>Seguir\u00e0 una sua esibizione di musica naturale a carattere magico e religioso.<\/p>\n<p>Progetto ideato da : Anna Frappampina e Davide Linciano<\/p>\n<p>Regista: Ennio Rella<\/p>\n<p>Dipinti e Installazioni: Irma Don Giovanni e Anna Frappampina<\/p>\n<p>INGRESSO LIBERO<\/p>\n<p>&nbsp;<\/p>\n<p>&nbsp;<\/p>\n<p>&nbsp;<\/p>\n<fb:like href='https:\/\/www.leccecronaca.it\/index.php\/2018\/01\/30\/una-storia-di-uomini-e-di-vento-la-serata-dedicata-alla-grotta-dei-cervi-a-lecce-giovedi-1-febbraio\/' send='true' layout='button_count' show_faces='true' width='450' height='65' action='recommend' colorscheme='light' font='lucida grande'><\/fb:like><span class=\"fb_share\"><fb:like href=\"https:\/\/www.leccecronaca.it\/index.php\/2018\/01\/30\/una-storia-di-uomini-e-di-vento-la-serata-dedicata-alla-grotta-dei-cervi-a-lecce-giovedi-1-febbraio\/\" layout=\"button_count\"><\/fb:like><\/span>","protected":false},"excerpt":{"rendered":"<p>(s.d.)______\u201cE\u2019 unica al mondo vogliamo valorizzarla\u201d. Cos\u00ec il presidente dell&#8217; associazione Valori e Rinnovamento Wojtek Pankiewicz\u00a0 sintetizza la serata dedicata alla Grotta dei Cervi, cui parteciper\u00e0 la moglie dello scopritore Severino Albertini. &#8220;Una Storia di Uomini e di Vento&#8221; sar\u00e0 raccontata gioved\u00ec 1 febbraio, alle 18.30, a Lecce, a PalazzoTurrisi, in via Marco Basseo, nel [&hellip;]<\/p>\n","protected":false},"author":4,"featured_media":132300,"comment_status":"open","ping_status":"closed","sticky":false,"template":"","format":"standard","meta":[],"categories":[31,75],"tags":[],"_links":{"self":[{"href":"https:\/\/www.leccecronaca.it\/index.php\/wp-json\/wp\/v2\/posts\/132299"}],"collection":[{"href":"https:\/\/www.leccecronaca.it\/index.php\/wp-json\/wp\/v2\/posts"}],"about":[{"href":"https:\/\/www.leccecronaca.it\/index.php\/wp-json\/wp\/v2\/types\/post"}],"author":[{"embeddable":true,"href":"https:\/\/www.leccecronaca.it\/index.php\/wp-json\/wp\/v2\/users\/4"}],"replies":[{"embeddable":true,"href":"https:\/\/www.leccecronaca.it\/index.php\/wp-json\/wp\/v2\/comments?post=132299"}],"version-history":[{"count":2,"href":"https:\/\/www.leccecronaca.it\/index.php\/wp-json\/wp\/v2\/posts\/132299\/revisions"}],"predecessor-version":[{"id":132302,"href":"https:\/\/www.leccecronaca.it\/index.php\/wp-json\/wp\/v2\/posts\/132299\/revisions\/132302"}],"wp:featuredmedia":[{"embeddable":true,"href":"https:\/\/www.leccecronaca.it\/index.php\/wp-json\/wp\/v2\/media\/132300"}],"wp:attachment":[{"href":"https:\/\/www.leccecronaca.it\/index.php\/wp-json\/wp\/v2\/media?parent=132299"}],"wp:term":[{"taxonomy":"category","embeddable":true,"href":"https:\/\/www.leccecronaca.it\/index.php\/wp-json\/wp\/v2\/categories?post=132299"},{"taxonomy":"post_tag","embeddable":true,"href":"https:\/\/www.leccecronaca.it\/index.php\/wp-json\/wp\/v2\/tags?post=132299"}],"curies":[{"name":"wp","href":"https:\/\/api.w.org\/{rel}","templated":true}]}}