{"id":132343,"date":"2018-01-31T14:46:00","date_gmt":"2018-01-31T13:46:00","guid":{"rendered":"http:\/\/www.leccecronaca.it\/?p=132343"},"modified":"2018-01-31T17:38:08","modified_gmt":"2018-01-31T16:38:08","slug":"l-ex-sindaco-di-nardo-marcello-risi-candidato-di-liberi-e-uguali-alla-camera-si-racconta","status":"publish","type":"post","link":"https:\/\/www.leccecronaca.it\/index.php\/2018\/01\/31\/l-ex-sindaco-di-nardo-marcello-risi-candidato-di-liberi-e-uguali-alla-camera-si-racconta\/","title":{"rendered":"L&#8217; EX SINDACO DI NARDO&#8217; MARCELLO RISI, CANDIDATO DI LIBERI E UGUALI ALLA CAMERA DEI DEPUTATI, SI RACCONTA"},"content":{"rendered":"<p><img decoding=\"async\" loading=\"lazy\" class=\"alignleft size-medium wp-image-132345\" src=\"https:\/\/www.leccecronaca.it\/wordpress\/wp-content\/uploads\/2018\/01\/Marcello-Risi_Liberi-e-Uguali-200x300.jpg\" alt=\"\" width=\"200\" height=\"300\" srcset=\"https:\/\/www.leccecronaca.it\/wordpress\/wp-content\/uploads\/2018\/01\/Marcello-Risi_Liberi-e-Uguali-200x300.jpg 200w, https:\/\/www.leccecronaca.it\/wordpress\/wp-content\/uploads\/2018\/01\/Marcello-Risi_Liberi-e-Uguali-683x1024.jpg 683w, https:\/\/www.leccecronaca.it\/wordpress\/wp-content\/uploads\/2018\/01\/Marcello-Risi_Liberi-e-Uguali-768x1152.jpg 768w, https:\/\/www.leccecronaca.it\/wordpress\/wp-content\/uploads\/2018\/01\/Marcello-Risi_Liberi-e-Uguali-1024x1536.jpg 1024w, https:\/\/www.leccecronaca.it\/wordpress\/wp-content\/uploads\/2018\/01\/Marcello-Risi_Liberi-e-Uguali.jpg 1248w\" sizes=\"(max-width: 200px) 100vw, 200px\" \/>(g.p.)______Marcello Risi, candidato i Liberi e Uguali\u00a0all&#8217;uninominale per la Camera dei Deputati nel collegio di Nard\u00f2, ci manda il suo &#8220;profilo personale&#8221;, che pubblichiamo qui di seguito, come ricevuto______<\/p>\n<p align=\"justify\">Marcello Risi nasce a Nard\u00f2 nel settembre del 1966. Figlio di Guido, tabaccaio, e di Tonina, casalinga, \u00e8 nipote di Ottavio Risi, per anni consigliere comunale di sinistra. Cattolico, \u00e8 sposato con Barbara De Vitis, docente di informatica alle scuole superiori, e padre di Federica e Gabriele, di 16 e 14 anni, entrambi studenti al liceo classico di Nard\u00f2.<\/p>\n<p align=\"justify\">Dopo la maturit\u00e0 classica, Risi studia legge all\u2019universit\u00e0 di Pisa e collabora come giornalista con redazioni locali toscane. Si laurea con lode con una tesi in Diritto delle banche. Fra i compagni di studi vi sono l\u2019ex premier Enrico Letta e l\u2019attuale ministro della giustizia Andrea Orlando. Svolge la professione di avvocato. Preciso, attento, serio e con un forte senso di responsabilit\u00e0, ama la letteratura, la saggistica e la musica. \u00c8 anche cantautore.<\/p>\n<p align=\"justify\">Risi comincia a fare politica al ginnasio appena quattordicenne. A quegli anni risale la conoscenza con Massimo D\u2019Alema, allora giovane dirigente del Pci a Bari. Ricopre diversi incarichi di partito nel PDS, nei DS e nel PD. Nel 1998 viene eletto per la prima volta in consiglio comunale a Nard\u00f2, citt\u00e0 di cui \u00e8 stato vicesindaco dal 2002 al 2007, e poi sindaco dal 2011 al 2016.<\/p>\n<p align=\"justify\">Il rapporto con il Partito Democratico \u00e8 complicato. Da candidato sindaco, il PD sceglie di non sostenerlo. Blasi, segretario regionale del partito, ed Emiliano gli preferiscono un candidato che poi si alleer\u00e0 con Forza Italia. A suo favore nel PD si espongono in pochi, fra cui D\u2019Alema che dichiara: \u201c<i>Conosciamo la storia di Marcello Risi. Sar\u00e0 un ottimo sindaco<\/i>\u201d. Ma questo non basta a convincere il partito. Risi vince, ma la ferita sanguina ancora.<\/p>\n<p align=\"justify\">Al congresso del PD sostiene l\u2019amico e compagno di studi Andrea Orlando, ma dopo le primarie lascia il partito: \u201c<i>Era ben chiaro che Renzi ed Emiliano avrebbero bruciato, per autonome ambizioni personali, il corpo vivo del Partito democratico. L\u2019ho detto agli amici della mozione Orlando, ma molti, inspiegabilmente, si sono illusi<\/i>\u201d.<\/p>\n<p align=\"justify\">Oggi Risi \u00e8 candidato in Liberi e Uguali all&#8217;uninominale per la Camera dei Deputati nel collegio di Nard\u00f2. Di fronte il PD gli ha piazzato Sergio Blasi che nel 2011 tent\u00f2 di sbarrargli la strada a sindaco, \u201c<i>ma con Sergio ci siamo chiariti da tempo<\/i>\u201d, dichiara. Con Emiliano, invece, non si parlano pi\u00f9 da molti mesi.<\/p>\n<p>&nbsp;<\/p>\n<p>&nbsp;<\/p>\n<p>&nbsp;<\/p>\n<p>&nbsp;<\/p>\n<p>&nbsp;<\/p>\n<p>&nbsp;<\/p>\n<p>&nbsp;<\/p>\n<p>&nbsp;<\/p>\n<p>&nbsp;<\/p>\n<fb:like href='https:\/\/www.leccecronaca.it\/index.php\/2018\/01\/31\/l-ex-sindaco-di-nardo-marcello-risi-candidato-di-liberi-e-uguali-alla-camera-si-racconta\/' send='true' layout='button_count' show_faces='true' width='450' height='65' action='recommend' colorscheme='light' font='lucida grande'><\/fb:like><span class=\"fb_share\"><fb:like href=\"https:\/\/www.leccecronaca.it\/index.php\/2018\/01\/31\/l-ex-sindaco-di-nardo-marcello-risi-candidato-di-liberi-e-uguali-alla-camera-si-racconta\/\" layout=\"button_count\"><\/fb:like><\/span>","protected":false},"excerpt":{"rendered":"<p>(g.p.)______Marcello Risi, candidato i Liberi e Uguali\u00a0all&#8217;uninominale per la Camera dei Deputati nel collegio di Nard\u00f2, ci manda il suo &#8220;profilo personale&#8221;, che pubblichiamo qui di seguito, come ricevuto______ Marcello Risi nasce a Nard\u00f2 nel settembre del 1966. Figlio di Guido, tabaccaio, e di Tonina, casalinga, \u00e8 nipote di Ottavio Risi, per anni consigliere comunale [&hellip;]<\/p>\n","protected":false},"author":4,"featured_media":132345,"comment_status":"open","ping_status":"closed","sticky":false,"template":"","format":"standard","meta":[],"categories":[76],"tags":[],"_links":{"self":[{"href":"https:\/\/www.leccecronaca.it\/index.php\/wp-json\/wp\/v2\/posts\/132343"}],"collection":[{"href":"https:\/\/www.leccecronaca.it\/index.php\/wp-json\/wp\/v2\/posts"}],"about":[{"href":"https:\/\/www.leccecronaca.it\/index.php\/wp-json\/wp\/v2\/types\/post"}],"author":[{"embeddable":true,"href":"https:\/\/www.leccecronaca.it\/index.php\/wp-json\/wp\/v2\/users\/4"}],"replies":[{"embeddable":true,"href":"https:\/\/www.leccecronaca.it\/index.php\/wp-json\/wp\/v2\/comments?post=132343"}],"version-history":[{"count":5,"href":"https:\/\/www.leccecronaca.it\/index.php\/wp-json\/wp\/v2\/posts\/132343\/revisions"}],"predecessor-version":[{"id":132370,"href":"https:\/\/www.leccecronaca.it\/index.php\/wp-json\/wp\/v2\/posts\/132343\/revisions\/132370"}],"wp:featuredmedia":[{"embeddable":true,"href":"https:\/\/www.leccecronaca.it\/index.php\/wp-json\/wp\/v2\/media\/132345"}],"wp:attachment":[{"href":"https:\/\/www.leccecronaca.it\/index.php\/wp-json\/wp\/v2\/media?parent=132343"}],"wp:term":[{"taxonomy":"category","embeddable":true,"href":"https:\/\/www.leccecronaca.it\/index.php\/wp-json\/wp\/v2\/categories?post=132343"},{"taxonomy":"post_tag","embeddable":true,"href":"https:\/\/www.leccecronaca.it\/index.php\/wp-json\/wp\/v2\/tags?post=132343"}],"curies":[{"name":"wp","href":"https:\/\/api.w.org\/{rel}","templated":true}]}}