{"id":132344,"date":"2018-01-31T16:16:47","date_gmt":"2018-01-31T15:16:47","guid":{"rendered":"http:\/\/www.leccecronaca.it\/?p=132344"},"modified":"2018-01-31T17:55:41","modified_gmt":"2018-01-31T16:55:41","slug":"aikido-lo-stage-nazionale-di-bari-vede-protagoniste-le-scuole-leccesi","status":"publish","type":"post","link":"https:\/\/www.leccecronaca.it\/index.php\/2018\/01\/31\/aikido-lo-stage-nazionale-di-bari-vede-protagoniste-le-scuole-leccesi\/","title":{"rendered":"AIKIDO: LO STAGE NAZIONALE DI BARI VEDE PROTAGONISTE LE SCUOLE LECCESI &#8211; reportage fotografico"},"content":{"rendered":"<p><img decoding=\"async\" loading=\"lazy\" class=\"alignleft size-medium wp-image-132349\" src=\"https:\/\/www.leccecronaca.it\/wordpress\/wp-content\/uploads\/2018\/01\/stage-nazionale-27-28-genn-2018-Melcore-300x197.jpg\" alt=\"\" width=\"300\" height=\"197\" srcset=\"https:\/\/www.leccecronaca.it\/wordpress\/wp-content\/uploads\/2018\/01\/stage-nazionale-27-28-genn-2018-Melcore-300x197.jpg 300w, https:\/\/www.leccecronaca.it\/wordpress\/wp-content\/uploads\/2018\/01\/stage-nazionale-27-28-genn-2018-Melcore-1024x671.jpg 1024w, https:\/\/www.leccecronaca.it\/wordpress\/wp-content\/uploads\/2018\/01\/stage-nazionale-27-28-genn-2018-Melcore-768x503.jpg 768w, https:\/\/www.leccecronaca.it\/wordpress\/wp-content\/uploads\/2018\/01\/stage-nazionale-27-28-genn-2018-Melcore-1536x1007.jpg 1536w, https:\/\/www.leccecronaca.it\/wordpress\/wp-content\/uploads\/2018\/01\/stage-nazionale-27-28-genn-2018-Melcore.jpg 2000w\" sizes=\"(max-width: 300px) 100vw, 300px\" \/><img decoding=\"async\" loading=\"lazy\" class=\"alignleft size-medium wp-image-132353\" src=\"https:\/\/www.leccecronaca.it\/wordpress\/wp-content\/uploads\/2018\/01\/stage-nazionale-bari-2018-melcore-valerio-300x200.jpg\" alt=\"\" width=\"300\" height=\"200\" srcset=\"https:\/\/www.leccecronaca.it\/wordpress\/wp-content\/uploads\/2018\/01\/stage-nazionale-bari-2018-melcore-valerio-300x200.jpg 300w, https:\/\/www.leccecronaca.it\/wordpress\/wp-content\/uploads\/2018\/01\/stage-nazionale-bari-2018-melcore-valerio-1024x682.jpg 1024w, https:\/\/www.leccecronaca.it\/wordpress\/wp-content\/uploads\/2018\/01\/stage-nazionale-bari-2018-melcore-valerio-768x512.jpg 768w, https:\/\/www.leccecronaca.it\/wordpress\/wp-content\/uploads\/2018\/01\/stage-nazionale-bari-2018-melcore-valerio-1536x1024.jpg 1536w, https:\/\/www.leccecronaca.it\/wordpress\/wp-content\/uploads\/2018\/01\/stage-nazionale-bari-2018-melcore-valerio.jpg 2000w\" sizes=\"(max-width: 300px) 100vw, 300px\" \/><\/p>\n<p><img decoding=\"async\" loading=\"lazy\" class=\"size-medium wp-image-132358\" src=\"https:\/\/www.leccecronaca.it\/wordpress\/wp-content\/uploads\/2018\/01\/taiko-300x172.jpg\" alt=\"\" width=\"300\" height=\"172\" srcset=\"https:\/\/www.leccecronaca.it\/wordpress\/wp-content\/uploads\/2018\/01\/taiko-300x172.jpg 300w, https:\/\/www.leccecronaca.it\/wordpress\/wp-content\/uploads\/2018\/01\/taiko-1024x587.jpg 1024w, https:\/\/www.leccecronaca.it\/wordpress\/wp-content\/uploads\/2018\/01\/taiko-768x440.jpg 768w, https:\/\/www.leccecronaca.it\/wordpress\/wp-content\/uploads\/2018\/01\/taiko-1536x881.jpg 1536w, https:\/\/www.leccecronaca.it\/wordpress\/wp-content\/uploads\/2018\/01\/taiko.jpg 2000w\" sizes=\"(max-width: 300px) 100vw, 300px\" \/><\/p>\n<p><img decoding=\"async\" loading=\"lazy\" class=\"alignleft size-medium wp-image-132360\" src=\"https:\/\/www.leccecronaca.it\/wordpress\/wp-content\/uploads\/2018\/01\/Stage-Aikido-Bari-Melcore-300x159.jpg\" alt=\"\" width=\"300\" height=\"159\" srcset=\"https:\/\/www.leccecronaca.it\/wordpress\/wp-content\/uploads\/2018\/01\/Stage-Aikido-Bari-Melcore-300x159.jpg 300w, https:\/\/www.leccecronaca.it\/wordpress\/wp-content\/uploads\/2018\/01\/Stage-Aikido-Bari-Melcore-1024x544.jpg 1024w, https:\/\/www.leccecronaca.it\/wordpress\/wp-content\/uploads\/2018\/01\/Stage-Aikido-Bari-Melcore-768x408.jpg 768w, https:\/\/www.leccecronaca.it\/wordpress\/wp-content\/uploads\/2018\/01\/Stage-Aikido-Bari-Melcore-1536x816.jpg 1536w, https:\/\/www.leccecronaca.it\/wordpress\/wp-content\/uploads\/2018\/01\/Stage-Aikido-Bari-Melcore.jpg 2000w\" sizes=\"(max-width: 300px) 100vw, 300px\" \/><img decoding=\"async\" loading=\"lazy\" class=\"alignleft size-medium wp-image-132361\" src=\"https:\/\/www.leccecronaca.it\/wordpress\/wp-content\/uploads\/2018\/01\/aikido-stage-bari-2018-maestro-melcore-300x181.jpg\" alt=\"\" width=\"300\" height=\"181\" srcset=\"https:\/\/www.leccecronaca.it\/wordpress\/wp-content\/uploads\/2018\/01\/aikido-stage-bari-2018-maestro-melcore-300x181.jpg 300w, https:\/\/www.leccecronaca.it\/wordpress\/wp-content\/uploads\/2018\/01\/aikido-stage-bari-2018-maestro-melcore-1024x616.jpg 1024w, https:\/\/www.leccecronaca.it\/wordpress\/wp-content\/uploads\/2018\/01\/aikido-stage-bari-2018-maestro-melcore-768x462.jpg 768w, https:\/\/www.leccecronaca.it\/wordpress\/wp-content\/uploads\/2018\/01\/aikido-stage-bari-2018-maestro-melcore-1536x925.jpg 1536w, https:\/\/www.leccecronaca.it\/wordpress\/wp-content\/uploads\/2018\/01\/aikido-stage-bari-2018-maestro-melcore.jpg 2000w\" sizes=\"(max-width: 300px) 100vw, 300px\" \/>\u00a0Sono trascorsi 40 anni da quando lo Stato italiano riconobbe l&#8217;Aikikai d&#8217;Italia come Ente Morale, per <img decoding=\"async\" loading=\"lazy\" class=\"alignleft size-medium wp-image-132362\" src=\"https:\/\/www.leccecronaca.it\/wordpress\/wp-content\/uploads\/2018\/01\/martina-melcore-1-300x167.jpg\" alt=\"\" width=\"300\" height=\"167\" srcset=\"https:\/\/www.leccecronaca.it\/wordpress\/wp-content\/uploads\/2018\/01\/martina-melcore-1-300x167.jpg 300w, https:\/\/www.leccecronaca.it\/wordpress\/wp-content\/uploads\/2018\/01\/martina-melcore-1-1024x570.jpg 1024w, https:\/\/www.leccecronaca.it\/wordpress\/wp-content\/uploads\/2018\/01\/martina-melcore-1-768x427.jpg 768w, https:\/\/www.leccecronaca.it\/wordpress\/wp-content\/uploads\/2018\/01\/martina-melcore-1-1536x855.jpg 1536w, https:\/\/www.leccecronaca.it\/wordpress\/wp-content\/uploads\/2018\/01\/martina-melcore-1.jpg 2000w\" sizes=\"(max-width: 300px) 100vw, 300px\" \/> <img decoding=\"async\" loading=\"lazy\" class=\"alignleft size-medium wp-image-132363\" src=\"https:\/\/www.leccecronaca.it\/wordpress\/wp-content\/uploads\/2018\/01\/martina-melcore-7-300x172.jpg\" alt=\"\" width=\"300\" height=\"172\" srcset=\"https:\/\/www.leccecronaca.it\/wordpress\/wp-content\/uploads\/2018\/01\/martina-melcore-7-300x172.jpg 300w, https:\/\/www.leccecronaca.it\/wordpress\/wp-content\/uploads\/2018\/01\/martina-melcore-7-1024x588.jpg 1024w, https:\/\/www.leccecronaca.it\/wordpress\/wp-content\/uploads\/2018\/01\/martina-melcore-7-768x441.jpg 768w, https:\/\/www.leccecronaca.it\/wordpress\/wp-content\/uploads\/2018\/01\/martina-melcore-7-1536x882.jpg 1536w, https:\/\/www.leccecronaca.it\/wordpress\/wp-content\/uploads\/2018\/01\/martina-melcore-7.jpg 2000w\" sizes=\"(max-width: 300px) 100vw, 300px\" \/> <img decoding=\"async\" loading=\"lazy\" class=\"alignleft size-medium wp-image-132364\" src=\"https:\/\/www.leccecronaca.it\/wordpress\/wp-content\/uploads\/2018\/01\/martina-melcore-300x190.jpg\" alt=\"\" width=\"300\" height=\"190\" srcset=\"https:\/\/www.leccecronaca.it\/wordpress\/wp-content\/uploads\/2018\/01\/martina-melcore-300x190.jpg 300w, https:\/\/www.leccecronaca.it\/wordpress\/wp-content\/uploads\/2018\/01\/martina-melcore-1024x647.jpg 1024w, https:\/\/www.leccecronaca.it\/wordpress\/wp-content\/uploads\/2018\/01\/martina-melcore-768x485.jpg 768w, https:\/\/www.leccecronaca.it\/wordpress\/wp-content\/uploads\/2018\/01\/martina-melcore-1536x971.jpg 1536w, https:\/\/www.leccecronaca.it\/wordpress\/wp-content\/uploads\/2018\/01\/martina-melcore.jpg 2000w\" sizes=\"(max-width: 300px) 100vw, 300px\" \/> <img decoding=\"async\" loading=\"lazy\" class=\"alignleft size-medium wp-image-132365\" src=\"https:\/\/www.leccecronaca.it\/wordpress\/wp-content\/uploads\/2018\/01\/martina-300x154.jpg\" alt=\"\" width=\"300\" height=\"154\" srcset=\"https:\/\/www.leccecronaca.it\/wordpress\/wp-content\/uploads\/2018\/01\/martina-300x154.jpg 300w, https:\/\/www.leccecronaca.it\/wordpress\/wp-content\/uploads\/2018\/01\/martina-1024x524.jpg 1024w, https:\/\/www.leccecronaca.it\/wordpress\/wp-content\/uploads\/2018\/01\/martina-768x393.jpg 768w, https:\/\/www.leccecronaca.it\/wordpress\/wp-content\/uploads\/2018\/01\/martina-1536x786.jpg 1536w, https:\/\/www.leccecronaca.it\/wordpress\/wp-content\/uploads\/2018\/01\/martina.jpg 2000w\" sizes=\"(max-width: 300px) 100vw, 300px\" \/> <img decoding=\"async\" loading=\"lazy\" class=\"alignleft size-medium wp-image-132366\" src=\"https:\/\/www.leccecronaca.it\/wordpress\/wp-content\/uploads\/2018\/01\/martina7-300x200.jpg\" alt=\"\" width=\"300\" height=\"200\" srcset=\"https:\/\/www.leccecronaca.it\/wordpress\/wp-content\/uploads\/2018\/01\/martina7-300x200.jpg 300w, https:\/\/www.leccecronaca.it\/wordpress\/wp-content\/uploads\/2018\/01\/martina7-1024x683.jpg 1024w, https:\/\/www.leccecronaca.it\/wordpress\/wp-content\/uploads\/2018\/01\/martina7-768x512.jpg 768w, https:\/\/www.leccecronaca.it\/wordpress\/wp-content\/uploads\/2018\/01\/martina7.jpg 1500w\" sizes=\"(max-width: 300px) 100vw, 300px\" \/>l&#8217;occasione \u00e8 stato deciso di tenere uno Stage Nazionale nella nostra regione, l&#8217;evento \u00e8 stato patrocinato dal Comune di Bari.<br \/>\nTutti i responsabili dei doji \u00a0 di Puglia si sono alternati \u00a0sulla materassina, \u00a0cos\u00ec si \u00e8 potuto assistere a lezioni durante le quali i Maestri si sono soffermati su uno o pi\u00f9 aspetti che caratterizzano la raffinatissima Arte dell&#8217;Aikido.<br \/>\nUna decina i Maestri di Aikido che tra sabato 27 e domenica 28 gennaio si sono confrontati con gli allievi delle diverse scuole pugliesi.<\/p>\n<p>I Maestri provenienti dal Salento \u00a0che hanno tenuto sabato le loro lezioni \u00a0sono stati: Valerio Melcore responsabile del dojo Il Cavaliere, Maurizio Martina responsabile del Genki dojo e Piero Linciano responsabile del dojo Terra di Messapia.<br \/>\nLa sera \u00e8 stata caratterizzata da Conferenze, Embukai (dimostrazioni di tecniche e proiezioni), Overtone (musicalit\u00e0 della voce), Taiko ( concerto di tamburi giapponesi) e buffet.<br \/>\nLa domenica sul tatami si sono susseguite le lezioni dei Maestri responsabili dei doji baresi.<\/p>\n<fb:like href='https:\/\/www.leccecronaca.it\/index.php\/2018\/01\/31\/aikido-lo-stage-nazionale-di-bari-vede-protagoniste-le-scuole-leccesi\/' send='true' layout='button_count' show_faces='true' width='450' height='65' action='recommend' colorscheme='light' font='lucida grande'><\/fb:like><span class=\"fb_share\"><fb:like href=\"https:\/\/www.leccecronaca.it\/index.php\/2018\/01\/31\/aikido-lo-stage-nazionale-di-bari-vede-protagoniste-le-scuole-leccesi\/\" layout=\"button_count\"><\/fb:like><\/span>","protected":false},"excerpt":{"rendered":"<p>\u00a0Sono trascorsi 40 anni da quando lo Stato italiano riconobbe l&#8217;Aikikai d&#8217;Italia come Ente Morale, per l&#8217;occasione \u00e8 stato deciso di tenere uno Stage Nazionale nella nostra regione, l&#8217;evento \u00e8 stato patrocinato dal Comune di Bari. Tutti i responsabili dei doji \u00a0 di Puglia si sono alternati \u00a0sulla materassina, \u00a0cos\u00ec si \u00e8 potuto assistere a [&hellip;]<\/p>\n","protected":false},"author":4,"featured_media":0,"comment_status":"open","ping_status":"closed","sticky":false,"template":"","format":"standard","meta":[],"categories":[31],"tags":[],"_links":{"self":[{"href":"https:\/\/www.leccecronaca.it\/index.php\/wp-json\/wp\/v2\/posts\/132344"}],"collection":[{"href":"https:\/\/www.leccecronaca.it\/index.php\/wp-json\/wp\/v2\/posts"}],"about":[{"href":"https:\/\/www.leccecronaca.it\/index.php\/wp-json\/wp\/v2\/types\/post"}],"author":[{"embeddable":true,"href":"https:\/\/www.leccecronaca.it\/index.php\/wp-json\/wp\/v2\/users\/4"}],"replies":[{"embeddable":true,"href":"https:\/\/www.leccecronaca.it\/index.php\/wp-json\/wp\/v2\/comments?post=132344"}],"version-history":[{"count":2,"href":"https:\/\/www.leccecronaca.it\/index.php\/wp-json\/wp\/v2\/posts\/132344\/revisions"}],"predecessor-version":[{"id":132375,"href":"https:\/\/www.leccecronaca.it\/index.php\/wp-json\/wp\/v2\/posts\/132344\/revisions\/132375"}],"wp:attachment":[{"href":"https:\/\/www.leccecronaca.it\/index.php\/wp-json\/wp\/v2\/media?parent=132344"}],"wp:term":[{"taxonomy":"category","embeddable":true,"href":"https:\/\/www.leccecronaca.it\/index.php\/wp-json\/wp\/v2\/categories?post=132344"},{"taxonomy":"post_tag","embeddable":true,"href":"https:\/\/www.leccecronaca.it\/index.php\/wp-json\/wp\/v2\/tags?post=132344"}],"curies":[{"name":"wp","href":"https:\/\/api.w.org\/{rel}","templated":true}]}}