{"id":132864,"date":"2018-02-11T11:08:50","date_gmt":"2018-02-11T10:08:50","guid":{"rendered":"http:\/\/www.leccecronaca.it\/?p=132864"},"modified":"2018-02-11T11:08:50","modified_gmt":"2018-02-11T10:08:50","slug":"campagna-elettorale-paolo-pagliaro-sulla-xylella","status":"publish","type":"post","link":"https:\/\/www.leccecronaca.it\/index.php\/2018\/02\/11\/campagna-elettorale-paolo-pagliaro-sulla-xylella\/","title":{"rendered":"CAMPAGNA ELETTORALE \/ PAOLO PAGLIARO SULLA XYLELLA"},"content":{"rendered":"<p><img decoding=\"async\" loading=\"lazy\" class=\"alignleft size-medium wp-image-132865\" src=\"https:\/\/www.leccecronaca.it\/wordpress\/wp-content\/uploads\/2018\/02\/14-Paolo-Pagliaro-300x217.jpg\" alt=\"\" width=\"300\" height=\"217\" srcset=\"https:\/\/www.leccecronaca.it\/wordpress\/wp-content\/uploads\/2018\/02\/14-Paolo-Pagliaro-300x217.jpg 300w, https:\/\/www.leccecronaca.it\/wordpress\/wp-content\/uploads\/2018\/02\/14-Paolo-Pagliaro.jpg 583w\" sizes=\"(max-width: 300px) 100vw, 300px\" \/>(g.p.)______<\/p>\n<p>\u00abLa xylella avanza e continua a mietere vittime, continua a espandersi. La notizia di qualche giorno fa deve far riflettere: tra Ostuni e Cisternino dovr\u00e0 essere tagliato un bosco di essenze mediterranee situato a cento metri da un olivo infetto, perch\u00e9 sono piante comprese nelle specie che ospitano il batterio, ed \u00e8 veramente molto grave. \u2013 Afferma Paolo Pagliaro, Forza Italia, Candidato Camera collegio plurinominale 3 \u2013<\/p>\n<p>&nbsp;<\/p>\n<p>&nbsp;<\/p>\n<p>\u00c8 dal 2013 che chiediamo maggiore attenzione, abbiamo spronato prima Vendola e poi Emiliano ad un interesse reale del caso e invece abbiamo assistito al loro solito immobilismo per anni; le soluzioni sarebbero dovute essere rapide e repentine e invece ci ritroviamo con una difficolt\u00e0 oggettiva che diventa sempre pi\u00f9 grande.<\/p>\n<p>La Regione ha sottovalutato il problema dal primo giorno, ha impiegato male le somme stanziate senza avere una programmazione lungimirante, se ne assuma le responsabilit\u00e0 e cerchi di velocizzare tutti i procedimenti per fermare il problema e per programmare il dopo xylella in maniera certa.<\/p>\n<p>Bisogna affidarsi alla scienza per cercare una cura e nello stesso tempo le istituzioni devono essere in grado di far rispettare le norme iniziando a pianificare il futuro. \u2013 Conclude Pagliaro &#8211; Non possiamo continuare ad assistere all\u2019 avanzare di un batterio killer che provoca la morte lenta di uno dei settori pi\u00f9 importanti per l\u2019economia pugliese e nello stesso tempo fa enormi danni paesaggistici.<\/p>\n<p>La Regione deve trovare il modo per finanziare le buone pratiche prescritte ai cittadini e deve stare accanto agli imprenditori che per ora contano soltanto i danni\u00bb.<\/p>\n<fb:like href='https:\/\/www.leccecronaca.it\/index.php\/2018\/02\/11\/campagna-elettorale-paolo-pagliaro-sulla-xylella\/' send='true' layout='button_count' show_faces='true' width='450' height='65' action='recommend' colorscheme='light' font='lucida grande'><\/fb:like><span class=\"fb_share\"><fb:like href=\"https:\/\/www.leccecronaca.it\/index.php\/2018\/02\/11\/campagna-elettorale-paolo-pagliaro-sulla-xylella\/\" layout=\"button_count\"><\/fb:like><\/span>","protected":false},"excerpt":{"rendered":"<p>(g.p.)______ \u00abLa xylella avanza e continua a mietere vittime, continua a espandersi. La notizia di qualche giorno fa deve far riflettere: tra Ostuni e Cisternino dovr\u00e0 essere tagliato un bosco di essenze mediterranee situato a cento metri da un olivo infetto, perch\u00e9 sono piante comprese nelle specie che ospitano il batterio, ed \u00e8 veramente molto [&hellip;]<\/p>\n","protected":false},"author":4,"featured_media":132865,"comment_status":"open","ping_status":"closed","sticky":false,"template":"","format":"standard","meta":[],"categories":[76],"tags":[],"_links":{"self":[{"href":"https:\/\/www.leccecronaca.it\/index.php\/wp-json\/wp\/v2\/posts\/132864"}],"collection":[{"href":"https:\/\/www.leccecronaca.it\/index.php\/wp-json\/wp\/v2\/posts"}],"about":[{"href":"https:\/\/www.leccecronaca.it\/index.php\/wp-json\/wp\/v2\/types\/post"}],"author":[{"embeddable":true,"href":"https:\/\/www.leccecronaca.it\/index.php\/wp-json\/wp\/v2\/users\/4"}],"replies":[{"embeddable":true,"href":"https:\/\/www.leccecronaca.it\/index.php\/wp-json\/wp\/v2\/comments?post=132864"}],"version-history":[{"count":1,"href":"https:\/\/www.leccecronaca.it\/index.php\/wp-json\/wp\/v2\/posts\/132864\/revisions"}],"predecessor-version":[{"id":132866,"href":"https:\/\/www.leccecronaca.it\/index.php\/wp-json\/wp\/v2\/posts\/132864\/revisions\/132866"}],"wp:featuredmedia":[{"embeddable":true,"href":"https:\/\/www.leccecronaca.it\/index.php\/wp-json\/wp\/v2\/media\/132865"}],"wp:attachment":[{"href":"https:\/\/www.leccecronaca.it\/index.php\/wp-json\/wp\/v2\/media?parent=132864"}],"wp:term":[{"taxonomy":"category","embeddable":true,"href":"https:\/\/www.leccecronaca.it\/index.php\/wp-json\/wp\/v2\/categories?post=132864"},{"taxonomy":"post_tag","embeddable":true,"href":"https:\/\/www.leccecronaca.it\/index.php\/wp-json\/wp\/v2\/tags?post=132864"}],"curies":[{"name":"wp","href":"https:\/\/api.w.org\/{rel}","templated":true}]}}