{"id":132935,"date":"2018-02-13T12:57:23","date_gmt":"2018-02-13T11:57:23","guid":{"rendered":"http:\/\/www.leccecronaca.it\/?p=132935"},"modified":"2018-02-13T14:45:30","modified_gmt":"2018-02-13T13:45:30","slug":"campagna-elettorale-paolo-perrone-su-rilancio-economia","status":"publish","type":"post","link":"https:\/\/www.leccecronaca.it\/index.php\/2018\/02\/13\/campagna-elettorale-paolo-perrone-su-rilancio-economia\/","title":{"rendered":"CAMPAGNA ELETTORALE \/ PAOLO PERRONE SULL&#8217;ECONOMIA"},"content":{"rendered":"<p><img decoding=\"async\" loading=\"lazy\" class=\"alignleft size-medium wp-image-132936\" src=\"https:\/\/www.leccecronaca.it\/wordpress\/wp-content\/uploads\/2018\/02\/27657250_1656763277708790_4409693747097120530_n-300x300.jpg\" alt=\"\" width=\"300\" height=\"300\" srcset=\"https:\/\/www.leccecronaca.it\/wordpress\/wp-content\/uploads\/2018\/02\/27657250_1656763277708790_4409693747097120530_n-300x300.jpg 300w, https:\/\/www.leccecronaca.it\/wordpress\/wp-content\/uploads\/2018\/02\/27657250_1656763277708790_4409693747097120530_n-150x150.jpg 150w, https:\/\/www.leccecronaca.it\/wordpress\/wp-content\/uploads\/2018\/02\/27657250_1656763277708790_4409693747097120530_n-60x60.jpg 60w, https:\/\/www.leccecronaca.it\/wordpress\/wp-content\/uploads\/2018\/02\/27657250_1656763277708790_4409693747097120530_n.jpg 708w\" sizes=\"(max-width: 300px) 100vw, 300px\" \/>(g.p.)______&#8221;<em>Per essere di nuovo competitiva l&#8217;economia del Paese deve ripartire dal Sud. Il Nord che guarda all\u2019Europa e che vorrebbe stare al tavolo delle potenze europee, senza il Mezzogiorno, rischia la marginalit\u00e0\u201d.\u00a0<\/em>Cos\u00ec il candidato al Senato con Fratelli d\u2019Italia nel collegio plurinominale Puglia 2\u00a0Paolo Perrone\u00a0affronta il tema cruciale del\u00a0rilancio dell\u2019economia, raccogliendo una precisa proposta del partito di Giorgia Meloni.<\/p>\n<p>&nbsp;<\/p>\n<p>&nbsp;<\/p>\n<p>&nbsp;<\/p>\n<p>&nbsp;<\/p>\n<p>&nbsp;<\/p>\n<p>\u201c<em>O si pensa seriamente a far crescere il sistema economico e produttivo delle regioni meridionali, agganciandolo finalmente al resto del Paese e annullando questa antica marcia a due velocit\u00e0\u00a0<\/em>&#8211; continua &#8211;\u00a0<em>o non c&#8217;\u00e8 futuro per nessuno. Anche lo Svimez ritiene indispensabile \u201cconcentrare\u201d gli investimenti nelle regioni del Sud, fermo restando quel patrimonio di coraggio, idee e risorse tutto nostro, che stiamo gi\u00e0 portando a profitto pur lentamente e tra mille difficolt\u00e0. Bisogna puntare sul Mezzogiorno come non si \u00e8 mai fatto, perch\u00e9 \u00e8 un\u2019area strategica del Mediterraneo, con grandissime potenzialit\u00e0. Non siamo una palla al piede, ma un&#8217;opportunit\u00e0. L&#8217;alternativa \u00e8 la prosecuzione di un declino che negli ultimi dieci anni di austerit\u00e0 ha comportato una strage di punti del prodotto interno lordo.<\/em><\/p>\n<p><em>Fratelli d\u2019Italia<\/em> &#8211;\u00a0spiega Perrone\u00a0&#8211; <em>ha una ricetta molto incisiva su questo fronte che prevede investimenti sulla capacit\u00e0 digitale, adeguamento logistico e infrastrutturale, tassazione equa. Il Sud, la Puglia e il Salento, ad esempio, hanno bisogno di trasporti migliori e di quelli pendolari in maniera particolare, come condizione per essere attrattivi e per rendere logici gli investimenti. Ci sono, poi, due proposte molto interessanti per il nostro territorio che ritengo debbano essere priorit\u00e0 del prossimo Parlamento e del prossimo governo. La prima \u00e8 la\u00a0previsione di una super deduzione per le aziende del Nord che aprono sedi secondarie nel meridione, la vera alternativa alla delocalizzazione all\u2019estero. La seconda \u00e8 la previsione delle &#8220;tassazione zero&#8221; per le imprese che operano nelle zone pi\u00f9 disagiate, che sono prevalentemente al Sud, in pratica la scialuppa di salvataggio verso uno scenario di fallimenti e chiusure\u201d<\/em>.<\/p>\n<fb:like href='https:\/\/www.leccecronaca.it\/index.php\/2018\/02\/13\/campagna-elettorale-paolo-perrone-su-rilancio-economia\/' send='true' layout='button_count' show_faces='true' width='450' height='65' action='recommend' colorscheme='light' font='lucida grande'><\/fb:like><span class=\"fb_share\"><fb:like href=\"https:\/\/www.leccecronaca.it\/index.php\/2018\/02\/13\/campagna-elettorale-paolo-perrone-su-rilancio-economia\/\" layout=\"button_count\"><\/fb:like><\/span>","protected":false},"excerpt":{"rendered":"<p>(g.p.)______&#8221;Per essere di nuovo competitiva l&#8217;economia del Paese deve ripartire dal Sud. Il Nord che guarda all\u2019Europa e che vorrebbe stare al tavolo delle potenze europee, senza il Mezzogiorno, rischia la marginalit\u00e0\u201d.\u00a0Cos\u00ec il candidato al Senato con Fratelli d\u2019Italia nel collegio plurinominale Puglia 2\u00a0Paolo Perrone\u00a0affronta il tema cruciale del\u00a0rilancio dell\u2019economia, raccogliendo una precisa proposta del [&hellip;]<\/p>\n","protected":false},"author":4,"featured_media":132936,"comment_status":"open","ping_status":"closed","sticky":false,"template":"","format":"standard","meta":[],"categories":[76],"tags":[],"_links":{"self":[{"href":"https:\/\/www.leccecronaca.it\/index.php\/wp-json\/wp\/v2\/posts\/132935"}],"collection":[{"href":"https:\/\/www.leccecronaca.it\/index.php\/wp-json\/wp\/v2\/posts"}],"about":[{"href":"https:\/\/www.leccecronaca.it\/index.php\/wp-json\/wp\/v2\/types\/post"}],"author":[{"embeddable":true,"href":"https:\/\/www.leccecronaca.it\/index.php\/wp-json\/wp\/v2\/users\/4"}],"replies":[{"embeddable":true,"href":"https:\/\/www.leccecronaca.it\/index.php\/wp-json\/wp\/v2\/comments?post=132935"}],"version-history":[{"count":3,"href":"https:\/\/www.leccecronaca.it\/index.php\/wp-json\/wp\/v2\/posts\/132935\/revisions"}],"predecessor-version":[{"id":132940,"href":"https:\/\/www.leccecronaca.it\/index.php\/wp-json\/wp\/v2\/posts\/132935\/revisions\/132940"}],"wp:featuredmedia":[{"embeddable":true,"href":"https:\/\/www.leccecronaca.it\/index.php\/wp-json\/wp\/v2\/media\/132936"}],"wp:attachment":[{"href":"https:\/\/www.leccecronaca.it\/index.php\/wp-json\/wp\/v2\/media?parent=132935"}],"wp:term":[{"taxonomy":"category","embeddable":true,"href":"https:\/\/www.leccecronaca.it\/index.php\/wp-json\/wp\/v2\/categories?post=132935"},{"taxonomy":"post_tag","embeddable":true,"href":"https:\/\/www.leccecronaca.it\/index.php\/wp-json\/wp\/v2\/tags?post=132935"}],"curies":[{"name":"wp","href":"https:\/\/api.w.org\/{rel}","templated":true}]}}