{"id":133006,"date":"2018-02-15T12:01:33","date_gmt":"2018-02-15T11:01:33","guid":{"rendered":"http:\/\/www.leccecronaca.it\/?p=133006"},"modified":"2018-02-15T12:01:33","modified_gmt":"2018-02-15T11:01:33","slug":"leccecronache-davanti-a-san-pietro","status":"publish","type":"post","link":"https:\/\/www.leccecronaca.it\/index.php\/2018\/02\/15\/leccecronache-davanti-a-san-pietro\/","title":{"rendered":"LECCECRONACHE \/ DAVANTI A SAN PIETRO"},"content":{"rendered":"<p><img decoding=\"async\" loading=\"lazy\" class=\"alignleft size-medium wp-image-133008\" src=\"https:\/\/www.leccecronaca.it\/wordpress\/wp-content\/uploads\/2018\/02\/Cattura-5-300x200.jpg\" alt=\"\" width=\"300\" height=\"200\" srcset=\"https:\/\/www.leccecronaca.it\/wordpress\/wp-content\/uploads\/2018\/02\/Cattura-5-300x200.jpg 300w, https:\/\/www.leccecronaca.it\/wordpress\/wp-content\/uploads\/2018\/02\/Cattura-5.jpg 600w\" sizes=\"(max-width: 300px) 100vw, 300px\" \/>di<strong> Raffaele Polo______<\/strong><\/p>\n<p>Mi sono trovato davanti a San Pietro, c\u2019era solo lui a custodire quel portone chiuso, non si vedevano i muri, ma si capiva subito che non sarebbe stato facile andare \u2018di l\u00e0\u2019.<\/p>\n<p>\u2018Buongiorno\u2019 mi ha detto San Pietro.<\/p>\n<p>&nbsp;<\/p>\n<p>&nbsp;<\/p>\n<p>&nbsp;<\/p>\n<p>\u2018Padre\u2026\u2019 gli ho detto subito, imbarazzato e pieno di timore.<\/p>\n<p>\u2018Veniamo subito al dunque. Se vuoi entrare devi solo descrivermi la tua giornata. Non omettere particolari, elenca tutto e cerca di essere breve\u2019 ha detto, guardandomi fisso . Mi \u00e8 parso di perdermi, nella profondit\u00e0 di quegli occhi. Ho cominciato, lentamente, a parlare:<\/p>\n<p>\u2018Mi alzo alle 5, la mattina. Dopo le solite cure della persona, guardo la TV. Lo confesso, mi piace \u2018Alta infedelt\u00e0\u2019 e anche \u2018L\u2019isola di Adamo ed Eva\u2019. Poi esco, prendo la macchina e vado al lavoro. Arrivo alla periferia di Lecce alle 7 meno un quarto, a quell\u2019ora \u00e8 possibile trovare un parcheggio. Poi, inizio la lunga giornata di lavoro. Durante la quale guardo il Quotidiano, consulto Leccecronache e sbircio Wattsapp. Ho qualche libro da leggere e poi prendo un caff\u00e8, due caff\u00e8, tre caff\u00e8, \u00e8 una scusa per far trascorrere il tempo e chiacchierare con le colleghe, ce ne sono di veramente interessanti, san Pietro, privilegio la macchinetta del quarto piano perch\u00e9 ha il caff\u00e8 Quarta. Il pomeriggio, mi trovo con altri amici e facciamo le prove col coro, adesso stiamo provando \u2018Lacrimosa\u2019, \u2018Dies Irae\u2019 ma anche \u2018Gi\u00f9 la testa\u2019. Poi torno a casa, mia moglie mi guarda per capire se ce la faccio ancora, mancano 267 giorni alla pensione, le dico. E poi: Che si mangia? E lei mi dice, sorridendo, che mi ha fatto le paparine con le ulive nere. Quelle del nostro giardino, dice orgogliosa. Poi accarezzo i gatti che mi stanno aspettando, dietro la porta, per avere la consueta dose di croccantini. \u2018Andiamo al cinema?\u2019 chiedo con voce un po\u2019 annoiata. \u2018Veramente, stasera c\u2019\u00e8 la riunione delle catechiste\u2019 dice lei. \u2018Va bene, esco a fare due passi io\u2019 dico.<\/p>\n<p>E passo per le vie del paese, sento gli odori di carne arrostita e di pane, l\u2019umidit\u00e0 \u00e8 sempre al di sopra della norma, ormai \u00e8 buio, torno a casa e mi siedo al tavolo del soggiorno, c\u2019\u00e8 un rebus stereoscopico che non ho ancora risolto, va bene quello in attesa delle paparine.<\/p>\n<p>La giornata finisce cos\u00ec, le azioni sono queste, i pensieri\u2026.Beh, diciamo che al 50 per cento sono rivolte ad argomenti futili e censurabili, poi un 40 per cento alle vicissitudini correnti della mia vita e il rimanente \u00e8 dedicato ai pensieri nobili. Penso soprattutto a te, caro san Pietro, a cosa mi chiederai quando sar\u00f2 davanti a questo cancello\u2026.\u2019<\/p>\n<p>San Pietro mi guarda, mi sorride, il cancello comincia schiudersi.<\/p>\n<p>\u2018Vai\u2019 mi dice. \u2018Ti sei salvato.\u2019<\/p>\n<p>E poi aggiunge, strizzandomi l\u2019occhio: \u2018Per le paparine e il caff\u00e8 Quarta\u2019.<\/p>\n<fb:like href='https:\/\/www.leccecronaca.it\/index.php\/2018\/02\/15\/leccecronache-davanti-a-san-pietro\/' send='true' layout='button_count' show_faces='true' width='450' height='65' action='recommend' colorscheme='light' font='lucida grande'><\/fb:like><span class=\"fb_share\"><fb:like href=\"https:\/\/www.leccecronaca.it\/index.php\/2018\/02\/15\/leccecronache-davanti-a-san-pietro\/\" layout=\"button_count\"><\/fb:like><\/span>","protected":false},"excerpt":{"rendered":"<p>di Raffaele Polo______ Mi sono trovato davanti a San Pietro, c\u2019era solo lui a custodire quel portone chiuso, non si vedevano i muri, ma si capiva subito che non sarebbe stato facile andare \u2018di l\u00e0\u2019. \u2018Buongiorno\u2019 mi ha detto San Pietro. &nbsp; &nbsp; &nbsp; \u2018Padre\u2026\u2019 gli ho detto subito, imbarazzato e pieno di timore. \u2018Veniamo [&hellip;]<\/p>\n","protected":false},"author":4,"featured_media":133008,"comment_status":"open","ping_status":"closed","sticky":false,"template":"","format":"standard","meta":[],"categories":[1,69,31],"tags":[],"_links":{"self":[{"href":"https:\/\/www.leccecronaca.it\/index.php\/wp-json\/wp\/v2\/posts\/133006"}],"collection":[{"href":"https:\/\/www.leccecronaca.it\/index.php\/wp-json\/wp\/v2\/posts"}],"about":[{"href":"https:\/\/www.leccecronaca.it\/index.php\/wp-json\/wp\/v2\/types\/post"}],"author":[{"embeddable":true,"href":"https:\/\/www.leccecronaca.it\/index.php\/wp-json\/wp\/v2\/users\/4"}],"replies":[{"embeddable":true,"href":"https:\/\/www.leccecronaca.it\/index.php\/wp-json\/wp\/v2\/comments?post=133006"}],"version-history":[{"count":1,"href":"https:\/\/www.leccecronaca.it\/index.php\/wp-json\/wp\/v2\/posts\/133006\/revisions"}],"predecessor-version":[{"id":133009,"href":"https:\/\/www.leccecronaca.it\/index.php\/wp-json\/wp\/v2\/posts\/133006\/revisions\/133009"}],"wp:featuredmedia":[{"embeddable":true,"href":"https:\/\/www.leccecronaca.it\/index.php\/wp-json\/wp\/v2\/media\/133008"}],"wp:attachment":[{"href":"https:\/\/www.leccecronaca.it\/index.php\/wp-json\/wp\/v2\/media?parent=133006"}],"wp:term":[{"taxonomy":"category","embeddable":true,"href":"https:\/\/www.leccecronaca.it\/index.php\/wp-json\/wp\/v2\/categories?post=133006"},{"taxonomy":"post_tag","embeddable":true,"href":"https:\/\/www.leccecronaca.it\/index.php\/wp-json\/wp\/v2\/tags?post=133006"}],"curies":[{"name":"wp","href":"https:\/\/api.w.org\/{rel}","templated":true}]}}