{"id":133286,"date":"2018-02-22T15:41:35","date_gmt":"2018-02-22T14:41:35","guid":{"rendered":"http:\/\/www.leccecronaca.it\/?p=133286"},"modified":"2018-02-22T15:45:49","modified_gmt":"2018-02-22T14:45:49","slug":"i-lampi-di-donato-di-poce-nei-cieli-salentini","status":"publish","type":"post","link":"https:\/\/www.leccecronaca.it\/index.php\/2018\/02\/22\/i-lampi-di-donato-di-poce-nei-cieli-salentini\/","title":{"rendered":"I LAMPI DI DONATO DI POCE NEI CIELI SALENTINI"},"content":{"rendered":"<p><img decoding=\"async\" loading=\"lazy\" class=\"alignleft size-full wp-image-133287\" src=\"https:\/\/www.leccecronaca.it\/wordpress\/wp-content\/uploads\/2018\/02\/23559395_10212769350180074_723180886000082749_n.jpg\" alt=\"\" width=\"960\" height=\"960\" srcset=\"https:\/\/www.leccecronaca.it\/wordpress\/wp-content\/uploads\/2018\/02\/23559395_10212769350180074_723180886000082749_n.jpg 960w, https:\/\/www.leccecronaca.it\/wordpress\/wp-content\/uploads\/2018\/02\/23559395_10212769350180074_723180886000082749_n-300x300.jpg 300w, https:\/\/www.leccecronaca.it\/wordpress\/wp-content\/uploads\/2018\/02\/23559395_10212769350180074_723180886000082749_n-150x150.jpg 150w, https:\/\/www.leccecronaca.it\/wordpress\/wp-content\/uploads\/2018\/02\/23559395_10212769350180074_723180886000082749_n-768x768.jpg 768w, https:\/\/www.leccecronaca.it\/wordpress\/wp-content\/uploads\/2018\/02\/23559395_10212769350180074_723180886000082749_n-60x60.jpg 60w\" sizes=\"(max-width: 960px) 100vw, 960px\" \/><\/p>\n<p>(s.d.)______Libreria Volta La Carta, Fondo Verri, Associazione Thorah, Utsanga.it, Biblioteca Gino Rizzo di Cavallino<\/p>\n<p>Presentano<\/p>\n<p>&#8220;Lampi di verit\u00e0&#8221; di Donato Di Poce ( I Quaderni del Bardo Edizioni di Stefano Donno) in Tour nel Salento______<\/p>\n<p>Venerd\u00ec 23 febbraio 2018 ore 18.30, Libreria Volta la Carta, Calimera, Le, via Costantinopoli 35<\/p>\n<p>Dialogheranno con l&#8217;autore: Nicola Vacca (direttore collana &#8220;Z&#8221;), Stefano Donno (editore), Alessandro Vergari (autore della prefazione a Lampi di verit\u00e0), Francesco Aprile (Utsanga.it), Giovanna Rosato (Biblioteca Gino Rizzo di Cavallino). L&#8217;incontro di Calimera\u00e8 promosso da Utsanga.it e Giovanna Rosato (Biblioteca Gino Rizzo, Cavallino, Le) in collaborazione con iQdB Edizioni e Libreria Volta la Carta.______<\/p>\n<p>Sabato 24 febbraio 2018 ore 19.30, Fondo Verri, Lecce, via Santa Maria del Paradiso, Lecce<\/p>\n<p>Dialogheranno con l&#8217;autore: Nicola Vacca (direttore collana &#8220;Z&#8221;), Stefano Donno (editore), Alessandro Vergari (autore della prefazione a Lampi di verit\u00e0), Grazia Piscopo (Presidente Associazione Thorah) Mauro Marino (Fondo Verri di Lecce) . L&#8217;incontro di Lecce \u00e8 promosso daFondo Verri e Associazione Thorah______<\/p>\n<p>*\u201c\u2026Con l&#8217;immagine dei lampi il poeta esprime una misura e delinea una via di accesso. Nella notte sempre buia del nostro vivere politico e civile, le folgori squarciano il tessuto omogeneo del reale e sfaldano la trama compatta delle banalit\u00e0 e dei pregiudizi, aprendo per pochi attimi, nel battito di ciglia di un&#8217;epifania, fenditure e crepe, oltre le quali intravedere sentieri di sopravvivenza. Lampi di verit\u00e0 \u00e8 una raccolta articolata in due parti; la prima consegna il titolo a tutta l&#8217;opera, la seconda \u00e8 declinata su un versante di \u201cbellezza\u201d. Una biforcazione? No, piuttosto, due attributi della stessa sostanza. Gi\u00e0 il pensiero greco ci richiama alla sintonia di \u201cbellezza e verit\u00e0\u201d (&#8230;) .Il poeta ha in tasca una fragile matita da cui sgorga la lacrima dell&#8217;oppresso. Il poeta spezza la matita come spezza il pane, offre al prossimo un&#8217;intuizione, una scheggia di vita estratta dalla carne, e, se riceve in cambio sputi anzich\u00e9 sorrisi, sa che questo \u00e8 l&#8217;inconveniente di ogni dono. La poesia soffier\u00e0, comunque, sulle braci del sacrificio.\u201d *Dalla prefazione di Alessandro Vergari.______<\/p>\n<p>Donato Di Poce (Nato a Sora &#8211; FR &#8211; nel 1958 ma residente dal 1982 a Milano ). Poeta, Critico d\u2019Arte, Scrittore di Aforismi, Fotografo. Artista poliedrico ed ironico ma dotato di grande umanit\u00e0, si \u00e8 imposto all\u2019attenzione del pubblico e della critica con la pubblicazione di una collana di 5 portfolio dal titolo: TACCUINO BERLINESE -East Side Gallery , F\u00e9lix F\u00e9n\u00e9on Edizioni, Ruvo di Puglia (BA), 2009 dedicata al muro di Berlino. In un suo celebre aforisma ha scritto: \u201cIl Poeta vede l&#8217;invisibile\/Il Fotografo fornisce le prove\u201d.<\/p>\n<p>Nicola Vacca &#8211; \u00e8 nato a Gioia del Colle, nel 1963, laureato in giurisprudenza. \u00c8 scrittore, opinionista, critico letterario, collabora alle pagine culturali di quotidiani e riviste. \u00c8 redattore della rivista \u00abSatisfiction\u00bb. Ha pubblicato: Nel bene e nel male (1994), Frutto della passione (2000), La grazia di un pensiero (2002), Serena musica segreta (2003), Civilt\u00e0 delle anime (2004), Incursioni nell\u2019apparenza (2006), Ti ho dato tutte le stagioni (2007), Frecce e pugnali (2008), Esperienza degli affanni (2009), con Carlo Gambescia il pamphlet A destra per caso (2010), Serena felicit\u00e0 nell\u2019istante (2010), Almeno un grammo di salvezza (2011), Mattanza dell\u2019incanto (2013), Sguardi dal Novecento (2014), Luce nera (2015), Vite colme di versi. Ventidue poeti dal Novecento (2016), Commedia ubriaca (2017).______<\/p>\n<p>&nbsp;<\/p>\n<p><img decoding=\"async\" loading=\"lazy\" class=\"alignleft size-full wp-image-133289\" src=\"https:\/\/www.leccecronaca.it\/wordpress\/wp-content\/uploads\/2018\/02\/QdB-La-Copertina-Z-Donato-Di-Poce.jpg\" alt=\"\" width=\"1175\" height=\"1330\" srcset=\"https:\/\/www.leccecronaca.it\/wordpress\/wp-content\/uploads\/2018\/02\/QdB-La-Copertina-Z-Donato-Di-Poce.jpg 1175w, https:\/\/www.leccecronaca.it\/wordpress\/wp-content\/uploads\/2018\/02\/QdB-La-Copertina-Z-Donato-Di-Poce-265x300.jpg 265w, https:\/\/www.leccecronaca.it\/wordpress\/wp-content\/uploads\/2018\/02\/QdB-La-Copertina-Z-Donato-Di-Poce-905x1024.jpg 905w, https:\/\/www.leccecronaca.it\/wordpress\/wp-content\/uploads\/2018\/02\/QdB-La-Copertina-Z-Donato-Di-Poce-768x869.jpg 768w\" sizes=\"(max-width: 1175px) 100vw, 1175px\" \/><\/p>\n<p>Info link &#8211;\u00a0http:\/\/www. iquadernidelbardoedizioni.it\/<\/p>\n<p>&nbsp;<\/p>\n<p>iQdB edizioni di Stefano Donno (i Quaderni del Bardo Edizioni di Stefano Donno)<\/p>\n<p>Sede Legale e Redazione: Via S. Simone 74 &#8211; 73107 Sannicola (LE)<\/p>\n<p>Mail &#8211;\u00a0iquadernidelbardoed@libero.it\u00a0\u00a0\/ \u00a0Info Link &#8211;\u00a0http:\/\/www. iquadernidelbardoedizioni.it\/<\/p>\n<fb:like href='https:\/\/www.leccecronaca.it\/index.php\/2018\/02\/22\/i-lampi-di-donato-di-poce-nei-cieli-salentini\/' send='true' layout='button_count' show_faces='true' width='450' height='65' action='recommend' colorscheme='light' font='lucida grande'><\/fb:like><span class=\"fb_share\"><fb:like href=\"https:\/\/www.leccecronaca.it\/index.php\/2018\/02\/22\/i-lampi-di-donato-di-poce-nei-cieli-salentini\/\" layout=\"button_count\"><\/fb:like><\/span>","protected":false},"excerpt":{"rendered":"<p>(s.d.)______Libreria Volta La Carta, Fondo Verri, Associazione Thorah, Utsanga.it, Biblioteca Gino Rizzo di Cavallino Presentano &#8220;Lampi di verit\u00e0&#8221; di Donato Di Poce ( I Quaderni del Bardo Edizioni di Stefano Donno) in Tour nel Salento______ Venerd\u00ec 23 febbraio 2018 ore 18.30, Libreria Volta la Carta, Calimera, Le, via Costantinopoli 35 Dialogheranno con l&#8217;autore: Nicola Vacca [&hellip;]<\/p>\n","protected":false},"author":4,"featured_media":0,"comment_status":"open","ping_status":"closed","sticky":false,"template":"","format":"standard","meta":[],"categories":[31,75,57],"tags":[],"_links":{"self":[{"href":"https:\/\/www.leccecronaca.it\/index.php\/wp-json\/wp\/v2\/posts\/133286"}],"collection":[{"href":"https:\/\/www.leccecronaca.it\/index.php\/wp-json\/wp\/v2\/posts"}],"about":[{"href":"https:\/\/www.leccecronaca.it\/index.php\/wp-json\/wp\/v2\/types\/post"}],"author":[{"embeddable":true,"href":"https:\/\/www.leccecronaca.it\/index.php\/wp-json\/wp\/v2\/users\/4"}],"replies":[{"embeddable":true,"href":"https:\/\/www.leccecronaca.it\/index.php\/wp-json\/wp\/v2\/comments?post=133286"}],"version-history":[{"count":3,"href":"https:\/\/www.leccecronaca.it\/index.php\/wp-json\/wp\/v2\/posts\/133286\/revisions"}],"predecessor-version":[{"id":133291,"href":"https:\/\/www.leccecronaca.it\/index.php\/wp-json\/wp\/v2\/posts\/133286\/revisions\/133291"}],"wp:attachment":[{"href":"https:\/\/www.leccecronaca.it\/index.php\/wp-json\/wp\/v2\/media?parent=133286"}],"wp:term":[{"taxonomy":"category","embeddable":true,"href":"https:\/\/www.leccecronaca.it\/index.php\/wp-json\/wp\/v2\/categories?post=133286"},{"taxonomy":"post_tag","embeddable":true,"href":"https:\/\/www.leccecronaca.it\/index.php\/wp-json\/wp\/v2\/tags?post=133286"}],"curies":[{"name":"wp","href":"https:\/\/api.w.org\/{rel}","templated":true}]}}