{"id":133315,"date":"2018-02-23T10:11:34","date_gmt":"2018-02-23T09:11:34","guid":{"rendered":"http:\/\/www.leccecronaca.it\/?p=133315"},"modified":"2018-02-23T10:11:34","modified_gmt":"2018-02-23T09:11:34","slug":"a-galatina-piccoli-scienziati-spaziali-crescono","status":"publish","type":"post","link":"https:\/\/www.leccecronaca.it\/index.php\/2018\/02\/23\/a-galatina-piccoli-scienziati-spaziali-crescono\/","title":{"rendered":"A GALATINA PICCOLI SCIENZIATI SPAZIALI CRESCONO"},"content":{"rendered":"<p><img decoding=\"async\" loading=\"lazy\" class=\"alignleft size-full wp-image-133316\" src=\"https:\/\/www.leccecronaca.it\/wordpress\/wp-content\/uploads\/2018\/02\/ESA_astronaut_Paolo_Nespoli_launches_the_European_Astro_Pi_Challenge.jpg\" alt=\"\" width=\"1674\" height=\"1025\" srcset=\"https:\/\/www.leccecronaca.it\/wordpress\/wp-content\/uploads\/2018\/02\/ESA_astronaut_Paolo_Nespoli_launches_the_European_Astro_Pi_Challenge.jpg 1674w, https:\/\/www.leccecronaca.it\/wordpress\/wp-content\/uploads\/2018\/02\/ESA_astronaut_Paolo_Nespoli_launches_the_European_Astro_Pi_Challenge-300x184.jpg 300w, https:\/\/www.leccecronaca.it\/wordpress\/wp-content\/uploads\/2018\/02\/ESA_astronaut_Paolo_Nespoli_launches_the_European_Astro_Pi_Challenge-1024x627.jpg 1024w, https:\/\/www.leccecronaca.it\/wordpress\/wp-content\/uploads\/2018\/02\/ESA_astronaut_Paolo_Nespoli_launches_the_European_Astro_Pi_Challenge-768x470.jpg 768w, https:\/\/www.leccecronaca.it\/wordpress\/wp-content\/uploads\/2018\/02\/ESA_astronaut_Paolo_Nespoli_launches_the_European_Astro_Pi_Challenge-1536x941.jpg 1536w\" sizes=\"(max-width: 1674px) 100vw, 1674px\" \/>Riceviamo e volentieri pubblichiamo. Il Dipartimento Tecnologico-informatico IISS Laporta \u2013 Falcone-Borsellino di Galatina ci manda il seguente comunicato______<\/p>\n<p>Per il team \u201cAnother Earth\u201d, appartenente alla sezione Tecnologico-Informatica dell\u2019IISS \u201cLaporta-Falcone-Borsellino\u201d di Galatina, il conto alla rovescia per la Missione Space Lab dell\u2019ESA \u00e8 iniziato.<\/p>\n<p>Il gruppo di studenti, guidato da due docenti dell\u2019Istituto, ha superato la seconda fase di qualificazione del concorso Astro-pi ed \u00e8 stata scelta, tra pi\u00f9 di 200 scuole concorrenti di tutta EUROPA, per far operare il codice sviluppato nella Stazione Spaziale Internazionale (ISS).<\/p>\n<p>La gara, a cui il gruppo ha partecipato, ha il fine di ideare ed eseguire un esperimento scientifico che verr\u00e0 in parte realizzato durante il volo orbitale della ISS su un hardware specifico, il micro computer Raspberry-pi.<\/p>\n<p>L\u2019ESA, in collaborazione con la Raspberry Foundation, avendo\u00a0 l\u2019intento di incrementare lo studio delle materie scientifiche, di sviluppare le capacit\u00e0 di coding e quindi di far crescere una nuova generazione di scienziati spaziali, organizza annualmente una gara in cui viene chiesto, a squadre di studenti, di organizzare un esperimento scientifico che possa operare, in parte, sulla ISS.<\/p>\n<p>I criteri di selezione coinvolgono creativit\u00e0 e originalit\u00e0, fattibilit\u00e0 della missione all&#8217;interno dell&#8217;ambiente ISS, leggibilit\u00e0 e qualit\u00e0 del codice, rigore generale, chiarezza e completezza.<\/p>\n<p>Il risultato ottenuto dimostra come sul territorio salentino siano presenti realt\u00e0, sia dal punto di vista del corpo docente sia dal punto di vista degli studenti, di livello molto elevato.<\/p>\n<p>L\u2019innovazione didattica che il Dipartimento Tecnologico-Informatico dell\u2019IISS \u201cLaporta-Falcone-Borsellino\u201d porta\u00a0 avanti pur con risorse limitate, \u00e8 stata sempre orientata sia alla creazione di tecnici di alto livello sia alla ricaduta sul territorio.<\/p>\n<p>Per tale motivo, chiunque fosse interessato a contattare il team, pu\u00f2 farlo scrivendo all\u2019indirizzo:\u00a0astropi2018@gmail.com<\/p>\n<p>&nbsp;<\/p>\n<fb:like href='https:\/\/www.leccecronaca.it\/index.php\/2018\/02\/23\/a-galatina-piccoli-scienziati-spaziali-crescono\/' send='true' layout='button_count' show_faces='true' width='450' height='65' action='recommend' colorscheme='light' font='lucida grande'><\/fb:like><span class=\"fb_share\"><fb:like href=\"https:\/\/www.leccecronaca.it\/index.php\/2018\/02\/23\/a-galatina-piccoli-scienziati-spaziali-crescono\/\" layout=\"button_count\"><\/fb:like><\/span>","protected":false},"excerpt":{"rendered":"<p>Riceviamo e volentieri pubblichiamo. Il Dipartimento Tecnologico-informatico IISS Laporta \u2013 Falcone-Borsellino di Galatina ci manda il seguente comunicato______ Per il team \u201cAnother Earth\u201d, appartenente alla sezione Tecnologico-Informatica dell\u2019IISS \u201cLaporta-Falcone-Borsellino\u201d di Galatina, il conto alla rovescia per la Missione Space Lab dell\u2019ESA \u00e8 iniziato. Il gruppo di studenti, guidato da due docenti dell\u2019Istituto, ha superato la [&hellip;]<\/p>\n","protected":false},"author":4,"featured_media":133316,"comment_status":"open","ping_status":"closed","sticky":false,"template":"","format":"standard","meta":[],"categories":[31,36],"tags":[],"_links":{"self":[{"href":"https:\/\/www.leccecronaca.it\/index.php\/wp-json\/wp\/v2\/posts\/133315"}],"collection":[{"href":"https:\/\/www.leccecronaca.it\/index.php\/wp-json\/wp\/v2\/posts"}],"about":[{"href":"https:\/\/www.leccecronaca.it\/index.php\/wp-json\/wp\/v2\/types\/post"}],"author":[{"embeddable":true,"href":"https:\/\/www.leccecronaca.it\/index.php\/wp-json\/wp\/v2\/users\/4"}],"replies":[{"embeddable":true,"href":"https:\/\/www.leccecronaca.it\/index.php\/wp-json\/wp\/v2\/comments?post=133315"}],"version-history":[{"count":1,"href":"https:\/\/www.leccecronaca.it\/index.php\/wp-json\/wp\/v2\/posts\/133315\/revisions"}],"predecessor-version":[{"id":133317,"href":"https:\/\/www.leccecronaca.it\/index.php\/wp-json\/wp\/v2\/posts\/133315\/revisions\/133317"}],"wp:featuredmedia":[{"embeddable":true,"href":"https:\/\/www.leccecronaca.it\/index.php\/wp-json\/wp\/v2\/media\/133316"}],"wp:attachment":[{"href":"https:\/\/www.leccecronaca.it\/index.php\/wp-json\/wp\/v2\/media?parent=133315"}],"wp:term":[{"taxonomy":"category","embeddable":true,"href":"https:\/\/www.leccecronaca.it\/index.php\/wp-json\/wp\/v2\/categories?post=133315"},{"taxonomy":"post_tag","embeddable":true,"href":"https:\/\/www.leccecronaca.it\/index.php\/wp-json\/wp\/v2\/tags?post=133315"}],"curies":[{"name":"wp","href":"https:\/\/api.w.org\/{rel}","templated":true}]}}