{"id":133344,"date":"2018-02-24T12:04:43","date_gmt":"2018-02-24T11:04:43","guid":{"rendered":"http:\/\/www.leccecronaca.it\/?p=133344"},"modified":"2018-02-24T12:04:43","modified_gmt":"2018-02-24T11:04:43","slug":"la-poesia-come-ricerca-della-bellezza-donato-di-poce-turista-non-per-caso-con-i-suoi-versi-scaglia-lampi-di-verita-nei-cieli-salentini","status":"publish","type":"post","link":"https:\/\/www.leccecronaca.it\/index.php\/2018\/02\/24\/la-poesia-come-ricerca-della-bellezza-donato-di-poce-turista-non-per-caso-con-i-suoi-versi-scaglia-lampi-di-verita-nei-cieli-salentini\/","title":{"rendered":"LA POESIA COME RICERCA DELLA BELLEZZA. DONATO DI POCE, TURISTA NON PER CASO, CON I SUOI VERSI SCAGLIA &#8220;lampi di verit\u00e0&#8221; NEI CIELI SALENTINI"},"content":{"rendered":"<p><img decoding=\"async\" loading=\"lazy\" class=\"alignleft size-full wp-image-133348\" src=\"https:\/\/www.leccecronaca.it\/wordpress\/wp-content\/uploads\/2018\/02\/ddp-2.jpg\" alt=\"\" width=\"528\" height=\"960\" srcset=\"https:\/\/www.leccecronaca.it\/wordpress\/wp-content\/uploads\/2018\/02\/ddp-2.jpg 528w, https:\/\/www.leccecronaca.it\/wordpress\/wp-content\/uploads\/2018\/02\/ddp-2-165x300.jpg 165w\" sizes=\"(max-width: 528px) 100vw, 528px\" \/>(g.p.)______<\/p>\n<p><strong>Donato Di Poce<\/strong>, 60 anni, nativo di Sora, ma residente a Milano, una delle voci poetiche pi\u00f9 interessanti del panorama contemporaneo, \u00e8 nel Salento, per presentare la sua nuova raccolta poetica.<\/p>\n<p>Non \u00e8 un caso, dal momento che <strong>&#8220;Lampi di verit\u00e0&#8221;<\/strong>, cos\u00ec si intitola, \u00e8 edita da iQdB, I Quaderni del Bardo, l&#8217; emergente casa editrice dell&#8217; editore leccese Stefano Donno, che con essa ha inaugurato la prestigiosa collana Z, dedicata appunto alla poesia, diretta da Nicola Vacca.<\/p>\n<p>Ieri sera era a Calimera, alla libreria Volta la Carta (nelle foto, \u00e8 il terzo da sinistra), insieme appunto all&#8217; editore, al direttore e ad Alessandro Vergari, autore della prefazione al volume.<\/p>\n<p><img decoding=\"async\" loading=\"lazy\" class=\"alignleft size-full wp-image-133349\" src=\"https:\/\/www.leccecronaca.it\/wordpress\/wp-content\/uploads\/2018\/02\/ddp.jpg\" alt=\"\" width=\"960\" height=\"480\" srcset=\"https:\/\/www.leccecronaca.it\/wordpress\/wp-content\/uploads\/2018\/02\/ddp.jpg 960w, https:\/\/www.leccecronaca.it\/wordpress\/wp-content\/uploads\/2018\/02\/ddp-300x150.jpg 300w, https:\/\/www.leccecronaca.it\/wordpress\/wp-content\/uploads\/2018\/02\/ddp-768x384.jpg 768w, https:\/\/www.leccecronaca.it\/wordpress\/wp-content\/uploads\/2018\/02\/ddp-600x300.jpg 600w\" sizes=\"(max-width: 960px) 100vw, 960px\" \/><\/p>\n<p>&#8220;<em><strong>Una serata bellissima<\/strong><\/em>&#8221; &#8211; ha detto questa mattina a leccecronaca.it Donato Di Poce &#8211; <strong><em>&#8220;Intensa, poi. Il momento poetico pi\u00f9 alto? Ma quando ho preso in braccio la figlia della proprietaria della libreria che ci ospitava, di pochi mesi, e ho giocato con lei: una poesia umana, ecco&#8221;.<\/em><\/strong><\/p>\n<p>Tutti insieme di nuovo questa sera, sabato 24, alle 19.30, a Lecce, al Fondo Verri, in via Santa Maria del Paradiso, con in pi\u00f9 Mauro Marino, presidente del Fondo Verri, a fare gli onori di casa, e a Grazia Piscopo, presidente dell&#8217; associazione Thorah, all&#8217; insegna della condivisione e della militanza poetica.<\/p>\n<p>Ma il pasticciotto, l&#8217; immancabile rito cui si sottopongono tutti i turisti, l&#8217; ha mangiato, Donato Di Poce? <strong><em>&#8220;Come no? Certo, mi sono ingozzato. Devo dire che ho trovato la Poesia nel pasticciotto leccese!&#8221;.<\/em><\/strong><\/p>\n<p>E i\u00a0lampi di verit\u00e0 sono i versi della Poesia?<\/p>\n<p><strong><em>&#8220;Il titolo della raccolta, s\u00ec. Viene dalla prima poesia, che ho dedicato a Pier Paolo Pasolini, e a Enrico Mattei. La mia Poesia che \u00e8 impegno civile, ma anche &#8211; sono le due chiavi interpretative &#8211; ricerca della Bellezza, nell&#8217; abbraccio cosmico&#8221;.<\/em><\/strong><\/p>\n<p>I due piani di lettura, si incontrano, o viaggiano paralleli?<\/p>\n<p><strong><em>&#8220;I miei versi si contaminano al tempo stesso sia con i riferimenti alla realt\u00e0, sia con quelli alla filosofia, e alle altre culture, specie quelle orientali, cos\u00ec raggiungono l&#8217; abbraccio con il mondo&#8221;.\u00a0<\/em><\/strong><\/p>\n<p>&nbsp;<\/p>\n<p>Lampi che squarciano &#8220;la notte buia del nostro vivere politico e civile&#8221;. Ma Donato di Poce ha riferimenti politici?<\/p>\n<p><strong><em>&#8220;Non voglio darci troppa importanza, alla politica. Il mio impegno \u00e8 s\u00ec civile, ma soprattutto culturale. Certo, ci sono riferimenti all&#8217; attualit\u00e0, ma quello che voglio \u00e8 recuperare un nuovo umanesimo, e ricercarlo con la filosofia, soprattutto quello orientale&#8221;.<\/em><\/strong><\/p>\n<p>&nbsp;<\/p>\n<p>&nbsp;<\/p>\n<p>&nbsp;<\/p>\n<p>&nbsp;<\/p>\n<fb:like href='https:\/\/www.leccecronaca.it\/index.php\/2018\/02\/24\/la-poesia-come-ricerca-della-bellezza-donato-di-poce-turista-non-per-caso-con-i-suoi-versi-scaglia-lampi-di-verita-nei-cieli-salentini\/' send='true' layout='button_count' show_faces='true' width='450' height='65' action='recommend' colorscheme='light' font='lucida grande'><\/fb:like><span class=\"fb_share\"><fb:like href=\"https:\/\/www.leccecronaca.it\/index.php\/2018\/02\/24\/la-poesia-come-ricerca-della-bellezza-donato-di-poce-turista-non-per-caso-con-i-suoi-versi-scaglia-lampi-di-verita-nei-cieli-salentini\/\" layout=\"button_count\"><\/fb:like><\/span>","protected":false},"excerpt":{"rendered":"<p>(g.p.)______ Donato Di Poce, 60 anni, nativo di Sora, ma residente a Milano, una delle voci poetiche pi\u00f9 interessanti del panorama contemporaneo, \u00e8 nel Salento, per presentare la sua nuova raccolta poetica. Non \u00e8 un caso, dal momento che &#8220;Lampi di verit\u00e0&#8221;, cos\u00ec si intitola, \u00e8 edita da iQdB, I Quaderni del Bardo, l&#8217; emergente [&hellip;]<\/p>\n","protected":false},"author":4,"featured_media":133348,"comment_status":"open","ping_status":"closed","sticky":false,"template":"","format":"standard","meta":[],"categories":[1,69,31,75,57],"tags":[],"_links":{"self":[{"href":"https:\/\/www.leccecronaca.it\/index.php\/wp-json\/wp\/v2\/posts\/133344"}],"collection":[{"href":"https:\/\/www.leccecronaca.it\/index.php\/wp-json\/wp\/v2\/posts"}],"about":[{"href":"https:\/\/www.leccecronaca.it\/index.php\/wp-json\/wp\/v2\/types\/post"}],"author":[{"embeddable":true,"href":"https:\/\/www.leccecronaca.it\/index.php\/wp-json\/wp\/v2\/users\/4"}],"replies":[{"embeddable":true,"href":"https:\/\/www.leccecronaca.it\/index.php\/wp-json\/wp\/v2\/comments?post=133344"}],"version-history":[{"count":1,"href":"https:\/\/www.leccecronaca.it\/index.php\/wp-json\/wp\/v2\/posts\/133344\/revisions"}],"predecessor-version":[{"id":133350,"href":"https:\/\/www.leccecronaca.it\/index.php\/wp-json\/wp\/v2\/posts\/133344\/revisions\/133350"}],"wp:featuredmedia":[{"embeddable":true,"href":"https:\/\/www.leccecronaca.it\/index.php\/wp-json\/wp\/v2\/media\/133348"}],"wp:attachment":[{"href":"https:\/\/www.leccecronaca.it\/index.php\/wp-json\/wp\/v2\/media?parent=133344"}],"wp:term":[{"taxonomy":"category","embeddable":true,"href":"https:\/\/www.leccecronaca.it\/index.php\/wp-json\/wp\/v2\/categories?post=133344"},{"taxonomy":"post_tag","embeddable":true,"href":"https:\/\/www.leccecronaca.it\/index.php\/wp-json\/wp\/v2\/tags?post=133344"}],"curies":[{"name":"wp","href":"https:\/\/api.w.org\/{rel}","templated":true}]}}