{"id":133447,"date":"2018-02-25T11:23:50","date_gmt":"2018-02-25T10:23:50","guid":{"rendered":"http:\/\/www.leccecronaca.it\/?p=133447"},"modified":"2018-02-25T11:25:01","modified_gmt":"2018-02-25T10:25:01","slug":"campagna-elettorale-le-valutazioni-di-dario-stefano","status":"publish","type":"post","link":"https:\/\/www.leccecronaca.it\/index.php\/2018\/02\/25\/campagna-elettorale-le-valutazioni-di-dario-stefano\/","title":{"rendered":"CAMPAGNA ELETTORALE \/ LE VALUTAZIONI DI STEFANO"},"content":{"rendered":"<p><img decoding=\"async\" loading=\"lazy\" class=\"size-full wp-image-132870\" src=\"https:\/\/www.leccecronaca.it\/wordpress\/wp-content\/uploads\/2018\/02\/dario-stefano.jpg\" alt=\"\" width=\"1536\" height=\"1020\" srcset=\"https:\/\/www.leccecronaca.it\/wordpress\/wp-content\/uploads\/2018\/02\/dario-stefano.jpg 1536w, https:\/\/www.leccecronaca.it\/wordpress\/wp-content\/uploads\/2018\/02\/dario-stefano-300x199.jpg 300w, https:\/\/www.leccecronaca.it\/wordpress\/wp-content\/uploads\/2018\/02\/dario-stefano-1024x680.jpg 1024w, https:\/\/www.leccecronaca.it\/wordpress\/wp-content\/uploads\/2018\/02\/dario-stefano-768x510.jpg 768w\" sizes=\"(max-width: 1536px) 100vw, 1536px\" \/><\/p>\n<p>(e.l.)______Ultima domenica di campagna elettorale, anche nel Salento sono\u00a0 numerosi gli appuntamenti odierni, alcuni dei quali abbiamo segnalato ieri, e altri racconteremo oggi, attraverso le parole dei candidati protagonisti.<\/p>\n<p><em>\u201cL\u2019Italia ha chiuso la stagione delle leggi\u00a0ad personam, ha varato le riforme attese da decenni e finalmente ha invertito il trend economico e produttivo negativo, al quale ci avevano condannato i governi di centrodestra. Sarebbe un errore se riconsegnassimo il Paese a chi ci ha gi\u00e0 dato modo di misurare gli effetti catastrofici di politiche fallimentari, alle stesse persone che occupano la scena politica, locale e nazionale, da quasi quarant\u2019anni\u201d<\/em>.<\/p>\n<p>Cos\u00ec <strong>Dario Stef\u00e0no,<\/strong> candidato al Senato della Repubblica per la coalizione di centrosinistra al Collegio uninominale Lecce \u2013 Francavilla e per il Partito Democratico come capolista al collegio plurinominale Puglia Sud,\u00a0\u00a0oggi a Francavilla Fontana insieme al sottosegretario alla Giustizia,\u00a0Gennaro Migliore\u00a0e al\u00a0sindaco di Bari e presidente di Anci,\u00a0Antonio Decaro.<\/p>\n<p><em>\u201cIl nemico<\/em> \u2013 \u00e8 stato detto a pi\u00f9 voci \u2013<em> \u00e8 la rassegnazione, \u00e8 pensare \u201ctanto nulla cambia\u201d: ma non \u00e8 cos\u00ec, e questa legislatura ormai alla fase conclusiva ha dimostrato che \u00e8 possibile tradurre le ambizioni del territorio e delle nostre comunit\u00e0 in realt\u00e0, un passo alla volta. Gli indicatori economici ci dicono chiaramente che stiamo uscendo dalla crisi pi\u00f9 lunga dal dopoguerra, fermarsi ora significherebbe far tornare indietro il Paese\u201d.<\/em><\/p>\n<p>\u201c<em>La credibilit\u00e0<\/em> \u2013 ha poi sottolineato Stef\u00e0no \u2013<em> si misura anche sulla seriet\u00e0 delle cose che fa e che dice. Il mio diretto competitor afferma che c\u2019\u00e8 \u201cbisogno di forza per sbattere i pugni in sede europea\u201d: evidentemente gli sfugge che in Europa governa proprio la sua parte politica, con\u00a0FI che esprime il presidente del Parlamento Europeo. Dunque, avrebbero avuto tutti gli strumenti per intervenire, se avessero veramente avuto a cuore i destini dell\u2019Italia.\u00a0\u00a0<\/em><\/p>\n<p>C<em>erto, resta ancora da capire quale idea di Europa propone il centrodestra, visto che Salvini predica altre ricette. Quel Salvini che parla di dazi, che annienterebbero le ambizioni di crescita delle nostre imprese.\u00a0Ci\u00f2 che serve sono\u00a0regole giuste in mercati aperti: accordi internazionali basati sulla reciprocit\u00e0, con clausole di salvaguardia vere, con la lotta al falso cibo e la tutela essenziale delle nostre indicazioni geografiche.\u00a0Per questo serve un governo autorevole e credibile per continuare a lavorare per una Europa diversa e non per tornare ad una dimensionale nazionalista anacronistica e perdente\u201d.<\/em><\/p>\n<p>&nbsp;<\/p>\n<p>\u201c<em>Tra destre e cinque stelle<\/em> \u2013 ha poi concluso &#8211;<em> ritroviamo toni di propaganda simili e una sensibile\u00a0convergenza sui principali temi politici,\u00a0indicative di una stessa cultura politica e di uno stesso sguardo divisivo: su immigrazione, Europa, rapporto con la scienza, M5S e Lega parlano la stessa lingua. Una lingua incapace di andare al di l\u00e0 dell\u2019elencazione quotidiana delle paure, abdicando alla responsabilit\u00e0 di indicare soluzioni credibili, sostenibili. Berlusconi promette la pensione di 1000 euro alle casalinghe, Grillo il reddito di dignit\u00e0 superiore ai 1.300 euro al mese. Promesse entrambe irrealizzabili, perch\u00e9 non sostenibili economicamente. Non esiste alternativa al centro sinistra ed al PD in fatto di credibilit\u00e0, affidabilit\u00e0 e cultura di governo. Non lo diciamo noi, ce lo dicono i dati delle rilevazioni degli istituti di ricerca\u201d.<\/em><\/p>\n<fb:like href='https:\/\/www.leccecronaca.it\/index.php\/2018\/02\/25\/campagna-elettorale-le-valutazioni-di-dario-stefano\/' send='true' layout='button_count' show_faces='true' width='450' height='65' action='recommend' colorscheme='light' font='lucida grande'><\/fb:like><span class=\"fb_share\"><fb:like href=\"https:\/\/www.leccecronaca.it\/index.php\/2018\/02\/25\/campagna-elettorale-le-valutazioni-di-dario-stefano\/\" layout=\"button_count\"><\/fb:like><\/span>","protected":false},"excerpt":{"rendered":"<p>(e.l.)______Ultima domenica di campagna elettorale, anche nel Salento sono\u00a0 numerosi gli appuntamenti odierni, alcuni dei quali abbiamo segnalato ieri, e altri racconteremo oggi, attraverso le parole dei candidati protagonisti. \u201cL\u2019Italia ha chiuso la stagione delle leggi\u00a0ad personam, ha varato le riforme attese da decenni e finalmente ha invertito il trend economico e produttivo negativo, al [&hellip;]<\/p>\n","protected":false},"author":4,"featured_media":132870,"comment_status":"open","ping_status":"closed","sticky":false,"template":"","format":"standard","meta":[],"categories":[76],"tags":[],"_links":{"self":[{"href":"https:\/\/www.leccecronaca.it\/index.php\/wp-json\/wp\/v2\/posts\/133447"}],"collection":[{"href":"https:\/\/www.leccecronaca.it\/index.php\/wp-json\/wp\/v2\/posts"}],"about":[{"href":"https:\/\/www.leccecronaca.it\/index.php\/wp-json\/wp\/v2\/types\/post"}],"author":[{"embeddable":true,"href":"https:\/\/www.leccecronaca.it\/index.php\/wp-json\/wp\/v2\/users\/4"}],"replies":[{"embeddable":true,"href":"https:\/\/www.leccecronaca.it\/index.php\/wp-json\/wp\/v2\/comments?post=133447"}],"version-history":[{"count":2,"href":"https:\/\/www.leccecronaca.it\/index.php\/wp-json\/wp\/v2\/posts\/133447\/revisions"}],"predecessor-version":[{"id":133451,"href":"https:\/\/www.leccecronaca.it\/index.php\/wp-json\/wp\/v2\/posts\/133447\/revisions\/133451"}],"wp:featuredmedia":[{"embeddable":true,"href":"https:\/\/www.leccecronaca.it\/index.php\/wp-json\/wp\/v2\/media\/132870"}],"wp:attachment":[{"href":"https:\/\/www.leccecronaca.it\/index.php\/wp-json\/wp\/v2\/media?parent=133447"}],"wp:term":[{"taxonomy":"category","embeddable":true,"href":"https:\/\/www.leccecronaca.it\/index.php\/wp-json\/wp\/v2\/categories?post=133447"},{"taxonomy":"post_tag","embeddable":true,"href":"https:\/\/www.leccecronaca.it\/index.php\/wp-json\/wp\/v2\/tags?post=133447"}],"curies":[{"name":"wp","href":"https:\/\/api.w.org\/{rel}","templated":true}]}}