{"id":133516,"date":"2018-02-26T21:30:10","date_gmt":"2018-02-26T20:30:10","guid":{"rendered":"http:\/\/www.leccecronaca.it\/?p=133516"},"modified":"2018-03-08T13:26:08","modified_gmt":"2018-03-08T12:26:08","slug":"l-analisi-dopo-i-nuovi-massacri-di-alberi-a-cisternino-la-xylella-ovvero-la-riconversione-agricola-che-si-vuole-imporre-forzatamente-al-nostro-territorio","status":"publish","type":"post","link":"https:\/\/www.leccecronaca.it\/index.php\/2018\/02\/26\/l-analisi-dopo-i-nuovi-massacri-di-alberi-a-cisternino-la-xylella-ovvero-la-riconversione-agricola-che-si-vuole-imporre-forzatamente-al-nostro-territorio\/","title":{"rendered":"L&#8217; APPROFONDIMENTO \/ DOPO I NUOVI MASSACRI DI ALBERI A CISTERNINO \/ L&#8217; &#8216;AFFAIRE XYLELLA&#8217;, OVVERO LA RICONVERSIONE AGRICOLA CHE SI VUOLE IMPORRE FORZATAMENTE AL NOSTRO TERRITORIO"},"content":{"rendered":"<p><img decoding=\"async\" loading=\"lazy\" class=\"alignleft size-full wp-image-133521\" src=\"https:\/\/www.leccecronaca.it\/wordpress\/wp-content\/uploads\/2018\/02\/27750405_10210975062073504_3744401683443780888_n-1.jpg\" alt=\"\" width=\"960\" height=\"640\" srcset=\"https:\/\/www.leccecronaca.it\/wordpress\/wp-content\/uploads\/2018\/02\/27750405_10210975062073504_3744401683443780888_n-1.jpg 960w, https:\/\/www.leccecronaca.it\/wordpress\/wp-content\/uploads\/2018\/02\/27750405_10210975062073504_3744401683443780888_n-1-300x200.jpg 300w, https:\/\/www.leccecronaca.it\/wordpress\/wp-content\/uploads\/2018\/02\/27750405_10210975062073504_3744401683443780888_n-1-768x512.jpg 768w\" sizes=\"(max-width: 960px) 100vw, 960px\" \/>di <strong>Crocifisso Aloisi<\/strong> * (consigliere comunale Galatone &#8211; per leccecronaca.it)______<\/p>\n<p>La Commissione Europea ha usato due pesi e due misure, con la complicit\u00e0 delle istituzioni nazionali che non hanno avuto nulla da obiettare, per la gestione di organismi nocivi da quarantena? Dalla lettura dei dispositivi europei emanati sembrerebbe di s\u00ec.<br \/>\nCerchiamo di analizzare questi documenti.<\/p>\n<p>Nel 2015, a distanza di poche settimane l&#8217;una dall&#8217;altra, la Commissione Europea ha emanato DUE Decisioni di esecuzione per DUE organismi nocivi inseriti entrambi in Lista Eppo 1 (la lista degli organismi da quarantena), Xylella Fastidiosa (riscontrato in Salento) e Anoplophora Glabripennis (riscontrato in Lombardia). Entrambi sono considerati organismi da quarantena, ma la Commissione ha deciso di trattarli in maniera diversa per quanto riguarda le eradicazioni.<\/p>\n<p>Per la &#8216;nostra&#8217; Xylella \u00e8 stato imposto, anche con l&#8217;uso della FORZA PUBBLICA, di procedere con lo sradicamento di tutte le piante &#8216;potenzialmente ospiti&#8217;, solo con esami visivi e con delle supposizioni degli ispettori fitosanitari, SENZA ESAMI ANALITICI, nel raggio di cento metri intorno alla pianta dichiarata infetta in fascia di contenimento.<\/p>\n<p>Per l&#8217;altro organismo nocivo, invece, \u00e8 stato concesso di andare in deroga all&#8217;abbattimento delle piante <em>&#8220;per motivi connessi al particolare valore sociale culturale o ambientale&#8221;<\/em>!! Chiaro ?? La Commissione prevede che per il patogeno trovato in Lombardia, l&#8217;Anoplophora Glabripennis, si pu\u00f2 andare in deroga agli abbattimenti, non come sta accadendo in questi giorni nel brindisino, precisamente <strong>a Cisternino<\/strong> (nella foto), dove invece <strong>si impone il taglio indiscriminato delle piant<\/strong>e ritenute potenzialmente ospiti!<br \/>\nTutte e due le risoluzioni portano la stessa firma, il Commissario europeo Vytenis Andriukaitis.<\/p>\n<p><strong>Sorvoliamo<\/strong> su quanto abbiamo ripetutamente scritto &#8211; e per il quale abbiamo ricevuto in questi anni offese, ritorsioni o &#8216;messaggi particolari&#8217; (rassegnatevi perch\u00e9 perdete solo tempo, piuttosto non nascondetevi e rispondete ai nostri rilievi !) &#8211; a proposito della mancanza dei dati epidemiologici (con prove di laboratorio che certifichino la presenza di una epidemia da xylella, da non confondere con il CO.DI.R.O.) sulle vere cause dei disseccamenti in zona infetta, batterio oppure verticillium o altro.<\/p>\n<p><strong>Sorvoliamo<\/strong> sulle parole pronunciate dall&#8217;allora Procuratore Capo Cataldo Motta <em>(&#8220;L&#8217;Unione europea \u00e8 stata tratta in inganno con una falsa rappresentazione dell&#8217;emergenza xylella fastidiosa, basata su dati impropri e sull&#8217;inesistenza di un reale nesso di causalit\u00e0 tra il batterio e il disseccamento degli ulivi&#8221;);<\/em><\/p>\n<p><strong>Sorvoliamo<\/strong> sulle forti contestazioni allo studio di Efsa che dimostrerebbe il nesso causa\/effetto xylella con disseccamento olivi (mancanza di peer-review indipendente ed approvata dalla comunit\u00e0 scientifica internazionale).<\/p>\n<p><strong>Quello su cui non si pu\u00f2 sorvolare<\/strong> \u00e8 che nel frattempo Xylella Fastidiosa \u00e8 passata da LISTA EPPO 1 (come era nel 2015), a LISTA EPPO 2, ma \u00e8 sempre soggetta agli stessi decreti legge nazionali e le stesse decisioni di esecuzione. Quindi le eradicazioni vengono imposte, per un aspetto prettamente burocratico. Ma mentre in Lombardia o nelle altre zone in cui \u00e8 stato riscontrato il patogeno Anoplophora Glabripennis, i proprietari di alberi (che hanno un valore paesaggistico e sociale) possono salvare le loro piante senza grossi problemi, a Ostuni e Cisternino sono costretti invece a ricorrere al Tar (e a sopportare anche pressioni e spese).<\/p>\n<p><strong>A questo punto non ci possono pi\u00f9 essere alibi per nessuno, n\u00e9 per le associazioni di categoria, da sempre cieche e sorde di fronte a queste palesi contraddizioni, n\u00e9 per quegli agronomi collusi con le stesse associazioni e con le baron\u00ece universitarie, n\u00e9 per quei giornalisti appiattiti su un&#8217;impostazione che traballa sempre pi\u00f9, n\u00e9 per la maggior parte dei politici locali che fanno finta di non capire rendendosi tutti complici di queste scelleratezze.<\/strong><\/p>\n<p>Xylella \u00e8 un problema di politica economica e di riconversione agricola che si vuole imporre, senza se e senza ma, al nostro Territorio? Questa \u00e8 la domanda cui tutti dovrebbero dare risposte.<\/p>\n<p>&nbsp;<\/p>\n<p>Un&#8217;altra riflessione da fare \u00e8 legata ad una incredibile variabile di questa storiella: il vettore, la famigerata Philaenus spumarius comunemente conosciuta come &#8216;sputacchina&#8217;.<br \/>\nIn questi anni ne abbiamo sentite di tutti i colori (in tutti i sensi): <em>&#8220;se andate in Salento tenete i finestrini delle automobili ben chiusi per evitare che gli insetti saltino all\u2019interno e vengano cos\u00ec trasportati in altri luogh<\/em>i&#8221; &#8211; disse un ricercatore barese (!); oppure&#8221;<em>un insettuccio polifago grande meno di mezzo centimetro, che di suo non si sposta pi\u00f9 di cento metri, ma ha una predilezione per i COLORI INTENSI, si attacca spesso alle automobili con le carrozzerie metallizzate e per questo motivo \u00e8 stato definito \u201cautostoppista\u201d<\/em>; ma anche &#8220;<em>Xylella, nessun rischio nel Barese. Gli esperti: &#8216;Occhio ai viaggi in auto&#8217;, l&#8217;insetto infatti, attratto anche dai COLORI CHIARI, \u00a0nonostante le piccolissime dimensioni,\u00a0potrebbe saltare fin dentro il veicolo, usufruendo di &#8216;passaggi&#8217; indesiderati<\/em>&#8220;.<\/p>\n<p>Tenendo presente come sta andando avanti la storiella dell'&#8221;avanzata inesorabile del batterio&#8221; &#8211; che sembra si sposti alla media costante di circa trenta km all&#8217; anno (da Gallipoli 2013 a Cisternino 2018), salvo poi fare incredibili salti di diversi km, come nel caso dei focolai puntiformi che sarebbero stati ritrovati a Ceglie Messapico o Cisternino in aperta campagna distanti molti chilometri da Oria, cio\u00e8 dal punto pi\u00f9 a nord della cosiddetta &#8216;zona infetta&#8217; (super sputacchina ?) &#8211; fosse vero tutto quello che ci hanno sempre raccontato, possibile che mai nessuna sputacchina sia riuscita, in oltre quattro anni, ad imbarcarsi su di un&#8217;auto dai &#8220;colori intensi&#8221; o &#8220;chiari&#8221; o multicolor per farsi un bel viaggetto fino a Bari, Foggia, Pescara o Toscana??<\/p>\n<p>Pi\u00f9 che una variabile aleatoria la sputacchina appare cos\u00ec una costante prevedibile, un po&#8217; come le dichiarazioni a rate di certi pentiti.<\/p>\n<p>&nbsp;<\/p>\n<p>Durante il consiglio comunale aperto tenuto a Cisternino gioved\u00ec scorso sul problema eradicazioni, \u00e8 emerso che la positivit\u00e0 dei tre olivi sarebbe stata riscontrata a settembre 2017, ma la notifica dei decreti di eradicazione \u00e8 avvenuta a febbraio 2018, cio\u00e8 dopo oltre cinque mesi !<br \/>\nStiamo parlando di un intervento fortemente invasivo: per ogni olivo infetto infatti dovranno essere sradicate tutte le piante potenzialmente ospiti nel raggio di cento metri intorno, cio\u00e8 presenti in un&#8217;area di oltre tre ettari.<\/p>\n<p>Si presume possano esserci circa centocinquanta\/duecento piante da sradicare intorno ad ogni olivo dichiarato infetto.<\/p>\n<p>Ora, supponendo fosse tutto vero quello che ci hanno raccontato fin&#8217;ora, soprattutto sull&#8217;ineluttabilit\u00e0 e tempestivit\u00e0 degli interventi per &#8220;<em>fermare l&#8217;avanzata inesorabile del temibile batteri<\/em>o&#8221;, com&#8217;\u00e8 possibile un simile ritardo quando poi la Decisione 789 impone che il proprietario sia <em>&#8220;immediatamente informato della presenza o sospetta presenza dell&#8217; organismo specificato<\/em>&#8221; e &#8220;<em>lo Stato membro deve rimuovere IMMEDIATAMENTE nel raggio di cento metri .. le piante ospiti..le piante notoriamente infette..le piante che presentano sintomi indicativi..&#8221; ??<\/em><br \/>\n<strong>Stiamo affrontando una finta emergenza, o una vera farsa ?<\/strong><\/p>\n<p>&nbsp;<\/p>\n<fb:like href='https:\/\/www.leccecronaca.it\/index.php\/2018\/02\/26\/l-analisi-dopo-i-nuovi-massacri-di-alberi-a-cisternino-la-xylella-ovvero-la-riconversione-agricola-che-si-vuole-imporre-forzatamente-al-nostro-territorio\/' send='true' layout='button_count' show_faces='true' width='450' height='65' action='recommend' colorscheme='light' font='lucida grande'><\/fb:like><span class=\"fb_share\"><fb:like href=\"https:\/\/www.leccecronaca.it\/index.php\/2018\/02\/26\/l-analisi-dopo-i-nuovi-massacri-di-alberi-a-cisternino-la-xylella-ovvero-la-riconversione-agricola-che-si-vuole-imporre-forzatamente-al-nostro-territorio\/\" layout=\"button_count\"><\/fb:like><\/span>","protected":false},"excerpt":{"rendered":"<p>di Crocifisso Aloisi * (consigliere comunale Galatone &#8211; per leccecronaca.it)______ La Commissione Europea ha usato due pesi e due misure, con la complicit\u00e0 delle istituzioni nazionali che non hanno avuto nulla da obiettare, per la gestione di organismi nocivi da quarantena? Dalla lettura dei dispositivi europei emanati sembrerebbe di s\u00ec. Cerchiamo di analizzare questi documenti. [&hellip;]<\/p>\n","protected":false},"author":4,"featured_media":133521,"comment_status":"open","ping_status":"closed","sticky":false,"template":"","format":"standard","meta":[],"categories":[1,69,31,76],"tags":[],"_links":{"self":[{"href":"https:\/\/www.leccecronaca.it\/index.php\/wp-json\/wp\/v2\/posts\/133516"}],"collection":[{"href":"https:\/\/www.leccecronaca.it\/index.php\/wp-json\/wp\/v2\/posts"}],"about":[{"href":"https:\/\/www.leccecronaca.it\/index.php\/wp-json\/wp\/v2\/types\/post"}],"author":[{"embeddable":true,"href":"https:\/\/www.leccecronaca.it\/index.php\/wp-json\/wp\/v2\/users\/4"}],"replies":[{"embeddable":true,"href":"https:\/\/www.leccecronaca.it\/index.php\/wp-json\/wp\/v2\/comments?post=133516"}],"version-history":[{"count":3,"href":"https:\/\/www.leccecronaca.it\/index.php\/wp-json\/wp\/v2\/posts\/133516\/revisions"}],"predecessor-version":[{"id":133524,"href":"https:\/\/www.leccecronaca.it\/index.php\/wp-json\/wp\/v2\/posts\/133516\/revisions\/133524"}],"wp:featuredmedia":[{"embeddable":true,"href":"https:\/\/www.leccecronaca.it\/index.php\/wp-json\/wp\/v2\/media\/133521"}],"wp:attachment":[{"href":"https:\/\/www.leccecronaca.it\/index.php\/wp-json\/wp\/v2\/media?parent=133516"}],"wp:term":[{"taxonomy":"category","embeddable":true,"href":"https:\/\/www.leccecronaca.it\/index.php\/wp-json\/wp\/v2\/categories?post=133516"},{"taxonomy":"post_tag","embeddable":true,"href":"https:\/\/www.leccecronaca.it\/index.php\/wp-json\/wp\/v2\/tags?post=133516"}],"curies":[{"name":"wp","href":"https:\/\/api.w.org\/{rel}","templated":true}]}}