{"id":133562,"date":"2018-02-28T18:28:10","date_gmt":"2018-02-28T17:28:10","guid":{"rendered":"http:\/\/www.leccecronaca.it\/?p=133562"},"modified":"2018-02-28T19:03:51","modified_gmt":"2018-02-28T18:03:51","slug":"zeman","status":"publish","type":"post","link":"https:\/\/www.leccecronaca.it\/index.php\/2018\/02\/28\/zeman\/","title":{"rendered":"IL 4-3-3 SOTTO 5 STELLE. SE &#8216;SCENDE IN CAMPO&#8217; ZEMAN"},"content":{"rendered":"<p><img decoding=\"async\" loading=\"lazy\" class=\"alignleft size-medium wp-image-133575\" src=\"https:\/\/www.leccecronaca.it\/wordpress\/wp-content\/uploads\/2018\/02\/GettyImages-647862728-630x415-1-300x198.jpg\" alt=\"\" width=\"300\" height=\"198\" srcset=\"https:\/\/www.leccecronaca.it\/wordpress\/wp-content\/uploads\/2018\/02\/GettyImages-647862728-630x415-1-300x198.jpg 300w, https:\/\/www.leccecronaca.it\/wordpress\/wp-content\/uploads\/2018\/02\/GettyImages-647862728-630x415-1.jpg 630w\" sizes=\"(max-width: 300px) 100vw, 300px\" \/><img decoding=\"async\" loading=\"lazy\" class=\"alignleft size-medium wp-image-133569\" src=\"https:\/\/www.leccecronaca.it\/wordpress\/wp-content\/uploads\/2018\/02\/GettyImages-647862728-630x415-300x198.jpg\" alt=\"\" width=\"300\" height=\"198\" srcset=\"https:\/\/www.leccecronaca.it\/wordpress\/wp-content\/uploads\/2018\/02\/GettyImages-647862728-630x415-300x198.jpg 300w, https:\/\/www.leccecronaca.it\/wordpress\/wp-content\/uploads\/2018\/02\/GettyImages-647862728-630x415.jpg 630w\" sizes=\"(max-width: 300px) 100vw, 300px\" \/>di <strong>Giuseppe Puppo______<\/strong><\/p>\n<p>&#8220;<em>Spero che troviamo tanta gente che ci appoggia e che ci aiuta a crescere e a lavorare per il bene del Paese&#8221;<\/em>.\u00a0 Cos\u00ec questa mattina, a Pescara, congiuntivi alla Di Maio compresi,\u00a0 Zdenek Zeman in apertura della &#8216;convention&#8217; del Movimento 5 Stelle intitolata &#8220;Sport e legalit\u00e0&#8221;, con la sua presenza fisica, con i suoi sorrisi, con il suo eloquio lento e significativo, pause incluse.<\/p>\n<p>&nbsp;<\/p>\n<p>&nbsp;<\/p>\n<p>Per dare seguito concreto alle dichiarazioni che aveva fatto pubblicamente nei giorni scorsi:<em>\u00a0&#8220;Penso che voter\u00f2 5 Stelle alle prossime elezioni perch\u00e9 propongono qualcosa di nuovo e gli altri non mi convincono. Mi piace la loro voglia di fare, con molte idee.\u00a0Sono stato contento che abbiano pensato anche a me. Io in politica? \u00c8 difficile, non credo. Rimango fuori dalla politica, perch\u00e9 il mio mestiere \u00e8 un altro&#8221;.<\/em><\/p>\n<p>Insomma, non far\u00e0 il ministro dello sport, e sarebbe stato un &#8216;botto&#8217; decisivo, ma la sua dichiarazione di intenti, la sua partecipazione \u00e8 altrettanto indicativa, in un settore altamente significativo della societ\u00e0 contemporanea, anch&#8217; esso purtroppo degenerato, fra &#8216;spettacolo&#8217; e\u00a0 interessi economici.<\/p>\n<p>Il deputato pentastellato Gianluca Vacca ne ha fatto una buona sintesi: <em>&#8220;In Italia ci sono stati troppi casi di infiltrazione criminale nel mondo dello sport. E c&#8217;\u00e8 da sempre anche la lunga mano dei partiti, compresi quelli che utilizzano lo sport unicamente come bacino elettorale e per i propri giochi di potere. Quello che vogliamo per il nostro Paese \u00e8 che lo sport torni a unire, ad essere per i ragazzi un momento di aggregazione pulito, lontano dalle dinamiche di illecito, dagli appetiti dei partiti e da fenomeni come il doping, ancora troppo presente nel mondo sportivo. La scelta di avere accanto a noi un campione olimpico come Domenico Fioravanti e un allenatore come Zeman, simbolo di correttezza e fermezza al di l\u00e0 di ogni fede calcistica, ha il significato di vedere lo sport come competizione e agonismo sano, a tutela della crescita personale degli atleti di ogni et\u00e0&#8221;.<\/em><\/p>\n<p>Nel governo che far\u00e0 il M5S se sar\u00e0 premiato dagli elettori, l&#8217; olimpionico di nuoto Domenico Fioravanti far\u00e0 il ministro.<\/p>\n<p>Zdenek Zeman continuer\u00e0 a fare l&#8217; allenatore di calcio. Ma, senza nulla togliere al primo, il suo contributo sar\u00e0 fondamentale, oltre al sicuro impatto positivo che la sua adesione porter\u00e0 alla campagna elettorale, proprio nella fase finale.<\/p>\n<p>Del resto il M5S insegna che la politica non \u00e8 roba solo da deputati e senatori, ma da impegno quotidiano di tutti.<\/p>\n<p>E poi, Zeman ha gi\u00e0 un partito, nel fenomenale mondo del calcio che interessa e appassiona decine di milioni di Italiani. Il suo. E&#8217; al 50%. O lo si ama, incondizionatamente, o lo si odia.<\/p>\n<p>Di pi\u00f9, ha una storia: di lotta al doping, alle manovre di Palazzo, alle ingerenze economiche, agli svilimenti sociali.<\/p>\n<p>Ancora di pi\u00f9: ha un&#8217; ideologia. E&#8217; l&#8217; ultimo partito rimasto con un&#8217; ideologia:<em> &#8220;La grande popolarit\u00e0 del calcio nel mondo non \u00e8 dovuta alle farmacie, o agli uffici finanziari,\u00a0 bens\u00ec al fatto che in ogni piazza, in ogni angolo del mondo c\u2019\u00e8 un bambino che gioca e si diverte con un pallone tra i piedi. Ma il calcio oggi \u00e8 sempre pi\u00f9 un\u2019industria e sempre meno un gioco\u201d.<\/em><\/p>\n<p>Zeman \u00e8 un predicatore. E&#8217; un profeta: <em>&#8220;Dopo tanti anni di trucchi, imbrogli, bugie, inganni e illeciti non casuali, ma di Sistema, ora c\u2019\u00e8 finalmente la possibilit\u00e0 di cambiare quel sistema, di fare calcio in maniera diversa, di farlo tornare solo uno sport.<\/em><\/p>\n<p><em>Hanno distrutto la credibilit\u00e0 di un gioco che il popolosa eletto come propria principale passione e veicolo di sentimenti.<\/em><\/p>\n<p><em>Chi dovr\u00e0 giudicare adesso e chi si ritrover\u00e0 a fare calcio da domani ha il dovere di riportare in prima linea i valori morali da trasmettere alla gente, affinch\u00e9 il mondo del pallone non sia pi\u00f9 il mondo esasperato che abbiamo vissuto negli ultimi dieci anni; gli stadi non siano pi\u00f9 zone di guerra e territorio di lotta politica; e nei bar e nelle piazze si possa tornare a parlare di calcio, di giocatori, di tecnica e di tattica e non pi\u00f9 di processi, corruzione, sudditanze, bilanci truccati o atleti dopati&#8221;.<\/em><\/p>\n<p>Fatica come divertimento, impegno come passione, per far diventare questo popolo di tifosi, e di sportivi in pantofole, protagonisti, in una vita migliore, soprattutto per le giovani generazioni. Un sogno.<\/p>\n<p>Se Zeman allenasse i politici, li manderebbe per prima cosa a saltare un&#8217;ora sui gradoni dello stadio vuoto con addosso sacchi di sabbia. Ma anche cos\u00ec, comunque vadano le elezioni, il suo contributo alla politica sar\u00e0 memorabile.<\/p>\n<p>&nbsp;<\/p>\n<p>&nbsp;<\/p>\n<p>&nbsp;<\/p>\n<p>&nbsp;<\/p>\n<p>&nbsp;<\/p>\n<p>&nbsp;<\/p>\n<p>&nbsp;<\/p>\n<fb:like href='https:\/\/www.leccecronaca.it\/index.php\/2018\/02\/28\/zeman\/' send='true' layout='button_count' show_faces='true' width='450' height='65' action='recommend' colorscheme='light' font='lucida grande'><\/fb:like><span class=\"fb_share\"><fb:like href=\"https:\/\/www.leccecronaca.it\/index.php\/2018\/02\/28\/zeman\/\" layout=\"button_count\"><\/fb:like><\/span>","protected":false},"excerpt":{"rendered":"<p>di Giuseppe Puppo______ &#8220;Spero che troviamo tanta gente che ci appoggia e che ci aiuta a crescere e a lavorare per il bene del Paese&#8221;.\u00a0 Cos\u00ec questa mattina, a Pescara, congiuntivi alla Di Maio compresi,\u00a0 Zdenek Zeman in apertura della &#8216;convention&#8217; del Movimento 5 Stelle intitolata &#8220;Sport e legalit\u00e0&#8221;, con la sua presenza fisica, con [&hellip;]<\/p>\n","protected":false},"author":4,"featured_media":133569,"comment_status":"open","ping_status":"closed","sticky":false,"template":"","format":"standard","meta":[],"categories":[69,76,28],"tags":[],"_links":{"self":[{"href":"https:\/\/www.leccecronaca.it\/index.php\/wp-json\/wp\/v2\/posts\/133562"}],"collection":[{"href":"https:\/\/www.leccecronaca.it\/index.php\/wp-json\/wp\/v2\/posts"}],"about":[{"href":"https:\/\/www.leccecronaca.it\/index.php\/wp-json\/wp\/v2\/types\/post"}],"author":[{"embeddable":true,"href":"https:\/\/www.leccecronaca.it\/index.php\/wp-json\/wp\/v2\/users\/4"}],"replies":[{"embeddable":true,"href":"https:\/\/www.leccecronaca.it\/index.php\/wp-json\/wp\/v2\/comments?post=133562"}],"version-history":[{"count":10,"href":"https:\/\/www.leccecronaca.it\/index.php\/wp-json\/wp\/v2\/posts\/133562\/revisions"}],"predecessor-version":[{"id":133578,"href":"https:\/\/www.leccecronaca.it\/index.php\/wp-json\/wp\/v2\/posts\/133562\/revisions\/133578"}],"wp:featuredmedia":[{"embeddable":true,"href":"https:\/\/www.leccecronaca.it\/index.php\/wp-json\/wp\/v2\/media\/133569"}],"wp:attachment":[{"href":"https:\/\/www.leccecronaca.it\/index.php\/wp-json\/wp\/v2\/media?parent=133562"}],"wp:term":[{"taxonomy":"category","embeddable":true,"href":"https:\/\/www.leccecronaca.it\/index.php\/wp-json\/wp\/v2\/categories?post=133562"},{"taxonomy":"post_tag","embeddable":true,"href":"https:\/\/www.leccecronaca.it\/index.php\/wp-json\/wp\/v2\/tags?post=133562"}],"curies":[{"name":"wp","href":"https:\/\/api.w.org\/{rel}","templated":true}]}}