{"id":133838,"date":"2018-03-05T17:23:34","date_gmt":"2018-03-05T16:23:34","guid":{"rendered":"http:\/\/www.leccecronaca.it\/?p=133838"},"modified":"2018-03-05T17:23:34","modified_gmt":"2018-03-05T16:23:34","slug":"politiche-2018-commenti-marcello-risi","status":"publish","type":"post","link":"https:\/\/www.leccecronaca.it\/index.php\/2018\/03\/05\/politiche-2018-commenti-marcello-risi\/","title":{"rendered":"POLITICHE 2018 \/ COMMENTI \/ MARCELLO RISI"},"content":{"rendered":"<p><img decoding=\"async\" loading=\"lazy\" class=\"alignleft size-medium wp-image-133841\" src=\"https:\/\/www.leccecronaca.it\/wordpress\/wp-content\/uploads\/2018\/03\/Marcello-Risi_Liberi-e-Uguali-200x300-200x300.jpg\" alt=\"\" width=\"200\" height=\"300\" \/>(rdl)______L&#8217; ex sindaco di Nard\u00f2 e candidato per Liberi e Uguali Marcello Risi (nella foto) ci manda il seguente comunicato______<\/p>\n<p>Il risultato personale da me ottenuto nelle elezioni del 4 marzo \u00e8 segno di fiducia e di attenzione e mi gratifica molto.\u00a0Mi spinge a proseguire nell\u2019impegno a favore della citt\u00e0 di Nard\u00f2 e a favore di tutti i meravigliosi comuni del collegio (ben trenta).\u00a0Li ho percorsi uno per uno. Le piazze, i vicoli, le storie, i volti, le voci. Una esperienza straordinaria, ricca di emozioni e di incontri.\u00a0Considerando i comuni sopra i 15.000 abitanti, il mio risultato a Nard\u00f2\u00a0 (9,41%) \u00e8 in assoluto il pi\u00f9 alto conseguito da \u201cLiberi e Uguali\u201d alla Camera nelle province di Lecce, Brindisi e Taranto e il secondo nell\u2019intera regione Puglia.\u00a0Sempre a Nard\u00f2 \u201cLiberi e Uguali\u201d supera di slancio la Lega e praticamente quasi appaia il partito Democratico (1.674 Leu, 1875 il Pd).<\/p>\n<p>Nella mia citt\u00e0 ho chiuso con una percentuale pari addirittura al triplo di quella nazionale.<\/p>\n<p>&nbsp;<\/p>\n<p>So di essere stato votato anche da elettori che hanno espresso la loro indicazione di voto per \u201cLiberi e Uguali\u201d intendendo con ci\u00f2 esprimere il loro consenso innanzitutto ai candidati e poi al simbolo. Ovvero, intendendo cos\u00ec rafforzare la voce della rappresentanza della loro comunit\u00e0.\u00a0Nei trenta giorni di questa intensissima campagna elettorale ho promesso che se dai cittadini fosse giunto un chiaro segnale di incoraggiamento e di fiducia, avrei continuato il mio impegno in politica.\u00a0Quel segnale c\u2019\u00e8 stato. E il mio lavoro al servizio delle nostre comunit\u00e0 prosegue.\u00a0Perch\u00e9 la bella politica si alimenta giorno dopo giorno con l\u2019impegno. E si nutre con le gioie e i sorrisi dell\u2019ascolto e del confronto.<\/p>\n<p>Grazie.<\/p>\n<p>Marcello Risi<\/p>\n<fb:like href='https:\/\/www.leccecronaca.it\/index.php\/2018\/03\/05\/politiche-2018-commenti-marcello-risi\/' send='true' layout='button_count' show_faces='true' width='450' height='65' action='recommend' colorscheme='light' font='lucida grande'><\/fb:like><span class=\"fb_share\"><fb:like href=\"https:\/\/www.leccecronaca.it\/index.php\/2018\/03\/05\/politiche-2018-commenti-marcello-risi\/\" layout=\"button_count\"><\/fb:like><\/span>","protected":false},"excerpt":{"rendered":"<p>(rdl)______L&#8217; ex sindaco di Nard\u00f2 e candidato per Liberi e Uguali Marcello Risi (nella foto) ci manda il seguente comunicato______ Il risultato personale da me ottenuto nelle elezioni del 4 marzo \u00e8 segno di fiducia e di attenzione e mi gratifica molto.\u00a0Mi spinge a proseguire nell\u2019impegno a favore della citt\u00e0 di Nard\u00f2 e a favore [&hellip;]<\/p>\n","protected":false},"author":4,"featured_media":0,"comment_status":"open","ping_status":"closed","sticky":false,"template":"","format":"standard","meta":[],"categories":[76,36],"tags":[],"_links":{"self":[{"href":"https:\/\/www.leccecronaca.it\/index.php\/wp-json\/wp\/v2\/posts\/133838"}],"collection":[{"href":"https:\/\/www.leccecronaca.it\/index.php\/wp-json\/wp\/v2\/posts"}],"about":[{"href":"https:\/\/www.leccecronaca.it\/index.php\/wp-json\/wp\/v2\/types\/post"}],"author":[{"embeddable":true,"href":"https:\/\/www.leccecronaca.it\/index.php\/wp-json\/wp\/v2\/users\/4"}],"replies":[{"embeddable":true,"href":"https:\/\/www.leccecronaca.it\/index.php\/wp-json\/wp\/v2\/comments?post=133838"}],"version-history":[{"count":1,"href":"https:\/\/www.leccecronaca.it\/index.php\/wp-json\/wp\/v2\/posts\/133838\/revisions"}],"predecessor-version":[{"id":133842,"href":"https:\/\/www.leccecronaca.it\/index.php\/wp-json\/wp\/v2\/posts\/133838\/revisions\/133842"}],"wp:attachment":[{"href":"https:\/\/www.leccecronaca.it\/index.php\/wp-json\/wp\/v2\/media?parent=133838"}],"wp:term":[{"taxonomy":"category","embeddable":true,"href":"https:\/\/www.leccecronaca.it\/index.php\/wp-json\/wp\/v2\/categories?post=133838"},{"taxonomy":"post_tag","embeddable":true,"href":"https:\/\/www.leccecronaca.it\/index.php\/wp-json\/wp\/v2\/tags?post=133838"}],"curies":[{"name":"wp","href":"https:\/\/api.w.org\/{rel}","templated":true}]}}