{"id":134013,"date":"2018-03-09T12:16:28","date_gmt":"2018-03-09T11:16:28","guid":{"rendered":"http:\/\/www.leccecronaca.it\/?p=134013"},"modified":"2018-03-09T17:07:45","modified_gmt":"2018-03-09T16:07:45","slug":"incendio-semidistrugge-il-mercato-di-settelacquare","status":"publish","type":"post","link":"https:\/\/www.leccecronaca.it\/index.php\/2018\/03\/09\/incendio-semidistrugge-il-mercato-di-settelacquare\/","title":{"rendered":"INCENDIO SEMIDISTRUGGE IL MERCATO DI SETTELACQUARE"},"content":{"rendered":"<p><img decoding=\"async\" loading=\"lazy\" class=\"aligncenter size-full wp-image-134014\" src=\"https:\/\/www.leccecronaca.it\/wordpress\/wp-content\/uploads\/2018\/03\/mercato-settelelacquare-1.jpeg\" alt=\"\" width=\"800\" height=\"600\" srcset=\"https:\/\/www.leccecronaca.it\/wordpress\/wp-content\/uploads\/2018\/03\/mercato-settelelacquare-1.jpeg 800w, https:\/\/www.leccecronaca.it\/wordpress\/wp-content\/uploads\/2018\/03\/mercato-settelelacquare-1-300x225.jpeg 300w, https:\/\/www.leccecronaca.it\/wordpress\/wp-content\/uploads\/2018\/03\/mercato-settelelacquare-1-768x576.jpeg 768w, https:\/\/www.leccecronaca.it\/wordpress\/wp-content\/uploads\/2018\/03\/mercato-settelelacquare-1-400x300.jpeg 400w\" sizes=\"(max-width: 800px) 100vw, 800px\" \/>(e.l.)_______<\/p>\n<p>Un incendio, presumibilmente di origine dolosa, ha distrutto ieri sera otto box del marcato di largo Vittime del Terrorismo, zona Settelacquare di Lecce citt\u00e0, dove \u00e8 previsto a breve il trasferimento degli ambulanti attualmente in piazza Libertini, nel centro storico, un progetto contestato dai commercianti interessati dal provvedimento.<\/p>\n<p>La struttura \u00e8 andata distrutta per circa la met\u00e0; gi\u00e0 in passato era stata oggetto di numerosi atti vandalici (nella foto dello scorso anno), e giaceva nell&#8217; abbandono, fino a divenire rifugio occasionale di senza tetto.<\/p>\n<p>Le fiamme sono state domate dai Vigili del Fuoco, la Polizia di Stato ha avviato le indagini.<\/p>\n<fb:like href='https:\/\/www.leccecronaca.it\/index.php\/2018\/03\/09\/incendio-semidistrugge-il-mercato-di-settelacquare\/' send='true' layout='button_count' show_faces='true' width='450' height='65' action='recommend' colorscheme='light' font='lucida grande'><\/fb:like><span class=\"fb_share\"><fb:like href=\"https:\/\/www.leccecronaca.it\/index.php\/2018\/03\/09\/incendio-semidistrugge-il-mercato-di-settelacquare\/\" layout=\"button_count\"><\/fb:like><\/span>","protected":false},"excerpt":{"rendered":"<p>(e.l.)_______ Un incendio, presumibilmente di origine dolosa, ha distrutto ieri sera otto box del marcato di largo Vittime del Terrorismo, zona Settelacquare di Lecce citt\u00e0, dove \u00e8 previsto a breve il trasferimento degli ambulanti attualmente in piazza Libertini, nel centro storico, un progetto contestato dai commercianti interessati dal provvedimento. La struttura \u00e8 andata distrutta per [&hellip;]<\/p>\n","protected":false},"author":4,"featured_media":134014,"comment_status":"open","ping_status":"closed","sticky":false,"template":"","format":"standard","meta":[],"categories":[69],"tags":[],"_links":{"self":[{"href":"https:\/\/www.leccecronaca.it\/index.php\/wp-json\/wp\/v2\/posts\/134013"}],"collection":[{"href":"https:\/\/www.leccecronaca.it\/index.php\/wp-json\/wp\/v2\/posts"}],"about":[{"href":"https:\/\/www.leccecronaca.it\/index.php\/wp-json\/wp\/v2\/types\/post"}],"author":[{"embeddable":true,"href":"https:\/\/www.leccecronaca.it\/index.php\/wp-json\/wp\/v2\/users\/4"}],"replies":[{"embeddable":true,"href":"https:\/\/www.leccecronaca.it\/index.php\/wp-json\/wp\/v2\/comments?post=134013"}],"version-history":[{"count":2,"href":"https:\/\/www.leccecronaca.it\/index.php\/wp-json\/wp\/v2\/posts\/134013\/revisions"}],"predecessor-version":[{"id":134017,"href":"https:\/\/www.leccecronaca.it\/index.php\/wp-json\/wp\/v2\/posts\/134013\/revisions\/134017"}],"wp:featuredmedia":[{"embeddable":true,"href":"https:\/\/www.leccecronaca.it\/index.php\/wp-json\/wp\/v2\/media\/134014"}],"wp:attachment":[{"href":"https:\/\/www.leccecronaca.it\/index.php\/wp-json\/wp\/v2\/media?parent=134013"}],"wp:term":[{"taxonomy":"category","embeddable":true,"href":"https:\/\/www.leccecronaca.it\/index.php\/wp-json\/wp\/v2\/categories?post=134013"},{"taxonomy":"post_tag","embeddable":true,"href":"https:\/\/www.leccecronaca.it\/index.php\/wp-json\/wp\/v2\/tags?post=134013"}],"curies":[{"name":"wp","href":"https:\/\/api.w.org\/{rel}","templated":true}]}}