{"id":134131,"date":"2018-03-14T08:43:11","date_gmt":"2018-03-14T07:43:11","guid":{"rendered":"http:\/\/www.leccecronaca.it\/?p=134131"},"modified":"2018-03-14T08:43:11","modified_gmt":"2018-03-14T07:43:11","slug":"potere-al-popolo-con-la-comunita-senegalese","status":"publish","type":"post","link":"https:\/\/www.leccecronaca.it\/index.php\/2018\/03\/14\/potere-al-popolo-con-la-comunita-senegalese\/","title":{"rendered":"POTERE AL POPOLO CON LA COMUNITA&#8217; SENEGALESE"},"content":{"rendered":"<p><img decoding=\"async\" loading=\"lazy\" class=\"alignnone size-medium wp-image-134132\" src=\"https:\/\/www.leccecronaca.it\/wordpress\/wp-content\/uploads\/2018\/03\/15747598_128523277647548_5199938497025642082_n-2-2-2-300x169.jpg\" alt=\"\" width=\"300\" height=\"169\" srcset=\"https:\/\/www.leccecronaca.it\/wordpress\/wp-content\/uploads\/2018\/03\/15747598_128523277647548_5199938497025642082_n-2-2-2-300x169.jpg 300w, https:\/\/www.leccecronaca.it\/wordpress\/wp-content\/uploads\/2018\/03\/15747598_128523277647548_5199938497025642082_n-2-2-2-768x432.jpg 768w, https:\/\/www.leccecronaca.it\/wordpress\/wp-content\/uploads\/2018\/03\/15747598_128523277647548_5199938497025642082_n-2-2-2.jpg 1000w\" sizes=\"(max-width: 300px) 100vw, 300px\" \/><\/p>\n<p>Riceviamo e volentieri pubblichiamo. Potere al Popolo ci manda il seguente comunicato______<\/p>\n<p>Solidariet\u00e0 alla comunit\u00e0 senegalese.\u00a0\u00a0Potere al Popolo aderisce alla manifestazione leccese in memoria di Idy Diene.<br \/>\n15 marzo &#8211; ore 16 &#8211; partenza da Porta Rudiae a Lecce.<\/p>\n<p>Potere al Popolo \u00e8 accanto alla comunit\u00e0 senegalese.<\/p>\n<p>Il prossimo 15 marzo, giornata in cui la comunit\u00e0 senegalese salentina scender\u00e0 in strada in memoria di\u00a0Idy Diene, i militanti e le militanti di Potere al Popolo saranno insieme ai cittadini e alle cittadine senegalesi. Contro ogni forma di razzismo, nel nome del\u00a054enne senegalese ucciso a colpi di pistola luned\u00ec 5 marzo sul ponte Vespucci dal 64enne Roberto Pirrone, ribadiremo insieme con forza la necessit\u00e0 di combattere l&#8217;ondata xenofoba che sta attraversando tutto il Paese.<\/p>\n<p>Il silenzio non \u00e8 pi\u00f9 contemplabile, soprattutto perch\u00e9 nell&#8217;immaginario collettivo &#8211; artatamente pilotato &#8211; va crescendo la percezione distorta che il nemico sia il pi\u00f9 debole. Gli effetti di questa spirale negativa sono sotto gli occhi di tutti: ne \u00e8 un esempio quanto accaduto a Macerata, dove un attentato razzista \u00e8 stato fatto passare come l&#8217;atto di un folle, o a Firenze, dove \u00e8 stato ucciso barbaramente un cittadino immigrato intento a lavorare. Ancora pi\u00f9 allarmante poi l&#8217;atteggiamento della cosiddetta societ\u00e0 civile, pronta a condannare la comunit\u00e0 senegalese per due fioriere rotte &#8211; poi anche ripagate &#8211; piuttosto che indignarsi per un omicidio. Cos\u00ec come allarmante \u00e8 l&#8217;atteggiamento del sindaco Nardella, che non ha concesso il lutto cittadino nonostante l&#8217;efferatezza dell&#8217;accaduto.<\/p>\n<p>Restiamo umani, lo abbiamo detto nella campagna elettorale e lo ripetiamo ora.<\/p>\n<p>Il 15 marzo a Lecce scendiamo in piazza.\u00a0Sempre dalla parte degli ultimi, degli esclusi, degli sfruttati!<\/p>\n<fb:like href='https:\/\/www.leccecronaca.it\/index.php\/2018\/03\/14\/potere-al-popolo-con-la-comunita-senegalese\/' send='true' layout='button_count' show_faces='true' width='450' height='65' action='recommend' colorscheme='light' font='lucida grande'><\/fb:like><span class=\"fb_share\"><fb:like href=\"https:\/\/www.leccecronaca.it\/index.php\/2018\/03\/14\/potere-al-popolo-con-la-comunita-senegalese\/\" layout=\"button_count\"><\/fb:like><\/span>","protected":false},"excerpt":{"rendered":"<p>Riceviamo e volentieri pubblichiamo. Potere al Popolo ci manda il seguente comunicato______ Solidariet\u00e0 alla comunit\u00e0 senegalese.\u00a0\u00a0Potere al Popolo aderisce alla manifestazione leccese in memoria di Idy Diene. 15 marzo &#8211; ore 16 &#8211; partenza da Porta Rudiae a Lecce. Potere al Popolo \u00e8 accanto alla comunit\u00e0 senegalese. Il prossimo 15 marzo, giornata in cui la [&hellip;]<\/p>\n","protected":false},"author":4,"featured_media":134132,"comment_status":"open","ping_status":"closed","sticky":false,"template":"","format":"standard","meta":[],"categories":[76,36],"tags":[],"_links":{"self":[{"href":"https:\/\/www.leccecronaca.it\/index.php\/wp-json\/wp\/v2\/posts\/134131"}],"collection":[{"href":"https:\/\/www.leccecronaca.it\/index.php\/wp-json\/wp\/v2\/posts"}],"about":[{"href":"https:\/\/www.leccecronaca.it\/index.php\/wp-json\/wp\/v2\/types\/post"}],"author":[{"embeddable":true,"href":"https:\/\/www.leccecronaca.it\/index.php\/wp-json\/wp\/v2\/users\/4"}],"replies":[{"embeddable":true,"href":"https:\/\/www.leccecronaca.it\/index.php\/wp-json\/wp\/v2\/comments?post=134131"}],"version-history":[{"count":1,"href":"https:\/\/www.leccecronaca.it\/index.php\/wp-json\/wp\/v2\/posts\/134131\/revisions"}],"predecessor-version":[{"id":134133,"href":"https:\/\/www.leccecronaca.it\/index.php\/wp-json\/wp\/v2\/posts\/134131\/revisions\/134133"}],"wp:featuredmedia":[{"embeddable":true,"href":"https:\/\/www.leccecronaca.it\/index.php\/wp-json\/wp\/v2\/media\/134132"}],"wp:attachment":[{"href":"https:\/\/www.leccecronaca.it\/index.php\/wp-json\/wp\/v2\/media?parent=134131"}],"wp:term":[{"taxonomy":"category","embeddable":true,"href":"https:\/\/www.leccecronaca.it\/index.php\/wp-json\/wp\/v2\/categories?post=134131"},{"taxonomy":"post_tag","embeddable":true,"href":"https:\/\/www.leccecronaca.it\/index.php\/wp-json\/wp\/v2\/tags?post=134131"}],"curies":[{"name":"wp","href":"https:\/\/api.w.org\/{rel}","templated":true}]}}