{"id":134148,"date":"2018-03-14T07:24:49","date_gmt":"2018-03-14T06:24:49","guid":{"rendered":"http:\/\/www.leccecronaca.it\/?p=134148"},"modified":"2018-03-14T12:30:23","modified_gmt":"2018-03-14T11:30:23","slug":"iniziative-sui-disturbi-dell-alimentazione","status":"publish","type":"post","link":"https:\/\/www.leccecronaca.it\/index.php\/2018\/03\/14\/iniziative-sui-disturbi-dell-alimentazione\/","title":{"rendered":"INIZIATIVE SUI DISTURBI DELL&#8217; ALIMENTAZIONE"},"content":{"rendered":"<p><img decoding=\"async\" loading=\"lazy\" class=\"alignnone size-medium wp-image-134149\" src=\"https:\/\/www.leccecronaca.it\/wordpress\/wp-content\/uploads\/2018\/03\/ASL-Lecce-ing-via-Miglietta-5-300x225.jpg\" alt=\"\" width=\"300\" height=\"225\" srcset=\"https:\/\/www.leccecronaca.it\/wordpress\/wp-content\/uploads\/2018\/03\/ASL-Lecce-ing-via-Miglietta-5-300x225.jpg 300w, https:\/\/www.leccecronaca.it\/wordpress\/wp-content\/uploads\/2018\/03\/ASL-Lecce-ing-via-Miglietta-5-400x300.jpg 400w, https:\/\/www.leccecronaca.it\/wordpress\/wp-content\/uploads\/2018\/03\/ASL-Lecce-ing-via-Miglietta-5.jpg 734w\" sizes=\"(max-width: 300px) 100vw, 300px\" \/><\/p>\n<p>Riceviamo e volentieri pubblichiamo. L&#8217; ufficio stampa dell&#8217; Asl di Lecce ci manda il seguente comunicato______<\/p>\n<p>Se li riconosci puoi superarli. Sono i disagi e i disturbi legati al rapporto problematico con il cibo, di cui sono vittime soprattutto le fasce di et\u00e0 giovanili, le pi\u00f9 fragili.<\/p>\n<p>Parlarne insieme \u00e8 l\u2019obiettivo principale della Giornata Nazionale del Fiocchetto Lilla, campagna di sensibilizzazione sui disturbi dell\u2019alimentazione (anoressia, bulimia, BED &#8211; disturbo da alimentazione incontrollata), giunta alla sua VII edizione.<\/p>\n<p>L\u2019evento, che si celebra il 15 marzo in tutta Italia, \u00e8 nato nel 2012 in memoria di Giulia, figlia di Stefano Tavilla promotore della Giornata e Presidente dell\u2019Associazione \u201cMi nutro di vita\u201d con lo scopo di sensibilizzare l\u2019opinione pubblica e le Istituzioni sui disturbi dell\u2019alimentazione, anche attraverso la testimonianza di coloro che hanno sofferto e soffrono di disturbi alimentari e dei loro familiari.<\/p>\n<p>Lecce \u00e8 presente nel panorama nazionale con due eventi organizzati, in collaborazione con la ASL di Lecce, da Pe(n)sa differente \u2013 Campagna internazionale di sensibilizzazione sui disturbi dell\u2019alimentazione, l\u2019obesit\u00e0 e le altre in\/differenze, MadamaDor\u00e8 \u2013 Associazione di pazienti, familiari e amici per le azioni a favore di soggetti affetti da disturbo dell\u2019alimentazione, e Centro per la Cura e la Ricerca sui disturbi del Comportamento Alimentare (DSM &#8211; ASL Lecce). Le attivit\u00e0 proposte vanno dal laboratorio esperienziale \u201cyou are so beautiful\u201d (il 14 marzo, ore 11, Istituto Comprensivo di Racale) a \u201cChiedi all\u2019esperto\u201d (15 marzo, ore 9.00-19.00), confronto via Facebook tra professionisti, ragazzi e familiari, una modalit\u00e0 veloce e diretta per affrontare le questioni pi\u00f9 spinose sul terreno pi\u00f9 congeniale ai giovani. Infine, il momento conviviale &#8220;Fuori Controllo&#8221; (15 marzo, ore 9.00), colazione esperienziale ospitata all&#8217;interno del Centro per la Cura e la Ricerca sui disturbi del Comportamento Alimentare di via Miglietta a Lecce.<\/p>\n<p>&nbsp;<\/p>\n<p>Mercoled\u00ec 14 marzo 2018 \/ RACALE (LE) ore 11.00<\/p>\n<p>YOU ARE SO BEAUTIFUL &#8211; Laboratorio esperienziale<\/p>\n<p>Istituto Comprensivo di Racale (LE)<\/p>\n<p>Porteranno i saluti Donato Metallo \u2013 Sindaco di Racale (LE), Gloria Manni \u2013 Consigliere all\u2019Infanzia Comune di Racale (LE), Stefania Manzo \u2013 Dirigente Scolastico Istituto Comprensivo Comune di Racale (LE), Cosima Damiana Spada \u2013 Primo Collaboratore Dirigente Scolastico Istituto Comprensivo Comune di Racale (LE)<\/p>\n<p>Condurranno il laboratorio Rebecca Macri\u0300 \u2013 Psicologa, Psicoterapeuta, Veronica Vantaggiato \u2013 Psicologa, Psicoterapeuta, Valentina Borgia \u2013 Psicologa<\/p>\n<p>&nbsp;<\/p>\n<p>Gioved\u00ec 15 marzo 2018 \/ ore 9.00<\/p>\n<p>FUORI CONTROLLO &#8211; Colazione esperienziale<\/p>\n<p>Centro per la Cura e la Ricerca sui disturbi del Comportamento Alimentare (DSM \u2013 ASL Lecce)<\/p>\n<p>Via Miglietta, 5 \u2013 Lecce<\/p>\n<p>Porteranno i saluti Annalucia Graziuso \u2013 Presidente Associazione MadamaDore\u0300, Renato Vernaleone \u2013 Vice-Presidente Associazione MadamaDore\u0300, Bernardo Monticelli Cuggio\u0300 \u2013 Associazione MadamaDore\u0300, Caterina Renna \u2013 Direttore Centro per la Cura e la Ricerca sui DCA, DSM ASL Lecce, Rocco Melcarne \u2013 Dirigente Medico Centro per la Cura e la Ricerca sui DCA, DSM ASL Lecce<\/p>\n<p>Gioved\u00ec 15 marzo 2018 \/ ON AIR ore 9.00-19.00<\/p>\n<p>CHIEDI ALL\u2019ESPERTO<\/p>\n<p>Gli esperti Caterina Renna \u2013 Psichiatra-Psicoterapeuta, Veronica Vantaggiato \u2013 Psicologa-Psicoterapeuta, Valentina Borgia \u2013 Psicologa, Rebecca Macr\u00ec \u2013 Psicologa-Psicoterapeuta, Rocco Melcarne \u2013 Psichiatra-Psicoterapeuta, Mauro Marino \u2013 Operatore culturale, risponderanno alle domande in merito ai disturbi dell\u2019alimentazione che perverranno attraverso la pagina facebook di pe(n)sa differente https:\/\/www.facebook.com\/pensadifferentefestival\/ e la pagina facebook della ASL Lecce https:\/\/www.facebook.com\/AslLecce\/<\/p>\n<p>&nbsp;<\/p>\n<p>MadamaDor\u00e8 \u00e8 un\u2019associazione operante nel territorio salentino che sostiene e aiuta concretamente le persone affette da Disturbi del Comportamento Alimentare e da Obesit\u00e0, le loro famiglie e quanti vivono vicino a chi presenta queste problematiche; tutela i loro diritti fondamentali, combattendo i pregiudizi e promuovendo ogni sorta di azione diretta a sensibilizzare l\u2019opinione pubblica relativamente alle problematiche dei disturbi del comportamento alimentare, dell\u2019obesit\u00e0 e del disagio giovanile.<\/p>\n<p>Pe(n)sa differente \u00e8 la campagna internazionale di sensibilizzazione su anoressia, bulimia, obesit\u00e0 e altre in\/differenze ideata e promossa da ONLUS Salom\u00e8, associazione scientifico-culturale che dal 1998 si occupa di disagio giovanile, in particolare per quel che riguarda i disturbi dell\u2019alimentazione (e che ha tra i suoi scopi quello di promuovere e realizzare iniziative culturali e scientifiche al fine di formare, informare e sensibilizzare operatori e opinione pubblica circa il disagio e i metodi per prevenirlo e curarlo) e Big Sur, agenzia di comunicazione attiva nel promuovere campagne di sensibilizzazione e informazione in ambito sociale.<\/p>\n<p>Il Centro per la Cura e la Ricerca sui Disturbi del Comportamento Alimentare, attivato nel 1998 dalla ASL Lecce all\u2019interno del DSM, \u00e8 stato il primo Centro pubblico territoriale italiano a offrire una risposta in termini di prevenzione, diagnosi e cura integrata e multidisciplinare dei DCA e oggi punto di riferimento per tantissimi pazienti del territorio pugliese e di altre regioni. La mission del Centro \u00e8 quella di erogare attivit\u00e0 diagnostica, terapeutica e riabilitativa, di ricerca clinica, eziopatogenetica e dei trattamenti appropriati ed efficaci, attivit\u00e0 di formazione e informazione, attivit\u00e0 di prevenzione e sensibilizzazione. \u00c8 l\u2019unico Centro dedicato ai DCA della Regione Puglia a erogare interventi sia in regime ambulatoriale sia in regime di day hospital.<\/p>\n<p>&nbsp;<\/p>\n<p>&nbsp;<\/p>\n<p>&nbsp;<\/p>\n<fb:like href='https:\/\/www.leccecronaca.it\/index.php\/2018\/03\/14\/iniziative-sui-disturbi-dell-alimentazione\/' send='true' layout='button_count' show_faces='true' width='450' height='65' action='recommend' colorscheme='light' font='lucida grande'><\/fb:like><span class=\"fb_share\"><fb:like href=\"https:\/\/www.leccecronaca.it\/index.php\/2018\/03\/14\/iniziative-sui-disturbi-dell-alimentazione\/\" layout=\"button_count\"><\/fb:like><\/span>","protected":false},"excerpt":{"rendered":"<p>Riceviamo e volentieri pubblichiamo. L&#8217; ufficio stampa dell&#8217; Asl di Lecce ci manda il seguente comunicato______ Se li riconosci puoi superarli. Sono i disagi e i disturbi legati al rapporto problematico con il cibo, di cui sono vittime soprattutto le fasce di et\u00e0 giovanili, le pi\u00f9 fragili. Parlarne insieme \u00e8 l\u2019obiettivo principale della Giornata Nazionale [&hellip;]<\/p>\n","protected":false},"author":4,"featured_media":134149,"comment_status":"open","ping_status":"closed","sticky":false,"template":"","format":"standard","meta":[],"categories":[1,36],"tags":[],"_links":{"self":[{"href":"https:\/\/www.leccecronaca.it\/index.php\/wp-json\/wp\/v2\/posts\/134148"}],"collection":[{"href":"https:\/\/www.leccecronaca.it\/index.php\/wp-json\/wp\/v2\/posts"}],"about":[{"href":"https:\/\/www.leccecronaca.it\/index.php\/wp-json\/wp\/v2\/types\/post"}],"author":[{"embeddable":true,"href":"https:\/\/www.leccecronaca.it\/index.php\/wp-json\/wp\/v2\/users\/4"}],"replies":[{"embeddable":true,"href":"https:\/\/www.leccecronaca.it\/index.php\/wp-json\/wp\/v2\/comments?post=134148"}],"version-history":[{"count":1,"href":"https:\/\/www.leccecronaca.it\/index.php\/wp-json\/wp\/v2\/posts\/134148\/revisions"}],"predecessor-version":[{"id":134150,"href":"https:\/\/www.leccecronaca.it\/index.php\/wp-json\/wp\/v2\/posts\/134148\/revisions\/134150"}],"wp:featuredmedia":[{"embeddable":true,"href":"https:\/\/www.leccecronaca.it\/index.php\/wp-json\/wp\/v2\/media\/134149"}],"wp:attachment":[{"href":"https:\/\/www.leccecronaca.it\/index.php\/wp-json\/wp\/v2\/media?parent=134148"}],"wp:term":[{"taxonomy":"category","embeddable":true,"href":"https:\/\/www.leccecronaca.it\/index.php\/wp-json\/wp\/v2\/categories?post=134148"},{"taxonomy":"post_tag","embeddable":true,"href":"https:\/\/www.leccecronaca.it\/index.php\/wp-json\/wp\/v2\/tags?post=134148"}],"curies":[{"name":"wp","href":"https:\/\/api.w.org\/{rel}","templated":true}]}}