{"id":134237,"date":"2018-03-18T13:32:52","date_gmt":"2018-03-18T12:32:52","guid":{"rendered":"http:\/\/www.leccecronaca.it\/?p=134237"},"modified":"2018-03-18T13:32:52","modified_gmt":"2018-03-18T12:32:52","slug":"nuova-protesta-a-taranto-contro-il-mostro","status":"publish","type":"post","link":"https:\/\/www.leccecronaca.it\/index.php\/2018\/03\/18\/nuova-protesta-a-taranto-contro-il-mostro\/","title":{"rendered":"NUOVA PROTESTA A TARANTO CONTRO IL MOSTRO"},"content":{"rendered":"<p><img decoding=\"async\" loading=\"lazy\" class=\"alignnone size-medium wp-image-134238\" src=\"https:\/\/www.leccecronaca.it\/wordpress\/wp-content\/uploads\/2018\/03\/14642289_10210464433637790_2332097571437659776_n-300x169.jpg\" alt=\"\" width=\"300\" height=\"169\" srcset=\"https:\/\/www.leccecronaca.it\/wordpress\/wp-content\/uploads\/2018\/03\/14642289_10210464433637790_2332097571437659776_n-300x169.jpg 300w, https:\/\/www.leccecronaca.it\/wordpress\/wp-content\/uploads\/2018\/03\/14642289_10210464433637790_2332097571437659776_n-768x432.jpg 768w, https:\/\/www.leccecronaca.it\/wordpress\/wp-content\/uploads\/2018\/03\/14642289_10210464433637790_2332097571437659776_n.jpg 960w\" sizes=\"(max-width: 300px) 100vw, 300px\" \/><\/p>\n<p>(e.l.)______&#8221;<em>Chiudiamola qua<\/em>&#8220;, e non se ne parli pi\u00f9. Invece non si chiude, o non viene riconvertita, non solo, ma pure chiss\u00e0 come e quando verr\u00e0 messa in sicurezza. Il Mostro (foto di Gianfranco Curto) dorme sonni tranquilli, nonostante la protesta, la nuova manifestazione, di questa mattina, di cittadini e associazioni ambientaliste: e pu\u00f2 tranquillamente continuare a inquinare e ad uccidere.<\/p>\n<p>In piazza Garibaldi, comunque, si sono ritrovati in tanti, con gli interventi di tecnici, medici, imprenditori ed esponenti ambientalisti: <em>&#8220;Pretendiamo dagli amministratori che la salute pubblica venga tutelata avvalendosi di tutti i mezzi che la legge mette loro a disposizione, fino all&#8217;eventuale ordinanza di arresto degli impianti&#8221;.______<\/em><\/p>\n<p>IL COMUNICATO DIFFUSO ED I SOTTOSCRITTORI<\/p>\n<p>CHIUDIAMOLA QUA!<br \/>\nScendiamo in piazza per ricordare al governo che noi tarantini siamo italiani e che anche per noi vigono le stesse leggi a tutela della salute e dell&#8217;ambiente che valgono per tutti gli italiani. Scendiamo in piazza per ricordare a chi ci governer\u00e0 che se proseguono in questa follia omicida, in questa gara di decreti legge che non tutelano la nostra salute e il nostro ambiente, saranno restituiti alla storia come responsabili di un genocidio. Perch\u00e9 tra trent&#8217;anni chi legger\u00e0 della mobilitazione tarantina, scriver\u00e0 una pagina di vera e propria resistenza, seppure pacifica. Sappiamo che molti invocano iniziative pi\u00f9 forti, anche violente, ma il buonsenso e l&#8217;esperienza ci dicono che i tempi sono cambiati e che non risolveremmo nulla, anzi, molti di noi, se perseguiti legalmente , non potranno pi\u00f9 protestare, neppure pacificamente. E allora scendiamo in piazza perch\u00e9 i nuovi acquirenti hanno devastato almeno quanto hanno devastato Taranto prima lo Stato poi Riva e poi di nuovo lo stato, interi territori, e vorrebbero venire qui per continuare l&#8217;opera. Scendiamo in piazza perch\u00e9 consideriamo l&#8217;immunit\u00e0 penale estesa ai nuovi acquirenti un lasciapassare per continuare a distruggere, ad ammazzare la gente. Un vero e proprio attentato alla Costituzione di uno stato democratico. Se non fosse cos\u00ec, non avrebbero avuto bisogno di inserirlo nel nuovo dpcm: \u00e8 un&#8217;ammissione di colpa, che potrebbe apparire un agire da ingenui e invece la dice lunga su quello che pensano d noi. NOI tarantini non siamo niente e anche se con questo &#8220;passo falso&#8221; l&#8217;abbiamo capito tutti, non fa niente: la nostra vita e il nostro pensiero non valgono nulla. Ed invece siamo uomini liberi, siamo tanti e lo possiamo dimostrare. Scendiamo in piazza perch\u00e9 ancora una volta i nostri occhi devono essere offesi da quella cupola alta trenta piani. Scendiamo in piazza con i nostri bambini, perch\u00e9 pretendiamo una citt\u00e0 a dimensione di bambino, Sono i bambini il centro del nostro mondo, Vogliamo difenderli.<br \/>\nCHIUDIAMOLA QUA!<\/p>\n<p>Per aderire alla manifestazione inviare email a: genitoritarantini.ta@gmail.com.<\/p>\n<p>***Elenco aggiornato adesioni<\/p>\n<p>&#8211; LiberiAmo Taranto<br \/>\n&#8211; Hermes Academy Onlus<br \/>\n&#8211; Strambopoli &#8211; Presidio Arcigay nella Provincia di Taranto<br \/>\n&#8211; CONTRAMIANTO E ALTRI RISCHI ONLUS<br \/>\n&#8211; CasArcobaleno<br \/>\n&#8211; Centro di Ascolto LGBTIQ di Taranto e provincia<br \/>\n&#8211; LOA Libere Officine Artigiane<br \/>\n&#8211; Associazione Mitilicoltori<br \/>\n&#8211; Pulsano D\u2019A mare<br \/>\n&#8211; ISDE Massafra<br \/>\n&#8211; Taranto Lider<br \/>\n&#8211; Ass. La Baracca- Compagnia teatrale Cesare Giulio Viola<br \/>\n&#8211; Associazione Terra Libera dai Veleni<br \/>\n&#8211; Taranto Ricerca Futuro<br \/>\n&#8211; Peacelink<br \/>\n&#8211; AIL Taranto<br \/>\n&#8211; Retake Taranto<br \/>\n&#8211; Taranto in calessino<br \/>\n&#8211; Il Cerchio Magico<br \/>\n&#8211; WWF Taranto Onlus<br \/>\n&#8211; Associazione UTOPIA<br \/>\n&#8211; Verit\u00e0\u2019 per Taranto<br \/>\n&#8211; Associazione Astra<br \/>\n&#8211; Sud in movimento<br \/>\n&#8211; Madre terra Massafra<br \/>\n&#8211; Comitato cittadino Parco di Guerra &#8211; Massafra<br \/>\n&#8211; Gruppo fb \u201cLu\u2019 lupranese\u201d<br \/>\n&#8211; Gruppo fb \u201cAnche questa \u00e8 Taranto\u201d<br \/>\n&#8211; Plasticaqqua\u2019 Taranto<br \/>\n&#8211; Dr. Agostino Di Ciaula ( ISDE Puglia)<br \/>\n&#8211; Associazione Donna a Sud<br \/>\n&#8211; Made in Taranto<br \/>\n&#8211; ReMedia malattie e disabilit\u00e0 ambientali<br \/>\n&#8211; Associazione Progentes<br \/>\n&#8211; Comitato Legamjonici<br \/>\n&#8211; Gruppo\u00a0#tarantovale<br \/>\n&#8211; Jonio Jazz arte e cultura<br \/>\n&#8211; Taranto Poesia<br \/>\n&#8211; Comitato di quartiere Tamburi<br \/>\n&#8211; Comitato art. 32 &#8211; Diritto alla salute<br \/>\n&#8211; Associazione Mister Sorriso<br \/>\n&#8211; ENDAS Taranto &#8211; Fotografi per passione<br \/>\n&#8211; Gruppo fb \u201cSei di Taranto se&#8230;\u201d<\/p>\n<p>&nbsp;<\/p>\n<p>&nbsp;<\/p>\n<fb:like href='https:\/\/www.leccecronaca.it\/index.php\/2018\/03\/18\/nuova-protesta-a-taranto-contro-il-mostro\/' send='true' layout='button_count' show_faces='true' width='450' height='65' action='recommend' colorscheme='light' font='lucida grande'><\/fb:like><span class=\"fb_share\"><fb:like href=\"https:\/\/www.leccecronaca.it\/index.php\/2018\/03\/18\/nuova-protesta-a-taranto-contro-il-mostro\/\" layout=\"button_count\"><\/fb:like><\/span>","protected":false},"excerpt":{"rendered":"<p>(e.l.)______&#8221;Chiudiamola qua&#8220;, e non se ne parli pi\u00f9. Invece non si chiude, o non viene riconvertita, non solo, ma pure chiss\u00e0 come e quando verr\u00e0 messa in sicurezza. Il Mostro (foto di Gianfranco Curto) dorme sonni tranquilli, nonostante la protesta, la nuova manifestazione, di questa mattina, di cittadini e associazioni ambientaliste: e pu\u00f2 tranquillamente continuare [&hellip;]<\/p>\n","protected":false},"author":4,"featured_media":134238,"comment_status":"open","ping_status":"closed","sticky":false,"template":"","format":"standard","meta":[],"categories":[69,76],"tags":[],"_links":{"self":[{"href":"https:\/\/www.leccecronaca.it\/index.php\/wp-json\/wp\/v2\/posts\/134237"}],"collection":[{"href":"https:\/\/www.leccecronaca.it\/index.php\/wp-json\/wp\/v2\/posts"}],"about":[{"href":"https:\/\/www.leccecronaca.it\/index.php\/wp-json\/wp\/v2\/types\/post"}],"author":[{"embeddable":true,"href":"https:\/\/www.leccecronaca.it\/index.php\/wp-json\/wp\/v2\/users\/4"}],"replies":[{"embeddable":true,"href":"https:\/\/www.leccecronaca.it\/index.php\/wp-json\/wp\/v2\/comments?post=134237"}],"version-history":[{"count":1,"href":"https:\/\/www.leccecronaca.it\/index.php\/wp-json\/wp\/v2\/posts\/134237\/revisions"}],"predecessor-version":[{"id":134239,"href":"https:\/\/www.leccecronaca.it\/index.php\/wp-json\/wp\/v2\/posts\/134237\/revisions\/134239"}],"wp:featuredmedia":[{"embeddable":true,"href":"https:\/\/www.leccecronaca.it\/index.php\/wp-json\/wp\/v2\/media\/134238"}],"wp:attachment":[{"href":"https:\/\/www.leccecronaca.it\/index.php\/wp-json\/wp\/v2\/media?parent=134237"}],"wp:term":[{"taxonomy":"category","embeddable":true,"href":"https:\/\/www.leccecronaca.it\/index.php\/wp-json\/wp\/v2\/categories?post=134237"},{"taxonomy":"post_tag","embeddable":true,"href":"https:\/\/www.leccecronaca.it\/index.php\/wp-json\/wp\/v2\/tags?post=134237"}],"curies":[{"name":"wp","href":"https:\/\/api.w.org\/{rel}","templated":true}]}}