{"id":134240,"date":"2018-03-18T14:23:41","date_gmt":"2018-03-18T13:23:41","guid":{"rendered":"http:\/\/www.leccecronaca.it\/?p=134240"},"modified":"2018-03-18T17:10:18","modified_gmt":"2018-03-18T16:10:18","slug":"il-pre-partita-a-cosenza-con-determinazione","status":"publish","type":"post","link":"https:\/\/www.leccecronaca.it\/index.php\/2018\/03\/18\/il-pre-partita-a-cosenza-con-determinazione\/","title":{"rendered":"IL PRE PARTITA \/ A COSENZA CON DETERMINAZIONE"},"content":{"rendered":"<p><img decoding=\"async\" loading=\"lazy\" class=\"alignnone size-medium wp-image-134241\" src=\"https:\/\/www.leccecronaca.it\/wordpress\/wp-content\/uploads\/2018\/03\/317591_heroa-300x208-300x208.jpg\" alt=\"\" width=\"300\" height=\"208\" \/><\/p>\n<p>(l.r.)______<br \/>\nAllenamento di rifinitura questa mattina al via del Mare, prima della partita a Cosenza di domani, luned\u00ec 19, alle 20.30.<\/p>\n<p>Al termine consueto appuntamento in sala stampa, dove si presenta di nuovo Fabio Liverani, e, di nuovo, rispondendo all domande dei nostri colleghi, scatta una foto impeccabile della situazione. Ecco una sintesi delle sue dichiarazioni.<\/p>\n<p><em>&#8220;Credo che il Lecce far\u00e0 una partita tosta, contro una squadra che concede poco, una squadra organizzata. Li abbiamo incontrati gi\u00e0 due volte, partite difficili, poco spettacolari, e credo che luned\u00ec sera sar\u00e0 sulla falsariga delle altre volte. Sar\u00e0 una bttaglia calcistica, e dobbia mo essere preparati a fare questo tipo di partita.<\/em><\/p>\n<p><em>Gli attaccanti devono stare in condizioni ottimali, per lavorare anche al servizio della squadra.<\/em><\/p>\n<p><em>E&#8217; normale che io faccia delle scelte, ma tutti avrnno il loro spazio in questo finale di campionato, a cominciare subito, dalle prossime tre partite che ci aspettano in sette giorni.\u00a0<\/em><\/p>\n<p><em>Chi ha avuto meno spazio finora, ne avr\u00e0 di pi\u00f9 d&#8217; ora in poi, e il loro apporto sar\u00e0 determinante.<\/em><\/p>\n<p><em>In questo momento i punti diventano sempr pi\u00f9 importanti, perch\u00e9 c&#8217;\u00e8 meno tempo per recuperare.<\/em><\/p>\n<p><em>I punti dobbiamo andarli a fare su qualunque campo, in casa, come in trasferta.<\/em><\/p>\n<p><em>Ho grande fiducia, i ragazzi stanno bene.<\/em><\/p>\n<p><em>Dopo queste tre patite, possiamo avvicinarci a fare conti sulla classifica.<\/em><\/p>\n<p><em>Ottanta punti alla fine credo che siano una cosa sicura.<\/em><\/p>\n<p><em>Il terreno di gioco di Cosenza \u00e8 una componente di difficiolt\u00e0, perch\u00e8 la palla non scivola bene. Dobbiamo tenerne conto, ma non \u00e8 che non si possa provare a giocare, anzi. Dovremo saperci adeguare all&#8217; andamento della partita.<\/em><\/p>\n<p><em>Il campo \u00e8 brutto, gli avversari concedono poco: dobbiamo essere preparati.<\/em><\/p>\n<p><em>Ho il massimo rispetto del Cosenza, chiudono spazi e sono bravi a ripartire. Nel mercato di gennaio si sono rinforzati. E&#8217; una partita da prendere con la massima attenzione. Rispetto per gli altri e umilt\u00e0 per noi, come sempre. L&#8217; approccio per noi \u00e8 valido per qualunque avversario&#8221;.______<\/em><\/p>\n<p>AGGIRNAMENTO delle ore 17. Il Catania vince con la Reggina 2 a 1. Il Traani pareggia con i Bisceglie 2 a 2.______<\/p>\n<p>&nbsp;<\/p>\n<p>LA DOCUMENTAZIONE nel nostro articolo di ieri<\/p>\n<blockquote class=\"wp-embedded-content\" data-secret=\"fnkEFYyY1Y\"><p><a href=\"https:\/\/www.leccecronaca.it\/index.php\/2018\/03\/17\/lecce-il-punto-sul-campionato-2\/\">LECCE, IL PUNTO SUL CAMPIONATO<\/a><\/p><\/blockquote>\n<p><iframe class=\"wp-embedded-content\" sandbox=\"allow-scripts\" security=\"restricted\" style=\"position: absolute; clip: rect(1px, 1px, 1px, 1px);\" src=\"https:\/\/www.leccecronaca.it\/index.php\/2018\/03\/17\/lecce-il-punto-sul-campionato-2\/embed\/#?secret=fnkEFYyY1Y\" data-secret=\"fnkEFYyY1Y\" width=\"500\" height=\"282\" title=\"&#8220;LECCE, IL PUNTO SUL CAMPIONATO&#8221; &#8212; LecceCronaca.it\" frameborder=\"0\" marginwidth=\"0\" marginheight=\"0\" scrolling=\"no\"><\/iframe><\/p>\n<p>&nbsp;<\/p>\n<fb:like href='https:\/\/www.leccecronaca.it\/index.php\/2018\/03\/18\/il-pre-partita-a-cosenza-con-determinazione\/' send='true' layout='button_count' show_faces='true' width='450' height='65' action='recommend' colorscheme='light' font='lucida grande'><\/fb:like><span class=\"fb_share\"><fb:like href=\"https:\/\/www.leccecronaca.it\/index.php\/2018\/03\/18\/il-pre-partita-a-cosenza-con-determinazione\/\" layout=\"button_count\"><\/fb:like><\/span>","protected":false},"excerpt":{"rendered":"<p>(l.r.)______ Allenamento di rifinitura questa mattina al via del Mare, prima della partita a Cosenza di domani, luned\u00ec 19, alle 20.30. Al termine consueto appuntamento in sala stampa, dove si presenta di nuovo Fabio Liverani, e, di nuovo, rispondendo all domande dei nostri colleghi, scatta una foto impeccabile della situazione. Ecco una sintesi delle sue [&hellip;]<\/p>\n","protected":false},"author":4,"featured_media":134241,"comment_status":"open","ping_status":"closed","sticky":false,"template":"","format":"standard","meta":[],"categories":[28],"tags":[],"_links":{"self":[{"href":"https:\/\/www.leccecronaca.it\/index.php\/wp-json\/wp\/v2\/posts\/134240"}],"collection":[{"href":"https:\/\/www.leccecronaca.it\/index.php\/wp-json\/wp\/v2\/posts"}],"about":[{"href":"https:\/\/www.leccecronaca.it\/index.php\/wp-json\/wp\/v2\/types\/post"}],"author":[{"embeddable":true,"href":"https:\/\/www.leccecronaca.it\/index.php\/wp-json\/wp\/v2\/users\/4"}],"replies":[{"embeddable":true,"href":"https:\/\/www.leccecronaca.it\/index.php\/wp-json\/wp\/v2\/comments?post=134240"}],"version-history":[{"count":3,"href":"https:\/\/www.leccecronaca.it\/index.php\/wp-json\/wp\/v2\/posts\/134240\/revisions"}],"predecessor-version":[{"id":134244,"href":"https:\/\/www.leccecronaca.it\/index.php\/wp-json\/wp\/v2\/posts\/134240\/revisions\/134244"}],"wp:featuredmedia":[{"embeddable":true,"href":"https:\/\/www.leccecronaca.it\/index.php\/wp-json\/wp\/v2\/media\/134241"}],"wp:attachment":[{"href":"https:\/\/www.leccecronaca.it\/index.php\/wp-json\/wp\/v2\/media?parent=134240"}],"wp:term":[{"taxonomy":"category","embeddable":true,"href":"https:\/\/www.leccecronaca.it\/index.php\/wp-json\/wp\/v2\/categories?post=134240"},{"taxonomy":"post_tag","embeddable":true,"href":"https:\/\/www.leccecronaca.it\/index.php\/wp-json\/wp\/v2\/tags?post=134240"}],"curies":[{"name":"wp","href":"https:\/\/api.w.org\/{rel}","templated":true}]}}