{"id":134261,"date":"2018-03-19T13:55:13","date_gmt":"2018-03-19T12:55:13","guid":{"rendered":"http:\/\/www.leccecronaca.it\/?p=134261"},"modified":"2018-03-19T13:55:13","modified_gmt":"2018-03-19T12:55:13","slug":"leccecronache-nostalgia","status":"publish","type":"post","link":"https:\/\/www.leccecronaca.it\/index.php\/2018\/03\/19\/leccecronache-nostalgia\/","title":{"rendered":"LECCECRONACHE \/ NOSTALGIA"},"content":{"rendered":"<p><img decoding=\"async\" loading=\"lazy\" class=\"alignnone size-medium wp-image-134262\" src=\"https:\/\/www.leccecronaca.it\/wordpress\/wp-content\/uploads\/2018\/03\/Sandro-Pertini-1-300x203.jpg\" alt=\"\" width=\"300\" height=\"203\" srcset=\"https:\/\/www.leccecronaca.it\/wordpress\/wp-content\/uploads\/2018\/03\/Sandro-Pertini-1-300x203.jpg 300w, https:\/\/www.leccecronaca.it\/wordpress\/wp-content\/uploads\/2018\/03\/Sandro-Pertini-1-768x519.jpg 768w, https:\/\/www.leccecronaca.it\/wordpress\/wp-content\/uploads\/2018\/03\/Sandro-Pertini-1.jpg 960w\" sizes=\"(max-width: 300px) 100vw, 300px\" \/><\/p>\n<p>di <strong>Raffaele Polo______<\/strong><\/p>\n<p>E, con un po\u2019 di commozione, siamo andati a vedere il film \u2018Pertini, il combattente\u2019 che \u00e8 in programma al cinema DB d\u2019Essai di Lecce, ovvero ai Salesiani.<\/p>\n<p>Abbiamo rivisto e risentito immagini e parole che fanno parte della nostra storia, della nostra giovinezza. E ci siamo subito catapultati indietro, a quaranta anni fa, quando Pertini venne e Lecce (nella foto dell&#8217; ottobre 1979, il ricevimento in Prefettura, <strong>ndr<\/strong>) e noi, a Tele Radio Salento, curammo tutti i servizi per quell\u2019evento cos\u00ec importante.<\/p>\n<p>Pertini veniva ad inaugurare il Museo Provinciale, rimesso a nuovo. E c\u2019era tantissima gente che voleva vederlo, volevo applaudirlo.<\/p>\n<p>Ricordo che, quando arriv\u00f2, proprio davanti all\u2019ingresso del complesso dell\u2019ex Collegio Argento, tante donne si affollarono per stringergli la mano. E fu la moglie di Antonio Maglio che riusc\u00ec a baciarlo. <em>\u2018Mi ha baciata, mi ha baciata!\u2019<\/em> grid\u00f2 commossa. Sorridemmo tutti ma un poco la invidiammo.<\/p>\n<p>Poi\u2026 il resto \u00e8 cronaca di quella visita, col commuovente discorso dell\u2019allora Presidente della Regione (non si chiamava ancora Governatore) Nin\u00ec Quarta e gli applausi, i battimani, i consensi generali che la citt\u00e0 di Lecce tribut\u00f2 al Presidente.<\/p>\n<p>Che volete, sembra ieri, ma ci ha fatto pensare questo film documentario che ha rinverdito episodi della nostra esistenza che avevamo, per un attimo, rimosso: la tragedia di Vermicino, i mondiali di Spagna, il delitto Moro, la P2\u2026<\/p>\n<p>Sembra ieri, eppure com\u2019\u00e8 cambiata la nostra nazione. E la nostra esistenza, fatta di piccole cose, continua a scorrere, segnata da avvenimenti e personaggi pi\u00f9 grandi di noi, che amiamo o odiamo come se il nostro sentimento fosse fondamentale, unico, necessario per il progredire della Storia\u2026<\/p>\n<p>Insomma, al termine del film le non moltissime persone che avevano occupato le file centrali del cinema, avevano se non proprio gli occhi lucidi, certamente un sentimento di commozione verso quel Grande Vecchio che ha rappresentato un Italia onesta, giusta, volenterosa.<\/p>\n<p>E ci \u00e8 sembrato di risentire quella voce femminile piena di gioia, che gridava: \u2018<em>Mi ha baciata, mi ha baciata!\u2019<\/em>.<\/p>\n<p>Adesso, solo adesso , ci accorgiamo di come era bello, quaranta anni fa, essere a Lecce, a ricevere la visita del Presidente della Repubblica, Sandro Pertini.<\/p>\n<fb:like href='https:\/\/www.leccecronaca.it\/index.php\/2018\/03\/19\/leccecronache-nostalgia\/' send='true' layout='button_count' show_faces='true' width='450' height='65' action='recommend' colorscheme='light' font='lucida grande'><\/fb:like><span class=\"fb_share\"><fb:like href=\"https:\/\/www.leccecronaca.it\/index.php\/2018\/03\/19\/leccecronache-nostalgia\/\" layout=\"button_count\"><\/fb:like><\/span>","protected":false},"excerpt":{"rendered":"<p>di Raffaele Polo______ E, con un po\u2019 di commozione, siamo andati a vedere il film \u2018Pertini, il combattente\u2019 che \u00e8 in programma al cinema DB d\u2019Essai di Lecce, ovvero ai Salesiani. Abbiamo rivisto e risentito immagini e parole che fanno parte della nostra storia, della nostra giovinezza. E ci siamo subito catapultati indietro, a quaranta [&hellip;]<\/p>\n","protected":false},"author":4,"featured_media":134262,"comment_status":"open","ping_status":"closed","sticky":false,"template":"","format":"standard","meta":[],"categories":[1,69,31],"tags":[],"_links":{"self":[{"href":"https:\/\/www.leccecronaca.it\/index.php\/wp-json\/wp\/v2\/posts\/134261"}],"collection":[{"href":"https:\/\/www.leccecronaca.it\/index.php\/wp-json\/wp\/v2\/posts"}],"about":[{"href":"https:\/\/www.leccecronaca.it\/index.php\/wp-json\/wp\/v2\/types\/post"}],"author":[{"embeddable":true,"href":"https:\/\/www.leccecronaca.it\/index.php\/wp-json\/wp\/v2\/users\/4"}],"replies":[{"embeddable":true,"href":"https:\/\/www.leccecronaca.it\/index.php\/wp-json\/wp\/v2\/comments?post=134261"}],"version-history":[{"count":1,"href":"https:\/\/www.leccecronaca.it\/index.php\/wp-json\/wp\/v2\/posts\/134261\/revisions"}],"predecessor-version":[{"id":134263,"href":"https:\/\/www.leccecronaca.it\/index.php\/wp-json\/wp\/v2\/posts\/134261\/revisions\/134263"}],"wp:featuredmedia":[{"embeddable":true,"href":"https:\/\/www.leccecronaca.it\/index.php\/wp-json\/wp\/v2\/media\/134262"}],"wp:attachment":[{"href":"https:\/\/www.leccecronaca.it\/index.php\/wp-json\/wp\/v2\/media?parent=134261"}],"wp:term":[{"taxonomy":"category","embeddable":true,"href":"https:\/\/www.leccecronaca.it\/index.php\/wp-json\/wp\/v2\/categories?post=134261"},{"taxonomy":"post_tag","embeddable":true,"href":"https:\/\/www.leccecronaca.it\/index.php\/wp-json\/wp\/v2\/tags?post=134261"}],"curies":[{"name":"wp","href":"https:\/\/api.w.org\/{rel}","templated":true}]}}