{"id":134267,"date":"2018-03-19T19:26:40","date_gmt":"2018-03-19T18:26:40","guid":{"rendered":"http:\/\/www.leccecronaca.it\/?p=134267"},"modified":"2018-03-19T19:26:40","modified_gmt":"2018-03-19T18:26:40","slug":"l-altra-festa-amara-dei-padri-separati-e-divorziati-la-situazione-le-iniziative-di-oggi-le-dichiarazioni","status":"publish","type":"post","link":"https:\/\/www.leccecronaca.it\/index.php\/2018\/03\/19\/l-altra-festa-amara-dei-padri-separati-e-divorziati-la-situazione-le-iniziative-di-oggi-le-dichiarazioni\/","title":{"rendered":"L&#8217; ALTRA &#8216;FESTA&#8217; AMARA, DEI PADRI SEPARATI E DIVORZIATI. LA SITUAZIONE. LE INIZIATIVE DI OGGI. LE DICHIARAZIONI"},"content":{"rendered":"<p><img decoding=\"async\" loading=\"lazy\" class=\"alignnone size-medium wp-image-134268\" src=\"https:\/\/www.leccecronaca.it\/wordpress\/wp-content\/uploads\/2018\/03\/29342502_2084767625076061_2848875251841212471_n-300x225.jpg\" alt=\"\" width=\"300\" height=\"225\" srcset=\"https:\/\/www.leccecronaca.it\/wordpress\/wp-content\/uploads\/2018\/03\/29342502_2084767625076061_2848875251841212471_n-300x225.jpg 300w, https:\/\/www.leccecronaca.it\/wordpress\/wp-content\/uploads\/2018\/03\/29342502_2084767625076061_2848875251841212471_n-768x576.jpg 768w, https:\/\/www.leccecronaca.it\/wordpress\/wp-content\/uploads\/2018\/03\/29342502_2084767625076061_2848875251841212471_n-400x300.jpg 400w, https:\/\/www.leccecronaca.it\/wordpress\/wp-content\/uploads\/2018\/03\/29342502_2084767625076061_2848875251841212471_n.jpg 960w\" sizes=\"(max-width: 300px) 100vw, 300px\" \/><\/p>\n<p>(e.l.)______L&#8217; altra festa del pap\u00e0. Quella dei quattro milioni di padri separati, molti dei quali costretti a vedere i propri figli poco e male.<\/p>\n<p>Da anni, lottano nelle aule dei tribunali contro le ex mogli e compagne, e anche contro un sistema burocratico lento e contorto, per non essere tagliati fuori dalla vita delle loro crature.______<\/p>\n<p>Oggi l\u2019associazione \u201cNel nome dei figli\u201d \u00e8 scesa per la prima volta in strada a Taranto per un sit-in davanti al Tribunale civile (nella foto).<\/p>\n<p><em>\u201cVogliamo far capire a chi siede ai piani pi\u00f9 alti che attualmente la legge non \u00e8 uguale per tutti e che in queste battaglie le prime vittime sono i bambini che non hanno voce. Eppure se ci mettessimo dalla loro parte sarebbe tutto pi\u00f9 facile\u201d,<\/em> hanno detto nell&#8217; occasione i presidenti dll&#8217; associazione Andrea Balsamo e Vito Ditaranto,\u00a0 che hanno poi cos\u00ec proseguito: <em>\u201cBisognerebbe riformare il diritto di famiglia, creare un tribunale specifico il cui scopo sarebbe quello di conciliare per il bene dei bambini. O semplicemente far rispettare le leggi\u201d, continua Balsamo che denuncia una generale discriminazione in tribunale nei confronti dei pap\u00e0.<\/em><\/p>\n<p><em>La figura genitoriale del padre vale il 20% contro l\u201980% di quella della madre. <\/em><\/p>\n<p><em>Tuttavia, la nostra associazione vuole dare voce non solo ai 4 milioni di pap\u00e0, ma anche ai 4 milioni di mamme e ai 32 milioni di persone tra genitori, nonni, zii, fratelli, che ruotano intorno a queste situazioni complesse e che soffrono. Un messaggio che a giudicare dal numero di donne che hanno aderito alla manifestazione di oggi \u00e8 stato ben recepito. <\/em><\/p>\n<p><em>Le lotte tra poveri non ci sono piaciute. Ogni padre (o madre) farebbe qualsiasi cosa pur di trascorrere del tempo con i propri figli. E pagherebbe qualsiasi prezzo. Questo \u00e8 un dei motivi per cui le battaglie durano anni, avanzano a colpi di denunce e di sgarri, perdendo di vista l\u2019obiettivo principale: il bene del bambino. <\/em><\/p>\n<p><em>Intorno alle cause per l\u2019affido, c\u2019\u00e8 un giro di affari che vale 5 miliardi, tra legali, periti, marche da bollo e tutto il resto. Gli stessi avvocati &#8211; non tutti, ovviamente, ma una buona parte &#8211; si mostrano del tutto interessati a fomentare il disaccordo tra i due genitori.<\/em><\/p>\n<p><em>Le leggi esistono, che vengano rispettate\u201d<\/em><br \/>\n<em>L\u2019ultima riforma del diritto di famiglia risale agli anni Ottanta. Quanto alla Legge 54 sull&#8217;affidamento condiviso del 2006, avrebbe potuto risolvere il problema, ma cos\u00ec non \u00e8 stato. Di fatto il bambino continua a vivere con la mamma e il pap\u00e0 a vederlo solo poche ore. Questo non vuol dire \u2018affido condiviso\u2019. \u00c8 vero che la legge obbliga entrambi i genitori a trovare un accordo sulle decisioni che riguardano il piccolo, ma per il resto tutto funziona come prima. Nella maggior parte dei casi, il bimbo vive con la mamma che risulta essere quasi sempre il \u2018genitore collocatario\u2019. <\/em><\/p>\n<p><em>Nel resto dell\u2019Europa il bambino vive met\u00e0 del tempo con uno e met\u00e0 con l\u2019altro (per chi lo desidera, ovviamente). L\u2019Italia continua a rappresentare un\u2019eccezione e a pagare una multa di decine di milioni di euro ogni anno comminata dalla Corte di Giustizia europea per il mancato rispetto della legge 54. <\/em><\/p>\n<p><em>Il problema non \u00e8 la mancanza di legge: ce ne sono anche troppe, il problema \u00e8 che non vengono fatte rispettare\u201d.______<\/em><\/p>\n<p>L&#8217; unica dichiarazione politica sulla questione &#8211; fra l&#8217; altro, i dati disponibili dell&#8217; Istat sono fermi a quattro anni fa &#8211; \u00e8 stata oggi quella di Giorgia Meloni, che in mattinata ha diffuso il segunte messagio:<\/p>\n<p><em>&#8220;Nel giorno della Festa del pap\u00e0 il nostro pensiero va ai tanti padri separati che vivono una condizione drammatica dopo la separazione. Fratelli d\u2019Italia \u00e8 gi\u00e0 al lavoro per presentare all&#8217;insediamento del nuovo Parlamento una proposta di legge in grado di riportare equilibrio in queste famiglie, garantire ai pap\u00e0 di non scivolare sotto la soglia di povert\u00e0 e di non essere esclusi dalla vita dei propri figli. Sono tante le proposte su cui stiamo lavorando: dal recepimento legislativo della sentenza della Cassazione sul mantenimento dell\u2019ex moglie al riconoscimento della casa dove il padre separato va a vivere come prima casa, dall\u2019effettiva applicazione dell\u2019affidamento congiunto all\u2019intransigenza nei confronti di chi ostacola il rapporto del figlio con il genitore non convivente.\u00a0<\/em><br \/>\n<em>Pari dignit\u00e0 tra mamma e pap\u00e0, difesa del diritto dei minori di avere entrambi i genitori&#8221;.<\/em><\/p>\n<fb:like href='https:\/\/www.leccecronaca.it\/index.php\/2018\/03\/19\/l-altra-festa-amara-dei-padri-separati-e-divorziati-la-situazione-le-iniziative-di-oggi-le-dichiarazioni\/' send='true' layout='button_count' show_faces='true' width='450' height='65' action='recommend' colorscheme='light' font='lucida grande'><\/fb:like><span class=\"fb_share\"><fb:like href=\"https:\/\/www.leccecronaca.it\/index.php\/2018\/03\/19\/l-altra-festa-amara-dei-padri-separati-e-divorziati-la-situazione-le-iniziative-di-oggi-le-dichiarazioni\/\" layout=\"button_count\"><\/fb:like><\/span>","protected":false},"excerpt":{"rendered":"<p>(e.l.)______L&#8217; altra festa del pap\u00e0. Quella dei quattro milioni di padri separati, molti dei quali costretti a vedere i propri figli poco e male. Da anni, lottano nelle aule dei tribunali contro le ex mogli e compagne, e anche contro un sistema burocratico lento e contorto, per non essere tagliati fuori dalla vita delle loro [&hellip;]<\/p>\n","protected":false},"author":4,"featured_media":134268,"comment_status":"open","ping_status":"closed","sticky":false,"template":"","format":"standard","meta":[],"categories":[1,69,31,75,76],"tags":[],"_links":{"self":[{"href":"https:\/\/www.leccecronaca.it\/index.php\/wp-json\/wp\/v2\/posts\/134267"}],"collection":[{"href":"https:\/\/www.leccecronaca.it\/index.php\/wp-json\/wp\/v2\/posts"}],"about":[{"href":"https:\/\/www.leccecronaca.it\/index.php\/wp-json\/wp\/v2\/types\/post"}],"author":[{"embeddable":true,"href":"https:\/\/www.leccecronaca.it\/index.php\/wp-json\/wp\/v2\/users\/4"}],"replies":[{"embeddable":true,"href":"https:\/\/www.leccecronaca.it\/index.php\/wp-json\/wp\/v2\/comments?post=134267"}],"version-history":[{"count":1,"href":"https:\/\/www.leccecronaca.it\/index.php\/wp-json\/wp\/v2\/posts\/134267\/revisions"}],"predecessor-version":[{"id":134269,"href":"https:\/\/www.leccecronaca.it\/index.php\/wp-json\/wp\/v2\/posts\/134267\/revisions\/134269"}],"wp:featuredmedia":[{"embeddable":true,"href":"https:\/\/www.leccecronaca.it\/index.php\/wp-json\/wp\/v2\/media\/134268"}],"wp:attachment":[{"href":"https:\/\/www.leccecronaca.it\/index.php\/wp-json\/wp\/v2\/media?parent=134267"}],"wp:term":[{"taxonomy":"category","embeddable":true,"href":"https:\/\/www.leccecronaca.it\/index.php\/wp-json\/wp\/v2\/categories?post=134267"},{"taxonomy":"post_tag","embeddable":true,"href":"https:\/\/www.leccecronaca.it\/index.php\/wp-json\/wp\/v2\/tags?post=134267"}],"curies":[{"name":"wp","href":"https:\/\/api.w.org\/{rel}","templated":true}]}}