{"id":134289,"date":"2018-03-21T12:00:27","date_gmt":"2018-03-21T11:00:27","guid":{"rendered":"http:\/\/www.leccecronaca.it\/?p=134289"},"modified":"2018-03-21T12:04:30","modified_gmt":"2018-03-21T11:04:30","slug":"da-fare-il-prepartita-con-la-fidelis-andria-per-continuare-a-correre","status":"publish","type":"post","link":"https:\/\/www.leccecronaca.it\/index.php\/2018\/03\/21\/da-fare-il-prepartita-con-la-fidelis-andria-per-continuare-a-correre\/","title":{"rendered":"IL PREPARTITA \/ CON L&#8217; ANDRIA PER CONTINUARE A VOLARE"},"content":{"rendered":"<p><img decoding=\"async\" loading=\"lazy\" class=\"alignnone size-medium wp-image-134314\" src=\"https:\/\/www.leccecronaca.it\/wordpress\/wp-content\/uploads\/2018\/03\/stadio_via_del_mare-1-300x165.jpg\" alt=\"\" width=\"300\" height=\"165\" srcset=\"https:\/\/www.leccecronaca.it\/wordpress\/wp-content\/uploads\/2018\/03\/stadio_via_del_mare-1-300x165.jpg 300w, https:\/\/www.leccecronaca.it\/wordpress\/wp-content\/uploads\/2018\/03\/stadio_via_del_mare-1.jpg 537w\" sizes=\"(max-width: 300px) 100vw, 300px\" \/><\/p>\n<p>(l.r.)______Per il turno infrasettimanale, domani gioved\u00ec 22, alle 20.30 al via del Mare \u00e8 di sena la Fidelis Andria. In giornata il Lecce si prepara con un allenamento a porte chiuse. Si sapr\u00e0 qualcosa anche sulle condizioni di Saraniti, che, dopo il problema muscolare subito a Cosenza, sar\u00e0 sottoposto sempre in giornata ad una visita specialistica.<\/p>\n<p>Prevedibile un deciso turn over per la formazione che scender\u00e0 in campo, nell&#8217; &#8216;undici&#8217; iniziale, anche perch\u00e9 si torna a giocare domenica. Mister Liverani decider\u00e0 sulla base delle indicazioni che gli daranno le sue sensazioni sullo stato di forma dei singoli, e comunque, Saraniti a parte, ha a disposizione un organico di tutto rispetto, anzi, di ottimo livello.<\/p>\n<p>Non si possono vincere tutte le partite, ovvio, ma domani un&#8217; altra vittoria &#8211; comunque nelle pi\u00f9 ampie possibilit\u00e0 dei giallorossi &#8211; sarebbe importantissima, per continuare a volare in vetta, mentre le gare da disputare diventano sempre di meno, e dunque il traguardo pi\u00f9 vicino.<\/p>\n<p>Dall&#8217; altro lato, c&#8217;\u00e8 un avversario che, come tutte le squadre, quando affrontano il Lecce, specie al via del Mare, ha una motivazione in pi\u00f9. Poi, a parte questo, penalizzata di tre punti, la Fidelis Andria veleggia a vista nelle zone basse della classifica, da cui far\u00e0 di tutto per venire fuori.<\/p>\n<p>Le condizioni meteo sono previste in miglioramento, dopo gli acquazzoni delle ultime ore, quindi ci si aspettano condizioni ideali, quanto meno non il pantano dell&#8217; ultima partita, su di un terreno forse ancora viscido, ma decente, su cui far girare la palla anche in velocit\u00e0, e cercare di costruire gioco.______<\/p>\n<p>LA RICERCA nel nostro articolo di ieri<\/p>\n<blockquote class=\"wp-embedded-content\" data-secret=\"uDfeCpWWh8\"><p><a href=\"https:\/\/www.leccecronaca.it\/index.php\/2018\/03\/20\/cosenza-lecce-il-postpartita-giovedi-22-altra-gara\/\">COSENZA-LECCE, IL POSTPARTITA \/ GIOVEDI&#8217; 22 ALTRA GARA<\/a><\/p><\/blockquote>\n<p><iframe class=\"wp-embedded-content\" sandbox=\"allow-scripts\" security=\"restricted\" style=\"position: absolute; clip: rect(1px, 1px, 1px, 1px);\" src=\"https:\/\/www.leccecronaca.it\/index.php\/2018\/03\/20\/cosenza-lecce-il-postpartita-giovedi-22-altra-gara\/embed\/#?secret=uDfeCpWWh8\" data-secret=\"uDfeCpWWh8\" width=\"500\" height=\"282\" title=\"&#8220;COSENZA-LECCE, IL POSTPARTITA \/ GIOVEDI&#8217; 22 ALTRA GARA&#8221; &#8212; LecceCronaca.it\" frameborder=\"0\" marginwidth=\"0\" marginheight=\"0\" scrolling=\"no\"><\/iframe><\/p>\n<p>&nbsp;<\/p>\n<p>&nbsp;<\/p>\n<p>&nbsp;<\/p>\n<fb:like href='https:\/\/www.leccecronaca.it\/index.php\/2018\/03\/21\/da-fare-il-prepartita-con-la-fidelis-andria-per-continuare-a-correre\/' send='true' layout='button_count' show_faces='true' width='450' height='65' action='recommend' colorscheme='light' font='lucida grande'><\/fb:like><span class=\"fb_share\"><fb:like href=\"https:\/\/www.leccecronaca.it\/index.php\/2018\/03\/21\/da-fare-il-prepartita-con-la-fidelis-andria-per-continuare-a-correre\/\" layout=\"button_count\"><\/fb:like><\/span>","protected":false},"excerpt":{"rendered":"<p>(l.r.)______Per il turno infrasettimanale, domani gioved\u00ec 22, alle 20.30 al via del Mare \u00e8 di sena la Fidelis Andria. In giornata il Lecce si prepara con un allenamento a porte chiuse. Si sapr\u00e0 qualcosa anche sulle condizioni di Saraniti, che, dopo il problema muscolare subito a Cosenza, sar\u00e0 sottoposto sempre in giornata ad una visita [&hellip;]<\/p>\n","protected":false},"author":4,"featured_media":134314,"comment_status":"open","ping_status":"closed","sticky":false,"template":"","format":"standard","meta":[],"categories":[28],"tags":[],"_links":{"self":[{"href":"https:\/\/www.leccecronaca.it\/index.php\/wp-json\/wp\/v2\/posts\/134289"}],"collection":[{"href":"https:\/\/www.leccecronaca.it\/index.php\/wp-json\/wp\/v2\/posts"}],"about":[{"href":"https:\/\/www.leccecronaca.it\/index.php\/wp-json\/wp\/v2\/types\/post"}],"author":[{"embeddable":true,"href":"https:\/\/www.leccecronaca.it\/index.php\/wp-json\/wp\/v2\/users\/4"}],"replies":[{"embeddable":true,"href":"https:\/\/www.leccecronaca.it\/index.php\/wp-json\/wp\/v2\/comments?post=134289"}],"version-history":[{"count":6,"href":"https:\/\/www.leccecronaca.it\/index.php\/wp-json\/wp\/v2\/posts\/134289\/revisions"}],"predecessor-version":[{"id":134318,"href":"https:\/\/www.leccecronaca.it\/index.php\/wp-json\/wp\/v2\/posts\/134289\/revisions\/134318"}],"wp:featuredmedia":[{"embeddable":true,"href":"https:\/\/www.leccecronaca.it\/index.php\/wp-json\/wp\/v2\/media\/134314"}],"wp:attachment":[{"href":"https:\/\/www.leccecronaca.it\/index.php\/wp-json\/wp\/v2\/media?parent=134289"}],"wp:term":[{"taxonomy":"category","embeddable":true,"href":"https:\/\/www.leccecronaca.it\/index.php\/wp-json\/wp\/v2\/categories?post=134289"},{"taxonomy":"post_tag","embeddable":true,"href":"https:\/\/www.leccecronaca.it\/index.php\/wp-json\/wp\/v2\/tags?post=134289"}],"curies":[{"name":"wp","href":"https:\/\/api.w.org\/{rel}","templated":true}]}}