{"id":134341,"date":"2018-03-22T09:51:46","date_gmt":"2018-03-22T08:51:46","guid":{"rendered":"http:\/\/www.leccecronaca.it\/?p=134341"},"modified":"2018-03-22T09:52:56","modified_gmt":"2018-03-22T08:52:56","slug":"le-poesie-di-paolo-castronuovo-a-lecce-venerdi-23","status":"publish","type":"post","link":"https:\/\/www.leccecronaca.it\/index.php\/2018\/03\/22\/le-poesie-di-paolo-castronuovo-a-lecce-venerdi-23\/","title":{"rendered":"LE POESIE DI PAOLO CASTRONUOVO A LECCE VENERDI&#8217; 23"},"content":{"rendered":"<p><img decoding=\"async\" loading=\"lazy\" class=\"alignnone size-medium wp-image-134343\" src=\"https:\/\/www.leccecronaca.it\/wordpress\/wp-content\/uploads\/2018\/03\/12400957_1657389837848633_3836154469329597940_n-300x300.jpg\" alt=\"\" width=\"300\" height=\"300\" srcset=\"https:\/\/www.leccecronaca.it\/wordpress\/wp-content\/uploads\/2018\/03\/12400957_1657389837848633_3836154469329597940_n-300x300.jpg 300w, https:\/\/www.leccecronaca.it\/wordpress\/wp-content\/uploads\/2018\/03\/12400957_1657389837848633_3836154469329597940_n-150x150.jpg 150w, https:\/\/www.leccecronaca.it\/wordpress\/wp-content\/uploads\/2018\/03\/12400957_1657389837848633_3836154469329597940_n-768x768.jpg 768w, https:\/\/www.leccecronaca.it\/wordpress\/wp-content\/uploads\/2018\/03\/12400957_1657389837848633_3836154469329597940_n-60x60.jpg 60w, https:\/\/www.leccecronaca.it\/wordpress\/wp-content\/uploads\/2018\/03\/12400957_1657389837848633_3836154469329597940_n.jpg 960w\" sizes=\"(max-width: 300px) 100vw, 300px\" \/><\/p>\n<p>(s.d.)______Venerd\u00ec 23 marzo, alle 19.30, a Lecce, al Fondo Verri, in via Sant Maria del Paradiso 8, ci sar\u00e0 la presentazione della raccolta di versi\u00a0\u201cL\u2019insonnia dei corpi\u201d, di <strong>Paolo Castronuovo,<\/strong> edita da Controluna.<\/p>\n<p>Dialoga con l\u2019autore il poeta Marco Vetrugno.<\/p>\n<p>&nbsp;<\/p>\n<p><em>&#8230;\u201cDobbiamo sgombrare l&#8217;inverno evidenziare le parole con la luce aprire la finestra della strafottenza per uscire da questi veli su bare dare una forma pi\u00f9 precisa ai versi perch\u00e9 la culla \u00e8 un vizio ozioso che ci incolla seppur tra labbra a qualcosa di osceno per la vita\u201d. &#8230;<\/em><\/p>\n<p><img decoding=\"async\" loading=\"lazy\" class=\"alignnone size-medium wp-image-134345\" src=\"https:\/\/www.leccecronaca.it\/wordpress\/wp-content\/uploads\/2018\/03\/La-copertina-del-libro-di-Paolo-Castronuovo-214x300.jpg\" alt=\"\" width=\"214\" height=\"300\" srcset=\"https:\/\/www.leccecronaca.it\/wordpress\/wp-content\/uploads\/2018\/03\/La-copertina-del-libro-di-Paolo-Castronuovo-214x300.jpg 214w, https:\/\/www.leccecronaca.it\/wordpress\/wp-content\/uploads\/2018\/03\/La-copertina-del-libro-di-Paolo-Castronuovo.jpg 685w\" sizes=\"(max-width: 214px) 100vw, 214px\" \/><\/p>\n<p>&nbsp;<\/p>\n<p>Tra le opere in prosa e poesia di Paolo Castronuovo troviamo: Labirinti (Stampalibri, 2009); Filo Spinato (Scorpione, 2010); Ambaradan (Libro d\u2019Artista a cura dell\u2019autore, 2014); Streghe Ignifughe (Lupo, 2014); Labiali (Pietre Vive, 2016); L\u2019insonnia dei Corpi (Controluna, 2018). \u00c8 presente in numerose antologie e in varie riviste e blog letterari. \u00c8 stato giurista di premi di poesia e cinema.\u00a0 Collabora con le case editrici del gruppo Lit \u201cIl seme bianco\u201d e \u201cControluna \u2013 Edizioni di poesia\u201d.<\/p>\n<p>&nbsp;<\/p>\n<p>&nbsp;<\/p>\n<fb:like href='https:\/\/www.leccecronaca.it\/index.php\/2018\/03\/22\/le-poesie-di-paolo-castronuovo-a-lecce-venerdi-23\/' send='true' layout='button_count' show_faces='true' width='450' height='65' action='recommend' colorscheme='light' font='lucida grande'><\/fb:like><span class=\"fb_share\"><fb:like href=\"https:\/\/www.leccecronaca.it\/index.php\/2018\/03\/22\/le-poesie-di-paolo-castronuovo-a-lecce-venerdi-23\/\" layout=\"button_count\"><\/fb:like><\/span>","protected":false},"excerpt":{"rendered":"<p>(s.d.)______Venerd\u00ec 23 marzo, alle 19.30, a Lecce, al Fondo Verri, in via Sant Maria del Paradiso 8, ci sar\u00e0 la presentazione della raccolta di versi\u00a0\u201cL\u2019insonnia dei corpi\u201d, di Paolo Castronuovo, edita da Controluna. Dialoga con l\u2019autore il poeta Marco Vetrugno. &nbsp; &#8230;\u201cDobbiamo sgombrare l&#8217;inverno evidenziare le parole con la luce aprire la finestra della strafottenza [&hellip;]<\/p>\n","protected":false},"author":4,"featured_media":134343,"comment_status":"open","ping_status":"closed","sticky":false,"template":"","format":"standard","meta":[],"categories":[31,75,57],"tags":[],"_links":{"self":[{"href":"https:\/\/www.leccecronaca.it\/index.php\/wp-json\/wp\/v2\/posts\/134341"}],"collection":[{"href":"https:\/\/www.leccecronaca.it\/index.php\/wp-json\/wp\/v2\/posts"}],"about":[{"href":"https:\/\/www.leccecronaca.it\/index.php\/wp-json\/wp\/v2\/types\/post"}],"author":[{"embeddable":true,"href":"https:\/\/www.leccecronaca.it\/index.php\/wp-json\/wp\/v2\/users\/4"}],"replies":[{"embeddable":true,"href":"https:\/\/www.leccecronaca.it\/index.php\/wp-json\/wp\/v2\/comments?post=134341"}],"version-history":[{"count":2,"href":"https:\/\/www.leccecronaca.it\/index.php\/wp-json\/wp\/v2\/posts\/134341\/revisions"}],"predecessor-version":[{"id":134346,"href":"https:\/\/www.leccecronaca.it\/index.php\/wp-json\/wp\/v2\/posts\/134341\/revisions\/134346"}],"wp:featuredmedia":[{"embeddable":true,"href":"https:\/\/www.leccecronaca.it\/index.php\/wp-json\/wp\/v2\/media\/134343"}],"wp:attachment":[{"href":"https:\/\/www.leccecronaca.it\/index.php\/wp-json\/wp\/v2\/media?parent=134341"}],"wp:term":[{"taxonomy":"category","embeddable":true,"href":"https:\/\/www.leccecronaca.it\/index.php\/wp-json\/wp\/v2\/categories?post=134341"},{"taxonomy":"post_tag","embeddable":true,"href":"https:\/\/www.leccecronaca.it\/index.php\/wp-json\/wp\/v2\/tags?post=134341"}],"curies":[{"name":"wp","href":"https:\/\/api.w.org\/{rel}","templated":true}]}}