{"id":134389,"date":"2018-03-24T18:50:13","date_gmt":"2018-03-24T17:50:13","guid":{"rendered":"http:\/\/www.leccecronaca.it\/?p=134389"},"modified":"2018-03-24T19:22:38","modified_gmt":"2018-03-24T18:22:38","slug":"il-primo-bacio-murales","status":"publish","type":"post","link":"https:\/\/www.leccecronaca.it\/index.php\/2018\/03\/24\/il-primo-bacio-murales\/","title":{"rendered":"IL PRIMO BACIO"},"content":{"rendered":"<p><img decoding=\"async\" loading=\"lazy\" class=\"alignnone size-medium wp-image-134429\" src=\"https:\/\/www.leccecronaca.it\/wordpress\/wp-content\/uploads\/2018\/03\/bacio-salvini-dimaio-300x235.jpg\" alt=\"\" width=\"300\" height=\"235\" srcset=\"https:\/\/www.leccecronaca.it\/wordpress\/wp-content\/uploads\/2018\/03\/bacio-salvini-dimaio-300x235.jpg 300w, https:\/\/www.leccecronaca.it\/wordpress\/wp-content\/uploads\/2018\/03\/bacio-salvini-dimaio-768x603.jpg 768w, https:\/\/www.leccecronaca.it\/wordpress\/wp-content\/uploads\/2018\/03\/bacio-salvini-dimaio.jpg 845w\" sizes=\"(max-width: 300px) 100vw, 300px\" \/><\/p>\n<p>di <strong>Giuseppe Puppo______<\/strong><\/p>\n<p>E&#8217; ritornata non dico la passione, ch\u00e9 sarebbe un&#8217; esagerazione, ma l&#8217; interesse per la politica, s\u00ec, in moltissimi, che l&#8217; avevano progressivamente persa, soprattutto durante l&#8217; ultima, bruttissima, campagna elettorale.<\/p>\n<p>In queste utime ore, siamo un po&#8217; tutti &#8211; e non solamente gli &#8216;addetti ai lavori&#8217; &#8211; a chiederci come andr\u00e0 a finire per la formazione del nuovo governo, e ognuno ha i suoi dubbi, le sue perplessit\u00e0, le sue avversioni, e le sue soluzioni.<\/p>\n<p>Questa ultima notte, ci siamo addormentati con il centro &#8211; destra spaccato, e ci siamo risvegliati con il centro &#8211; destra apparentemente ricompattato, ma, soprattutto, con la verifica concreta di un&#8217; intesa Movimento 5 Stelle &#8211; Lega.<\/p>\n<p>C&#8217;\u00e8 Roberto Fico, movimentista e amato dalla base, a presidente della Camera, e\u00a0Maria Elisabetta Alberti Casellati, che, sebbene con qualche neo in carriera, certo non \u00e8 l&#8217; impresentabile Paolo Romani che avrebbe voluto Silvio Berlusconi, a presidente del Senato.<\/p>\n<p>Un&#8217;intesa, che, stando ai fatti comprvati, viene direttamente da Luigi Di Maio e Matteo Salvini.<\/p>\n<p>L&#8217; artista TvBoy ieri si \u00e8 magnificamente esercitato al riguardo, sulle strade del centro di Roma, con un murales che, invce di essere portato in un Museo, \u00e8 stato inspiegabilmente fatto cancellare.<\/p>\n<p>Nel nostro piccolo di prosaici commentatori, leccecronaca.it &#8211; i lettori sopportaranno e scuseranno le autocitazioni &#8211; era stata ben pi\u00f9 lungimirante.<\/p>\n<p>A luglio, dietro il gossip sulla fidanzata Elisa Isoardi, vedevamo un attentato mediatico berlusconiano contro le mire dello scomodo alleato.<\/p>\n<p>&nbsp;<\/p>\n<p>Dopo due ore dai primi exit poll, la notte dello scorso 5 marzo uscivamo gi\u00e0 con una vignetta esemplificativa.<\/p>\n<p><img decoding=\"async\" loading=\"lazy\" class=\"alignnone size-medium wp-image-134427\" src=\"https:\/\/www.leccecronaca.it\/wordpress\/wp-content\/uploads\/2018\/03\/Di-Maio-Salvini-297x300-2-297x300.jpg\" alt=\"\" width=\"297\" height=\"300\" \/><\/p>\n<p>&nbsp;<\/p>\n<p>Nel successivo commento, prendevamo atto della volont\u00e0 degli elettori, a nostro modo di intendere charissima.<\/p>\n<p>&nbsp;<\/p>\n<p>Come andr\u00e0 a finire ora con il governo?<\/p>\n<p>Questo, non lo so. N\u00e8 voglio avventurarmi in previsioni.<\/p>\n<p>Vorrei per\u00f2, a beneficio dei tanti che mi chiedono in queste ore, spero anche quale spunto di riflessione per tutti i nostri sempre tanti, sempre liberi e, meno male, sempre critici lettori, tentare di mettere qualche puntino sulle u.<\/p>\n<p>Ci provo.<\/p>\n<p>La prima considerazione per capire quello che \u00e8 avvenuto, sta avvenendo, avverr\u00e0, \u00e8 che sta cambiando tutto, nella politica italiama.<\/p>\n<p>Per fortuna, la Lega di Salvini non \u00e8 la Lega Nord di Umberto Bossi, per tante ragioni che adesso sarebbe troppo lungo elencare, comunque tante.<\/p>\n<p>Per sfortuna &#8211; non \u00e8 un refuso, \u00e8 il nostro preciso parere &#8211; il M5S di Di Maio non \u00e8 il Movimento di Beppe Grillo,\u00a0per tante ragioni che adesso sarebbe troppo lungo elencare, comunque tante.<\/p>\n<p>Se non capiamo questo, non capiremo niente.<\/p>\n<p>&nbsp;<\/p>\n<p>Poi, detto ci\u00f2, entrambi sono andati a risciacquare i loro panni in Cernobbio. Entrambi hanno ultimamente espresso ambizioni ridotte e volont\u00e0 di cambiamento alquanto annacquate, appunto, oltre ad un terrificante vuoto in politica estera.<\/p>\n<p>Fatto sta, che gli Italiani, li hanno premiati, e hanno creduto in loro.<\/p>\n<p>Se le elezioni sono l&#8217; espressione della volont\u00e0 popolare, essa \u00e8 stata chiarissima, tutto molto pi\u00f9 semplice delle compicazioni indotte e succesive: essi vogliono essere guidati da loro due.<\/p>\n<p>Ora, \u00e8 possibile un esecutivo M5S &#8211; Lega?<\/p>\n<p>In politica tutto \u00e8 possibile, la politica stessa \u00e8 nella sua definizione migliore l&#8217; arte della mediazione.<\/p>\n<p>I due partiti &#8211; che oramai il Movimento tale \u00e8 diventato, e pure con poca trasparenza &#8211; hanno in comune obiettivi concreti da poter agevolmente realizzare, dall&#8217; abolizione della legge Fornero, al taglio dei privilegi, e potrei continuare a lungo.<\/p>\n<p>A mio modo di intendere, di pi\u00f9. Essi hanno un&#8217; ideologia &#8211; mi si passi il trmine &#8211; in comune, che \u00e8 l&#8217; avversione al cos\u00ec detto &#8216;mercato&#8217;, alla globalizzazione, all&#8217; alta finanza internazionale, e alle diseguaglianze sociali, e all&#8217; impoverimento sostanziale che esso ha prodotto, o almeno questo hanno percepito gli elettori, la maggioranza silenziosa, che per\u00f2 &#8216;stavolta ha parlato in maniera chiarissima.<\/p>\n<p>Per\u00f2&#8230;Ecco, c&#8217;\u00e8 un per\u00f2. Un governo M5S &#8211; Lega deve passare inevitabilmente, per essere credibile, sopra un cadavere (politico, ovvio, ma \u00e8 sempre meglio specificare): quello di Silvio Berlusconi.<\/p>\n<p>Mi sembra che Matteo Salvini si stia portando avanti col lavoro.<\/p>\n<p>E&#8217; un delitto politico che va consumato senza fretta, come sta avvenndo, ma comunque sta avvenndo.<\/p>\n<p>Al netto delle dicharazioni d&#8217;intenti, delle note di posizionamento e di riposizionamento, del gioco delle parti, dei bluff e contro bluff di cui l&#8217; arte della mediazione si nutre.<\/p>\n<p>Magari ci vorranno mesi, mica giorni.<\/p>\n<p>Ma, se direttamente l&#8217; uno, indirettamente l&#8217; altro, riusciranno a farlo, consegnando finalmente\u00a0 il berlusconismo alle categorie della Storia e non pi\u00f9 a quelle della Politica, fra Matteo Salvini e Luigi Di Maio esistono, ma esistono davvero, ne sono la paradigmatica esemplificazione, le convrgenze parallele immaginate da Aldo Moro.<\/p>\n<p>Poi, altro non so.<\/p>\n<p>Vedremo.<\/p>\n<p>Nel nostro piccolo, qui a leccecronaca.it, li seguiremo, criticamente, come abbiamo fatto con i governi tecnici abusivi, come abbiamo fatto con quelli del Pd.<\/p>\n<p>A maggior ragione e con pi\u00f9 impegno, ora, se sono essi adesso il potere.<\/p>\n<p>Vedremo cosa combineranno. Hanno entrambi il premio della volont\u00e0 popolare, non quello tecnico delle leggi elettorali.<\/p>\n<p>Una bella responsabilit\u00e0.<\/p>\n<p>&nbsp;<\/p>\n<p>Il popolo vuole contrasto alla povert\u00e0, legalit\u00e0, moralit\u00e0 in primis della politica, rispetto per il territorio, in un\u2019 ecologia totale, che si estende, pardon si estenda, mi stavo adeguando al simpaticissimo, ormai, lessico demaiano, al rispetto delle persone, dei loro sogni, dei loro sacrifici, della loro lotta quotidiana per poter vivere degnamente. Il rispetto per chi \u00e8 ancora notte e gi\u00e0 prepara il suo caff\u00e8, prima di infilarsi nei treni del metr\u00f2, della stazione, nelle corsie delle tangenziali, per andare a lavorare, e magari senza adeguata ricompensa. Per chi per cercare un lavoro, va all\u2019 estero, emigrante, in questa Italia terra di immigrati, che aggiungono solitudine,\u00a0 emarginazione e disperazione, a chi ne ha gi\u00e0 abbastanza di suo.<\/p>\n<p>Per chi risparmia dieci centesimi, rinunciando alla busta di plastica, perch\u00e9 pure qualche spicciolo, giorno dopo giorno, serve a conciliare il pranzo con cena.<\/p>\n<p>Per chi ha il mutuo, le cartelle di Equatalia, che era stata abolita due volte, eppure sempre l\u00e0 sta, e le multe, le tasse, le sovrattasse e le more, le bollette cervellotiche, e non sa come pagarle, perch\u00e9, se le pagasse, non potrebbe mangiare.<\/p>\n<p>Per chi, invalido civile, deve vivere con meno di 300 euro al mese.<\/p>\n<p>Il popolo vuole sicurezze, certezze, impegni concreti e lavoro, lavoro inteso come possibilit\u00e0 di dedicarsi alle proprie attivit\u00e0 pi\u00f9 congeniali in santa pace, per potersi esprimere al meglio e in sacra dignit\u00e0; e un aiuto, mentre non ce l&#8217;ha.<\/p>\n<p>Vuole aggrapparsi al ciglio del baratro in cui lo hanno precipitato, e venirne fuori. Rialzarsi. Riprendere a camminare.<\/p>\n<p>Vuole tornare a fare figli.\u00a0Tout court, vuole un futuro. E a Luigi Di Maio e a Matteo Salvini hanno affidato tutto questo: una terribile, ma bellissima speranza.______<\/p>\n<p>LA RICERCA nei\u00a0 nostri articoli del 27 luglio e del 5 marzo<\/p>\n<blockquote class=\"wp-embedded-content\" data-secret=\"rwsvv2OilN\"><p><a href=\"https:\/\/www.leccecronaca.it\/index.php\/2017\/07\/16\/l-ultimo-bacio-lei-non-con-salvini\/\">L&#8217; ULTIMO BACIO \/ LEI (NON) CON SALVINI<\/a><\/p><\/blockquote>\n<p><iframe class=\"wp-embedded-content\" sandbox=\"allow-scripts\" security=\"restricted\" style=\"position: absolute; clip: rect(1px, 1px, 1px, 1px);\" src=\"https:\/\/www.leccecronaca.it\/index.php\/2017\/07\/16\/l-ultimo-bacio-lei-non-con-salvini\/embed\/#?secret=rwsvv2OilN\" data-secret=\"rwsvv2OilN\" width=\"500\" height=\"282\" title=\"&#8220;L&#8217; ULTIMO BACIO \/ LEI (NON) CON SALVINI&#8221; &#8212; LecceCronaca.it\" frameborder=\"0\" marginwidth=\"0\" marginheight=\"0\" scrolling=\"no\"><\/iframe><\/p>\n<blockquote class=\"wp-embedded-content\" data-secret=\"8ewZhuYI0K\"><p><a href=\"https:\/\/www.leccecronaca.it\/index.php\/2018\/03\/05\/il-popolo-vince-perde-il-regime-dei-media-e-delle-banche\/\">POLITICHE 2018 \/ IL POPOLO VINCE, PERDE IL REGIME DEI MEDIA E DELLE BANCHE<\/a><\/p><\/blockquote>\n<p><iframe class=\"wp-embedded-content\" sandbox=\"allow-scripts\" security=\"restricted\" style=\"position: absolute; clip: rect(1px, 1px, 1px, 1px);\" src=\"https:\/\/www.leccecronaca.it\/index.php\/2018\/03\/05\/il-popolo-vince-perde-il-regime-dei-media-e-delle-banche\/embed\/#?secret=8ewZhuYI0K\" data-secret=\"8ewZhuYI0K\" width=\"500\" height=\"282\" title=\"&#8220;POLITICHE 2018 \/ IL POPOLO VINCE, PERDE IL REGIME DEI MEDIA E DELLE BANCHE&#8221; &#8212; LecceCronaca.it\" frameborder=\"0\" marginwidth=\"0\" marginheight=\"0\" scrolling=\"no\"><\/iframe><\/p>\n<p>&nbsp;<\/p>\n<p>&nbsp;<\/p>\n<p>&nbsp;<\/p>\n<p>&nbsp;<\/p>\n<p>&nbsp;<\/p>\n<p>&nbsp;<\/p>\n<p>&nbsp;<\/p>\n<p>&nbsp;<\/p>\n<p>&nbsp;<\/p>\n<p>&nbsp;<\/p>\n<fb:like href='https:\/\/www.leccecronaca.it\/index.php\/2018\/03\/24\/il-primo-bacio-murales\/' send='true' layout='button_count' show_faces='true' width='450' height='65' action='recommend' colorscheme='light' font='lucida grande'><\/fb:like><span class=\"fb_share\"><fb:like href=\"https:\/\/www.leccecronaca.it\/index.php\/2018\/03\/24\/il-primo-bacio-murales\/\" layout=\"button_count\"><\/fb:like><\/span>","protected":false},"excerpt":{"rendered":"<p>di Giuseppe Puppo______ E&#8217; ritornata non dico la passione, ch\u00e9 sarebbe un&#8217; esagerazione, ma l&#8217; interesse per la politica, s\u00ec, in moltissimi, che l&#8217; avevano progressivamente persa, soprattutto durante l&#8217; ultima, bruttissima, campagna elettorale. In queste utime ore, siamo un po&#8217; tutti &#8211; e non solamente gli &#8216;addetti ai lavori&#8217; &#8211; a chiederci come andr\u00e0 [&hellip;]<\/p>\n","protected":false},"author":4,"featured_media":134429,"comment_status":"open","ping_status":"closed","sticky":false,"template":"","format":"standard","meta":[],"categories":[76],"tags":[],"_links":{"self":[{"href":"https:\/\/www.leccecronaca.it\/index.php\/wp-json\/wp\/v2\/posts\/134389"}],"collection":[{"href":"https:\/\/www.leccecronaca.it\/index.php\/wp-json\/wp\/v2\/posts"}],"about":[{"href":"https:\/\/www.leccecronaca.it\/index.php\/wp-json\/wp\/v2\/types\/post"}],"author":[{"embeddable":true,"href":"https:\/\/www.leccecronaca.it\/index.php\/wp-json\/wp\/v2\/users\/4"}],"replies":[{"embeddable":true,"href":"https:\/\/www.leccecronaca.it\/index.php\/wp-json\/wp\/v2\/comments?post=134389"}],"version-history":[{"count":10,"href":"https:\/\/www.leccecronaca.it\/index.php\/wp-json\/wp\/v2\/posts\/134389\/revisions"}],"predecessor-version":[{"id":134436,"href":"https:\/\/www.leccecronaca.it\/index.php\/wp-json\/wp\/v2\/posts\/134389\/revisions\/134436"}],"wp:featuredmedia":[{"embeddable":true,"href":"https:\/\/www.leccecronaca.it\/index.php\/wp-json\/wp\/v2\/media\/134429"}],"wp:attachment":[{"href":"https:\/\/www.leccecronaca.it\/index.php\/wp-json\/wp\/v2\/media?parent=134389"}],"wp:term":[{"taxonomy":"category","embeddable":true,"href":"https:\/\/www.leccecronaca.it\/index.php\/wp-json\/wp\/v2\/categories?post=134389"},{"taxonomy":"post_tag","embeddable":true,"href":"https:\/\/www.leccecronaca.it\/index.php\/wp-json\/wp\/v2\/tags?post=134389"}],"curies":[{"name":"wp","href":"https:\/\/api.w.org\/{rel}","templated":true}]}}