{"id":134402,"date":"2018-03-24T15:21:10","date_gmt":"2018-03-24T14:21:10","guid":{"rendered":"http:\/\/www.leccecronaca.it\/?p=134402"},"modified":"2018-03-24T15:55:00","modified_gmt":"2018-03-24T14:55:00","slug":"lecce-salvemini-recupera-tre-consiglieri-del-centro-destra-ed-ha-la-maggioranza-in-consiglio","status":"publish","type":"post","link":"https:\/\/www.leccecronaca.it\/index.php\/2018\/03\/24\/lecce-salvemini-recupera-tre-consiglieri-del-centro-destra-ed-ha-la-maggioranza-in-consiglio\/","title":{"rendered":"LECCE: SALVEMINI &#8220;RECUPERA&#8221; TRE CONSIGLIERI DEL CENTRO-DESTRA ED HA LA MAGGIORANZA IN CONSIGLIO"},"content":{"rendered":"<p><img decoding=\"async\" loading=\"lazy\" class=\"size-medium wp-image-134416\" src=\"https:\/\/www.leccecronaca.it\/wordpress\/wp-content\/uploads\/2018\/03\/salvemini-300x225.jpg\" alt=\"\" width=\"300\" height=\"225\" srcset=\"https:\/\/www.leccecronaca.it\/wordpress\/wp-content\/uploads\/2018\/03\/salvemini-300x225.jpg 300w, https:\/\/www.leccecronaca.it\/wordpress\/wp-content\/uploads\/2018\/03\/salvemini-1024x768.jpg 1024w, https:\/\/www.leccecronaca.it\/wordpress\/wp-content\/uploads\/2018\/03\/salvemini-768x576.jpg 768w, https:\/\/www.leccecronaca.it\/wordpress\/wp-content\/uploads\/2018\/03\/salvemini-400x300.jpg 400w, https:\/\/www.leccecronaca.it\/wordpress\/wp-content\/uploads\/2018\/03\/salvemini.jpg 1500w\" sizes=\"(max-width: 300px) 100vw, 300px\" \/><\/p>\n<p>(g.m.)_______Sono tre i consiglieri comunali che a Lecce dal centro-destra passano con il sindaco Salvemini,<b>\u00a0<\/b>si tratta di\u00a0Laura Cal\u00f2, Antonio Finamore, Paola Gigante.<br \/>\nLo chiamano accordo su dieci punti di programma, ma a tutti sembra evidente che si tratta di un cambio di casacca. I tre lasciano Grande Lecce e danno vita a \u00a0Prima Lecce, insomma quelle operazioni che in tante occasioni abbiamo visto attuare ai tanti parlamentari \u00a0che abbandonano il loro gruppo per crearne uno nuovo per andare poi a sostenere il Governo.<br \/>\nSono i cosiddette gruppi dei responsabili, nell&#8217;ultimo governo abbiamo visto il gruppo Alfano, che dava vita a NCD, e poi il gruppo ALA di Verdini, andati in soccorso del governo Renzi e Gentiloni. E visto la fine che hanno fatto Alfano, Verdini e company, speriamo che ai nostri tre le cose vadano meglio.<br \/>\nCosa otterranno in cambio i tre transfughi ancora non ci \u00e8 dato di saperlo. Il Sindaco afferma che l&#8217;operazione \u00e8 trasparente e che nulla \u00e8 stato chiesto e nulla sar\u00e0 concesso ai tre consiglieri che con il loro passaggio nella squadra avversa, permetteranno a Salvemini di mantenere la poltrona a Palazzo Carafa.<br \/>\nCerto se un&#8217;operazione simile fosse stata compiuta da un sindaco di destra si sarebbe gridato allo scandalo, alla compravendita di consiglieri, all&#8217;inciucio.<\/p>\n<p>Invece stamattina a Palazzo Carafa, i giornalisti e gli amici di Salvemini presenti alla Conferenza stampa si sono dovuti sorbire un&#8217;intervento dove la retorica del <em>&#8221; tutto alla luce del sole&#8230;un patto sottoscritto nella stanza del sindaco sotto il quadro del Presidente della Repubblica, sotto il simbolo della citt\u00e0 di Lecce&#8230;&#8221;<\/em> hanno ammorbato l&#8217;aria.<br \/>\nMa si sa, se un uomo di destra si appropria di qualcosa, quello \u00e8 un furto, se lo fa uno di sinistra \u00e8 un esproprio proletario; se un ceffone lo da uno di destra \u00e8 violenza inaudita e brutalit\u00e0, se lo fa uno di sinistra e un sacrosanto gesto di ribellione un atto rivoluzionario; se un sindaco di destra porta dalla sua parte dei consiglieri eletti dall&#8217;altra parte e una porcheria, se lo fa uno di sinistra e per il bene della citt\u00e0.<br \/>\nAnche il vicesindaco Delli Noci \u00e8 intervenuto per ribadire quanto gi\u00e0 detto in altre occasioni, circa il fango che ha dovuto scansare, avvertendo i nuovi transfughi che subiranno la stessa sorte, ma che lui li aiuter\u00e0 a superare lo choc iniziale.<br \/>\nInsomma stamani nell&#8217;ascoltare sindaco e vicesindaco, ci siamo sentiti trattati come dei bimbi deficienti a cui \u00a0una semplice operazione di potere, veniva raccontata come la favola bella.<em><br \/>\n<\/em>Ed ecco che mi sovvengono i versi del poeta:<em> &#8230;su i freschi pensieri\u00a0che l\u2019anima schiude\u00a0novella,\u00a0su la favola bella\u00a0che ieri\u00a0t\u2019illuse, che oggi m\u2019illude&#8230;<br \/>\n<\/em><\/p>\n<p>Poi costoro si chiedono come mai, 5 Stelle e Lega, prendono tanti voti, ed il partito di Salvemini stia scomparendo dalla scena politica.______<em><br \/>\n<\/em><\/p>\n<p>LA RICERCA nel nostro aticolo del 23 febbraio<\/p>\n<blockquote class=\"wp-embedded-content\" data-secret=\"v3ICcJynXJ\"><p><a href=\"https:\/\/www.leccecronaca.it\/index.php\/2018\/02\/23\/saluti-e-baci-dalla-thailandia-il-movimento-non-si-muove-al-centro-destra-manca-la-diciassettesima-gamba-e-carlo-salvemini-si-salva\/\">SALUTI E BACI DALLA THAILANDIA, IL MOVIMENTO NON SI MUOVE, AL CENTRO DESTRA MANCA LA DICIASSETTESIMA GAMBA: PERICOLO SCAMPATO PER CARLO SALVEMINI<\/a><\/p><\/blockquote>\n<p><iframe class=\"wp-embedded-content\" sandbox=\"allow-scripts\" security=\"restricted\" style=\"position: absolute; clip: rect(1px, 1px, 1px, 1px);\" src=\"https:\/\/www.leccecronaca.it\/index.php\/2018\/02\/23\/saluti-e-baci-dalla-thailandia-il-movimento-non-si-muove-al-centro-destra-manca-la-diciassettesima-gamba-e-carlo-salvemini-si-salva\/embed\/#?secret=v3ICcJynXJ\" data-secret=\"v3ICcJynXJ\" width=\"500\" height=\"282\" title=\"&#8220;SALUTI E BACI DALLA THAILANDIA, IL MOVIMENTO NON SI MUOVE, AL CENTRO DESTRA MANCA LA DICIASSETTESIMA GAMBA: PERICOLO SCAMPATO PER CARLO SALVEMINI&#8221; &#8212; LecceCronaca.it\" frameborder=\"0\" marginwidth=\"0\" marginheight=\"0\" scrolling=\"no\"><\/iframe><\/p>\n<p>&nbsp;<\/p>\n<fb:like href='https:\/\/www.leccecronaca.it\/index.php\/2018\/03\/24\/lecce-salvemini-recupera-tre-consiglieri-del-centro-destra-ed-ha-la-maggioranza-in-consiglio\/' send='true' layout='button_count' show_faces='true' width='450' height='65' action='recommend' colorscheme='light' font='lucida grande'><\/fb:like><span class=\"fb_share\"><fb:like href=\"https:\/\/www.leccecronaca.it\/index.php\/2018\/03\/24\/lecce-salvemini-recupera-tre-consiglieri-del-centro-destra-ed-ha-la-maggioranza-in-consiglio\/\" layout=\"button_count\"><\/fb:like><\/span>","protected":false},"excerpt":{"rendered":"<p>(g.m.)_______Sono tre i consiglieri comunali che a Lecce dal centro-destra passano con il sindaco Salvemini,\u00a0si tratta di\u00a0Laura Cal\u00f2, Antonio Finamore, Paola Gigante. Lo chiamano accordo su dieci punti di programma, ma a tutti sembra evidente che si tratta di un cambio di casacca. I tre lasciano Grande Lecce e danno vita a \u00a0Prima Lecce, insomma [&hellip;]<\/p>\n","protected":false},"author":4,"featured_media":0,"comment_status":"open","ping_status":"closed","sticky":false,"template":"","format":"standard","meta":[],"categories":[76],"tags":[],"_links":{"self":[{"href":"https:\/\/www.leccecronaca.it\/index.php\/wp-json\/wp\/v2\/posts\/134402"}],"collection":[{"href":"https:\/\/www.leccecronaca.it\/index.php\/wp-json\/wp\/v2\/posts"}],"about":[{"href":"https:\/\/www.leccecronaca.it\/index.php\/wp-json\/wp\/v2\/types\/post"}],"author":[{"embeddable":true,"href":"https:\/\/www.leccecronaca.it\/index.php\/wp-json\/wp\/v2\/users\/4"}],"replies":[{"embeddable":true,"href":"https:\/\/www.leccecronaca.it\/index.php\/wp-json\/wp\/v2\/comments?post=134402"}],"version-history":[{"count":7,"href":"https:\/\/www.leccecronaca.it\/index.php\/wp-json\/wp\/v2\/posts\/134402\/revisions"}],"predecessor-version":[{"id":134423,"href":"https:\/\/www.leccecronaca.it\/index.php\/wp-json\/wp\/v2\/posts\/134402\/revisions\/134423"}],"wp:attachment":[{"href":"https:\/\/www.leccecronaca.it\/index.php\/wp-json\/wp\/v2\/media?parent=134402"}],"wp:term":[{"taxonomy":"category","embeddable":true,"href":"https:\/\/www.leccecronaca.it\/index.php\/wp-json\/wp\/v2\/categories?post=134402"},{"taxonomy":"post_tag","embeddable":true,"href":"https:\/\/www.leccecronaca.it\/index.php\/wp-json\/wp\/v2\/tags?post=134402"}],"curies":[{"name":"wp","href":"https:\/\/api.w.org\/{rel}","templated":true}]}}