{"id":134518,"date":"2018-03-27T19:00:42","date_gmt":"2018-03-27T17:00:42","guid":{"rendered":"http:\/\/www.leccecronaca.it\/?p=134518"},"modified":"2018-03-27T19:00:42","modified_gmt":"2018-03-27T17:00:42","slug":"la-nostra-terra-dei-fuochi-cosi-ci-hanno-avvelenato-il-territorio-la-denuncia-della-lilt","status":"publish","type":"post","link":"https:\/\/www.leccecronaca.it\/index.php\/2018\/03\/27\/la-nostra-terra-dei-fuochi-cosi-ci-hanno-avvelenato-il-territorio-la-denuncia-della-lilt\/","title":{"rendered":"LA NOSTRA TERRA DEI FUOCHI. COSI&#8217; CI HANNO AVVELENATO IL TERRITORIO. LA DENUNCIA DELLA LILT"},"content":{"rendered":"<p><img decoding=\"async\" loading=\"lazy\" class=\"alignnone size-medium wp-image-134519\" src=\"https:\/\/www.leccecronaca.it\/wordpress\/wp-content\/uploads\/2018\/03\/lilt-300x240.jpg\" alt=\"\" width=\"300\" height=\"240\" srcset=\"https:\/\/www.leccecronaca.it\/wordpress\/wp-content\/uploads\/2018\/03\/lilt-300x240.jpg 300w, https:\/\/www.leccecronaca.it\/wordpress\/wp-content\/uploads\/2018\/03\/lilt.jpg 650w\" sizes=\"(max-width: 300px) 100vw, 300px\" \/><\/p>\n<p>di <strong>Vincenzo Corrado_________<\/strong><\/p>\n<p>Il Salento \u00e8 stato avvelenato. La Lilt, la Lega per lotta contro i tumori, conferma che la pi\u00f9 grande preoccupazione che attanaglia il Salento in quest\u2019ultimo periodo sono i veleni nel suolo, e quindi gli effetti che questi veleni provocano sulla salute delle persone e della vegetazione. E anche il luogo da dove questi veleni si sono infiltrati \u00e8 fonte di preoccupazione. Possono provenire dalle fabbriche, dalle centrali, dai pesticidi, o tutt\u2019altro. Si verr\u00e0 a sapere anche se forse \u00e8 gi\u00e0 troppo tardi. <strong>E forse adesso \u00e8 arrivato il momento di spazzare via i promotori di modelli di sviluppo, in campo industriale e in campo agricolo, che ci hanno invasi con questi veleni. I pi\u00f9 pericolosi sono quelli che si sono impossessati di alcune cattedre universitarie, di alcuni istituti di ricerca e monitoraggio, di poltrone mirate nella politica e nei partiti.<\/strong><\/p>\n<p>Intanto lo studio Geneo (sistemi tra di valutazione delle correlazioni tra Genotossicit\u00e0 dei suoli e neoplasie in aree a rischio per la salute umana) \u2013 promosso dalla Lilt, condotto in cooperazione con Universit\u00e0 del Salento, Provincia di Lecce e Asl di Lecce \u2013 ha riscontrato tre inquinanti del territorio: arsenico, berillio e vanadio, analizzando campioni di terra prelevati dai suoli di trentadue Comuni del Salento. Ancorch\u00e9 soprattutto il berillio ed il vanadio sono metalli pesanti enormemente pericolosi e cancerogeni per l\u2019uomo.<\/p>\n<p><em>\u201cL\u2019inquinamento dei suoli del Salento non pu\u00f2 continuare ad essere trascurato e richiede una forte risposta politica anche alla luce della situazione epidemiologica del territorio. \u00c8 necessario individuare i responsabili, per questo gi\u00e0 due anni fa avevamo presentato una mozione per potenziare i sistemi di monitoraggio ambientale sul territorio. Da allora per\u00f2 niente \u00e8 stato fatto\u201d<\/em> dichiara il consigliere del M5S Antonio Trevisi in merito alla questione. Difatti secondo l\u2019ISTAT i dati di mortalit\u00e0 oncologica hanno purtroppo riscontrato un incremento soprattutto nella provincia di Lecce gi\u00e0 da un po\u2019 di tempo; da qui la volont\u00e0 della Lilt di dar vita al progetto.<\/p>\n<p>Ci\u00f2 che \u00e8 emerso dalla ricerca non promette nulla di buono, in quanto, in particolare in alcune zone c\u2019\u00e8 la possibile correlazione tra l\u2019inquinamento del territorio e la situazione epidemiologica della popolazione. <em>\u201cLo studio Geneo ha rivelato un preoccupante stato di contaminazione del suolo in molte parti del Salento: ci\u00f2 fa temere un peggioramento della situazione epidemiologica nel prossimo futuro\u201d<\/em> chiosa Giuseppe Serravezza responsabile del comitato scientifico di Lilt. Dello stesso avviso Antonio Trevisi, dichiarando che<em> \u201cNel Salento il tasso di decessi per tumori \u00e8 elevatissimo e la contaminazione dei terreni potrebbe portare in futuro anche ad un rapido aumento dell\u2019incidenza di tali patologie. Vanno pertanto trovati i responsabili e soluzioni immediate, considerando che si tratta probabilmente di inquinamento atmosferico che viene fissato nei suoli dalle piogge\u201d.<\/em> La situazione sembra ben delineata seppur molti dati sono ancora parziali e la preoccupazione del Salento, ma non solo, sale sempre di pi\u00f9, specie se poi gli interventi concreti tardano ad arrivare. Come \u00e8 possibile che zone definite \u201cverdi\u201d facciano emergere valori, seppur nei limiti della legge, di contaminazione quasi impensabile? Bisogna sperare che questi effetti non si rendano visibili da qui a dieci anni e intanto il Salento invoca e necessita di una risposta.______<\/p>\n<p>LA RICERCA in solo tre, scelti a caso, dei tanti articoli che abbiamo in passato dedicato alla questione<\/p>\n<blockquote class=\"wp-embedded-content\" data-secret=\"FOaHBACrbk\"><p><a href=\"https:\/\/www.leccecronaca.it\/index.php\/2015\/04\/24\/il-presidente-della-lilt-dott-serravezza-scrive-alle-istituzioni-regionale-e-nazionali\/\">IL PRESIDENTE DELLA LILT GIUSEPPE SERRAVEZZA SCRIVE ALLE ISTITUZIONI REGIONALI E NAZIONALI: &#8220;I pesticidi per l&#8217; emrgenza degli ulivi sono un rischio per la salute&#8221;<\/a><\/p><\/blockquote>\n<p><iframe class=\"wp-embedded-content\" sandbox=\"allow-scripts\" security=\"restricted\" style=\"position: absolute; clip: rect(1px, 1px, 1px, 1px);\" src=\"https:\/\/www.leccecronaca.it\/index.php\/2015\/04\/24\/il-presidente-della-lilt-dott-serravezza-scrive-alle-istituzioni-regionale-e-nazionali\/embed\/#?secret=FOaHBACrbk\" data-secret=\"FOaHBACrbk\" width=\"500\" height=\"282\" title=\"&#8220;IL PRESIDENTE DELLA LILT GIUSEPPE SERRAVEZZA SCRIVE ALLE ISTITUZIONI REGIONALI E NAZIONALI: &#8220;I pesticidi per l&#8217; emrgenza degli ulivi sono un rischio per la salute&#8221;&#8221; &#8212; LecceCronaca.it\" frameborder=\"0\" marginwidth=\"0\" marginheight=\"0\" scrolling=\"no\"><\/iframe><\/p>\n<blockquote class=\"wp-embedded-content\" data-secret=\"nxFIzioAqd\"><p><a href=\"https:\/\/www.leccecronaca.it\/index.php\/2017\/10\/27\/ambiente-e-salute-sono-inscindibili-cosi-come-la-medicina-e-la-politica-marianna-burlando-presenta-il-mese-di-prevenzione-della-lilt-di-lecce\/\">&#8220;Ambiente e salute sono inscindibili&#8221;, COSI&#8217; COME LA MEDICINA E LA POLITICA. MARIANNA BURLANDO PRESENTA IL MESE DI PREVENZIONE DELLA LILT DI LECCE<\/a><\/p><\/blockquote>\n<p><iframe class=\"wp-embedded-content\" sandbox=\"allow-scripts\" security=\"restricted\" style=\"position: absolute; clip: rect(1px, 1px, 1px, 1px);\" src=\"https:\/\/www.leccecronaca.it\/index.php\/2017\/10\/27\/ambiente-e-salute-sono-inscindibili-cosi-come-la-medicina-e-la-politica-marianna-burlando-presenta-il-mese-di-prevenzione-della-lilt-di-lecce\/embed\/#?secret=nxFIzioAqd\" data-secret=\"nxFIzioAqd\" width=\"500\" height=\"282\" title=\"&#8220;&#8220;Ambiente e salute sono inscindibili&#8221;, COSI&#8217; COME LA MEDICINA E LA POLITICA. MARIANNA BURLANDO PRESENTA IL MESE DI PREVENZIONE DELLA LILT DI LECCE&#8221; &#8212; LecceCronaca.it\" frameborder=\"0\" marginwidth=\"0\" marginheight=\"0\" scrolling=\"no\"><\/iframe><\/p>\n<blockquote class=\"wp-embedded-content\" data-secret=\"e83FkwIqRD\"><p><a href=\"https:\/\/www.leccecronaca.it\/index.php\/2017\/09\/12\/il-convegno-di-questa-mattina-all-asl-di-lecce-cambia-le-prospettive-della-ricerca-sull-insorgenza-dei-tumori-piu-che-gli-stili-di-vita-successivi-contano-le-esposizioni-ambientali-nei-nove-me\/\">IL CONVEGNO DI QUESTA MATTINA ALL&#8217; ASL DI LECCE CAMBIA LE PROSPETTIVE DELLA RICERCA SULL&#8217; INSORGENZA DEI TUMORI: PIU&#8217; CHE GLI STILI DI VITA SUCCESSIVI, CONTANO LE ESPOSIZIONI AMBIENTALI NEI NOVE MESI NEL GREMBO MATERNO, E DURANTE I PRIMI TRE ANNI DI VITA. PROBLEMATICI NEL SALENTO, ESPOSTO AI VELENI DI ILVA, CERANO, DISCARICHE, DISCARICHE ABISIVE E PESTICIDI<\/a><\/p><\/blockquote>\n<p><iframe class=\"wp-embedded-content\" sandbox=\"allow-scripts\" security=\"restricted\" style=\"position: absolute; clip: rect(1px, 1px, 1px, 1px);\" src=\"https:\/\/www.leccecronaca.it\/index.php\/2017\/09\/12\/il-convegno-di-questa-mattina-all-asl-di-lecce-cambia-le-prospettive-della-ricerca-sull-insorgenza-dei-tumori-piu-che-gli-stili-di-vita-successivi-contano-le-esposizioni-ambientali-nei-nove-me\/embed\/#?secret=e83FkwIqRD\" data-secret=\"e83FkwIqRD\" width=\"500\" height=\"282\" title=\"&#8220;IL CONVEGNO DI QUESTA MATTINA ALL&#8217; ASL DI LECCE CAMBIA LE PROSPETTIVE DELLA RICERCA SULL&#8217; INSORGENZA DEI TUMORI: PIU&#8217; CHE GLI STILI DI VITA SUCCESSIVI, CONTANO LE ESPOSIZIONI AMBIENTALI NEI NOVE MESI NEL GREMBO MATERNO, E DURANTE I PRIMI TRE ANNI DI VITA. PROBLEMATICI NEL SALENTO, ESPOSTO AI VELENI DI ILVA, CERANO, DISCARICHE, DISCARICHE ABISIVE E PESTICIDI&#8221; &#8212; LecceCronaca.it\" frameborder=\"0\" marginwidth=\"0\" marginheight=\"0\" scrolling=\"no\"><\/iframe><\/p>\n<p>&nbsp;<\/p>\n<fb:like href='https:\/\/www.leccecronaca.it\/index.php\/2018\/03\/27\/la-nostra-terra-dei-fuochi-cosi-ci-hanno-avvelenato-il-territorio-la-denuncia-della-lilt\/' send='true' layout='button_count' show_faces='true' width='450' height='65' action='recommend' colorscheme='light' font='lucida grande'><\/fb:like><span class=\"fb_share\"><fb:like href=\"https:\/\/www.leccecronaca.it\/index.php\/2018\/03\/27\/la-nostra-terra-dei-fuochi-cosi-ci-hanno-avvelenato-il-territorio-la-denuncia-della-lilt\/\" layout=\"button_count\"><\/fb:like><\/span>","protected":false},"excerpt":{"rendered":"<p>di Vincenzo Corrado_________ Il Salento \u00e8 stato avvelenato. La Lilt, la Lega per lotta contro i tumori, conferma che la pi\u00f9 grande preoccupazione che attanaglia il Salento in quest\u2019ultimo periodo sono i veleni nel suolo, e quindi gli effetti che questi veleni provocano sulla salute delle persone e della vegetazione. E anche il luogo da [&hellip;]<\/p>\n","protected":false},"author":4,"featured_media":0,"comment_status":"open","ping_status":"closed","sticky":false,"template":"","format":"standard","meta":[],"categories":[69,76],"tags":[],"_links":{"self":[{"href":"https:\/\/www.leccecronaca.it\/index.php\/wp-json\/wp\/v2\/posts\/134518"}],"collection":[{"href":"https:\/\/www.leccecronaca.it\/index.php\/wp-json\/wp\/v2\/posts"}],"about":[{"href":"https:\/\/www.leccecronaca.it\/index.php\/wp-json\/wp\/v2\/types\/post"}],"author":[{"embeddable":true,"href":"https:\/\/www.leccecronaca.it\/index.php\/wp-json\/wp\/v2\/users\/4"}],"replies":[{"embeddable":true,"href":"https:\/\/www.leccecronaca.it\/index.php\/wp-json\/wp\/v2\/comments?post=134518"}],"version-history":[{"count":1,"href":"https:\/\/www.leccecronaca.it\/index.php\/wp-json\/wp\/v2\/posts\/134518\/revisions"}],"predecessor-version":[{"id":134520,"href":"https:\/\/www.leccecronaca.it\/index.php\/wp-json\/wp\/v2\/posts\/134518\/revisions\/134520"}],"wp:attachment":[{"href":"https:\/\/www.leccecronaca.it\/index.php\/wp-json\/wp\/v2\/media?parent=134518"}],"wp:term":[{"taxonomy":"category","embeddable":true,"href":"https:\/\/www.leccecronaca.it\/index.php\/wp-json\/wp\/v2\/categories?post=134518"},{"taxonomy":"post_tag","embeddable":true,"href":"https:\/\/www.leccecronaca.it\/index.php\/wp-json\/wp\/v2\/tags?post=134518"}],"curies":[{"name":"wp","href":"https:\/\/api.w.org\/{rel}","templated":true}]}}