{"id":134566,"date":"2018-03-29T17:50:43","date_gmt":"2018-03-29T15:50:43","guid":{"rendered":"http:\/\/www.leccecronaca.it\/?p=134566"},"modified":"2018-03-29T17:57:54","modified_gmt":"2018-03-29T15:57:54","slug":"dal-consiglio-con-tanto-fin-amore","status":"publish","type":"post","link":"https:\/\/www.leccecronaca.it\/index.php\/2018\/03\/29\/dal-consiglio-con-tanto-fin-amore\/","title":{"rendered":"DAL CONSIGLIO COMUNALE CON TANTO (FIN)AMORE"},"content":{"rendered":"<p><img decoding=\"async\" loading=\"lazy\" class=\"alignnone size-medium wp-image-134567\" src=\"https:\/\/www.leccecronaca.it\/wordpress\/wp-content\/uploads\/2018\/03\/c1-300x225.jpg\" alt=\"\" width=\"300\" height=\"225\" srcset=\"https:\/\/www.leccecronaca.it\/wordpress\/wp-content\/uploads\/2018\/03\/c1-300x225.jpg 300w, https:\/\/www.leccecronaca.it\/wordpress\/wp-content\/uploads\/2018\/03\/c1-768x576.jpg 768w, https:\/\/www.leccecronaca.it\/wordpress\/wp-content\/uploads\/2018\/03\/c1-400x300.jpg 400w, https:\/\/www.leccecronaca.it\/wordpress\/wp-content\/uploads\/2018\/03\/c1.jpg 960w\" sizes=\"(max-width: 300px) 100vw, 300px\" \/><\/p>\n<p><img decoding=\"async\" loading=\"lazy\" class=\"alignnone size-medium wp-image-134568\" src=\"https:\/\/www.leccecronaca.it\/wordpress\/wp-content\/uploads\/2018\/03\/c2-300x225.jpg\" alt=\"\" width=\"300\" height=\"225\" srcset=\"https:\/\/www.leccecronaca.it\/wordpress\/wp-content\/uploads\/2018\/03\/c2-300x225.jpg 300w, https:\/\/www.leccecronaca.it\/wordpress\/wp-content\/uploads\/2018\/03\/c2-768x576.jpg 768w, https:\/\/www.leccecronaca.it\/wordpress\/wp-content\/uploads\/2018\/03\/c2-400x300.jpg 400w, https:\/\/www.leccecronaca.it\/wordpress\/wp-content\/uploads\/2018\/03\/c2.jpg 960w\" sizes=\"(max-width: 300px) 100vw, 300px\" \/><\/p>\n<p>(g.p.)______Consiglio comunale oggi a Lecce, ed &#8216;esordio&#8217; della nuova maggioranza, la famiglia allargata di Carlo Salvemini, di cui sono entrati a far parte i tre transfughi dal centro destra. Chiss\u00e0 perch\u00e8 &#8211; forse perch\u00e9 certi addii sono lenti e dolorosi, e ci va tempo ad elaborare il lutto &#8211; siedono ancora tutti e tre fra i banchi degli ormai ex sodali, anche se hanno costituito il gruppo &#8216;Prima Lecce&#8217;.<\/p>\n<p>In particolare, come si vede nelle foto, che pubblichiamo per gentile concessione dell&#8217; autrice, la collega giornalista Maria Teresa Carrozzo, nei lavori odierni hanno brillato l&#8217; attenzione e la sagacia con cui il neo acquisito al centro &#8211; sinistra, nonch\u00e8 capogruppo di &#8216;Prima Lecce&#8217;, Antonio Finamore ha seguito gli esiti del dibattito.______<\/p>\n<p>LA RICERCA nel nostro articolo di sabato scorso<\/p>\n<blockquote class=\"wp-embedded-content\" data-secret=\"emGUWmJf2L\"><p><a href=\"https:\/\/www.leccecronaca.it\/index.php\/2018\/03\/24\/lecce-salvemini-recupera-tre-consiglieri-del-centro-destra-ed-ha-la-maggioranza-in-consiglio\/\">LECCE: SALVEMINI &#8220;RECUPERA&#8221; TRE CONSIGLIERI DEL CENTRO-DESTRA ED HA LA MAGGIORANZA IN CONSIGLIO<\/a><\/p><\/blockquote>\n<p><iframe class=\"wp-embedded-content\" sandbox=\"allow-scripts\" security=\"restricted\" style=\"position: absolute; clip: rect(1px, 1px, 1px, 1px);\" src=\"https:\/\/www.leccecronaca.it\/index.php\/2018\/03\/24\/lecce-salvemini-recupera-tre-consiglieri-del-centro-destra-ed-ha-la-maggioranza-in-consiglio\/embed\/#?secret=emGUWmJf2L\" data-secret=\"emGUWmJf2L\" width=\"500\" height=\"282\" title=\"&#8220;LECCE: SALVEMINI &#8220;RECUPERA&#8221; TRE CONSIGLIERI DEL CENTRO-DESTRA ED HA LA MAGGIORANZA IN CONSIGLIO&#8221; &#8212; LecceCronaca.it\" frameborder=\"0\" marginwidth=\"0\" marginheight=\"0\" scrolling=\"no\"><\/iframe><\/p>\n<fb:like href='https:\/\/www.leccecronaca.it\/index.php\/2018\/03\/29\/dal-consiglio-con-tanto-fin-amore\/' send='true' layout='button_count' show_faces='true' width='450' height='65' action='recommend' colorscheme='light' font='lucida grande'><\/fb:like><span class=\"fb_share\"><fb:like href=\"https:\/\/www.leccecronaca.it\/index.php\/2018\/03\/29\/dal-consiglio-con-tanto-fin-amore\/\" layout=\"button_count\"><\/fb:like><\/span>","protected":false},"excerpt":{"rendered":"<p>(g.p.)______Consiglio comunale oggi a Lecce, ed &#8216;esordio&#8217; della nuova maggioranza, la famiglia allargata di Carlo Salvemini, di cui sono entrati a far parte i tre transfughi dal centro destra. Chiss\u00e0 perch\u00e8 &#8211; forse perch\u00e9 certi addii sono lenti e dolorosi, e ci va tempo ad elaborare il lutto &#8211; siedono ancora tutti e tre fra [&hellip;]<\/p>\n","protected":false},"author":4,"featured_media":0,"comment_status":"open","ping_status":"closed","sticky":false,"template":"","format":"standard","meta":[],"categories":[69,76],"tags":[],"_links":{"self":[{"href":"https:\/\/www.leccecronaca.it\/index.php\/wp-json\/wp\/v2\/posts\/134566"}],"collection":[{"href":"https:\/\/www.leccecronaca.it\/index.php\/wp-json\/wp\/v2\/posts"}],"about":[{"href":"https:\/\/www.leccecronaca.it\/index.php\/wp-json\/wp\/v2\/types\/post"}],"author":[{"embeddable":true,"href":"https:\/\/www.leccecronaca.it\/index.php\/wp-json\/wp\/v2\/users\/4"}],"replies":[{"embeddable":true,"href":"https:\/\/www.leccecronaca.it\/index.php\/wp-json\/wp\/v2\/comments?post=134566"}],"version-history":[{"count":5,"href":"https:\/\/www.leccecronaca.it\/index.php\/wp-json\/wp\/v2\/posts\/134566\/revisions"}],"predecessor-version":[{"id":134573,"href":"https:\/\/www.leccecronaca.it\/index.php\/wp-json\/wp\/v2\/posts\/134566\/revisions\/134573"}],"wp:attachment":[{"href":"https:\/\/www.leccecronaca.it\/index.php\/wp-json\/wp\/v2\/media?parent=134566"}],"wp:term":[{"taxonomy":"category","embeddable":true,"href":"https:\/\/www.leccecronaca.it\/index.php\/wp-json\/wp\/v2\/categories?post=134566"},{"taxonomy":"post_tag","embeddable":true,"href":"https:\/\/www.leccecronaca.it\/index.php\/wp-json\/wp\/v2\/tags?post=134566"}],"curies":[{"name":"wp","href":"https:\/\/api.w.org\/{rel}","templated":true}]}}