{"id":134574,"date":"2018-03-29T18:39:00","date_gmt":"2018-03-29T16:39:00","guid":{"rendered":"http:\/\/www.leccecronaca.it\/?p=134574"},"modified":"2018-03-29T18:39:00","modified_gmt":"2018-03-29T16:39:00","slug":"le-piu-belle-chiese-aperte-tutto-il-giorno-nei-festivi","status":"publish","type":"post","link":"https:\/\/www.leccecronaca.it\/index.php\/2018\/03\/29\/le-piu-belle-chiese-aperte-tutto-il-giorno-nei-festivi\/","title":{"rendered":"LE PIU&#8217; BELLE CHIESE APERTE TUTTO IL GIORNO NEI FESTIVI"},"content":{"rendered":"<p><img decoding=\"async\" loading=\"lazy\" class=\"alignnone size-medium wp-image-134575\" src=\"https:\/\/www.leccecronaca.it\/wordpress\/wp-content\/uploads\/2018\/03\/Lecce_Santa_Croce-1024x956-300x280.jpg\" alt=\"\" width=\"300\" height=\"280\" srcset=\"https:\/\/www.leccecronaca.it\/wordpress\/wp-content\/uploads\/2018\/03\/Lecce_Santa_Croce-1024x956-300x280.jpg 300w, https:\/\/www.leccecronaca.it\/wordpress\/wp-content\/uploads\/2018\/03\/Lecce_Santa_Croce-1024x956-768x717.jpg 768w, https:\/\/www.leccecronaca.it\/wordpress\/wp-content\/uploads\/2018\/03\/Lecce_Santa_Croce-1024x956.jpg 1024w\" sizes=\"(max-width: 300px) 100vw, 300px\" \/><\/p>\n<p>(Rdl)______A Pasqua, il 25 aprile, il Primo Maggio (e il 27) e il 2 giugno la Basilica di Santa Croce, la Cattedrale di Maria SS. Assunta (Duomo), le Chiese di Sant&#8217;Irene, San Matteo e Santa Chiara resteranno aperte al pubblico tutto il giorno.<\/p>\n<p>Importante, perch\u00e8 \u00e8 alta affluenza di turisti nei giorni festivi.<\/p>\n<p>Lo annuncia il Comune di Lecce, in collaborazione con la Curia.<\/p>\n<p>L&#8217; accordo prevede infatti un contributo economico di 2.000 euro da parte di Palazzo Carafa per garantire l&#8217;apertura nella fascia oraria nella quale le chiese risultano chiuse per indisponibilit\u00e0 del personale preposto all&#8217;apertura e nella quale invece si \u00e8 verificato negli anni scorsi un potenziale consistente afflusso di visitatori. Il contributo coprir\u00e0 il rimborso spese manovalanza per giorno festivo (con maggiorazione del 35% per straordinario), consumi utenze idriche ed elettriche, spese pulizia degli ambienti.<\/p>\n<fb:like href='https:\/\/www.leccecronaca.it\/index.php\/2018\/03\/29\/le-piu-belle-chiese-aperte-tutto-il-giorno-nei-festivi\/' send='true' layout='button_count' show_faces='true' width='450' height='65' action='recommend' colorscheme='light' font='lucida grande'><\/fb:like><span class=\"fb_share\"><fb:like href=\"https:\/\/www.leccecronaca.it\/index.php\/2018\/03\/29\/le-piu-belle-chiese-aperte-tutto-il-giorno-nei-festivi\/\" layout=\"button_count\"><\/fb:like><\/span>","protected":false},"excerpt":{"rendered":"<p>(Rdl)______A Pasqua, il 25 aprile, il Primo Maggio (e il 27) e il 2 giugno la Basilica di Santa Croce, la Cattedrale di Maria SS. Assunta (Duomo), le Chiese di Sant&#8217;Irene, San Matteo e Santa Chiara resteranno aperte al pubblico tutto il giorno. Importante, perch\u00e8 \u00e8 alta affluenza di turisti nei giorni festivi. Lo annuncia [&hellip;]<\/p>\n","protected":false},"author":4,"featured_media":134575,"comment_status":"open","ping_status":"closed","sticky":false,"template":"","format":"standard","meta":[],"categories":[1,69],"tags":[],"_links":{"self":[{"href":"https:\/\/www.leccecronaca.it\/index.php\/wp-json\/wp\/v2\/posts\/134574"}],"collection":[{"href":"https:\/\/www.leccecronaca.it\/index.php\/wp-json\/wp\/v2\/posts"}],"about":[{"href":"https:\/\/www.leccecronaca.it\/index.php\/wp-json\/wp\/v2\/types\/post"}],"author":[{"embeddable":true,"href":"https:\/\/www.leccecronaca.it\/index.php\/wp-json\/wp\/v2\/users\/4"}],"replies":[{"embeddable":true,"href":"https:\/\/www.leccecronaca.it\/index.php\/wp-json\/wp\/v2\/comments?post=134574"}],"version-history":[{"count":1,"href":"https:\/\/www.leccecronaca.it\/index.php\/wp-json\/wp\/v2\/posts\/134574\/revisions"}],"predecessor-version":[{"id":134576,"href":"https:\/\/www.leccecronaca.it\/index.php\/wp-json\/wp\/v2\/posts\/134574\/revisions\/134576"}],"wp:featuredmedia":[{"embeddable":true,"href":"https:\/\/www.leccecronaca.it\/index.php\/wp-json\/wp\/v2\/media\/134575"}],"wp:attachment":[{"href":"https:\/\/www.leccecronaca.it\/index.php\/wp-json\/wp\/v2\/media?parent=134574"}],"wp:term":[{"taxonomy":"category","embeddable":true,"href":"https:\/\/www.leccecronaca.it\/index.php\/wp-json\/wp\/v2\/categories?post=134574"},{"taxonomy":"post_tag","embeddable":true,"href":"https:\/\/www.leccecronaca.it\/index.php\/wp-json\/wp\/v2\/tags?post=134574"}],"curies":[{"name":"wp","href":"https:\/\/api.w.org\/{rel}","templated":true}]}}