{"id":134580,"date":"2018-03-30T01:08:39","date_gmt":"2018-03-29T23:08:39","guid":{"rendered":"http:\/\/www.leccecronaca.it\/?p=134580"},"modified":"2018-03-30T10:37:08","modified_gmt":"2018-03-30T08:37:08","slug":"la-regione-puglia-commissaria-la-fondazione-della-focara","status":"publish","type":"post","link":"https:\/\/www.leccecronaca.it\/index.php\/2018\/03\/30\/la-regione-puglia-commissaria-la-fondazione-della-focara\/","title":{"rendered":"LA REGIONE COMMISSARIA LA FONDAZIONE DELLA FOCARA"},"content":{"rendered":"<p><img decoding=\"async\" loading=\"lazy\" class=\"alignnone size-medium wp-image-71685\" src=\"https:\/\/www.leccecronaca.it\/wordpress\/wp-content\/uploads\/2016\/01\/focara-9025-300x199.jpg\" alt=\"\" width=\"300\" height=\"199\" srcset=\"https:\/\/www.leccecronaca.it\/wordpress\/wp-content\/uploads\/2016\/01\/focara-9025-300x199.jpg 300w, https:\/\/www.leccecronaca.it\/wordpress\/wp-content\/uploads\/2016\/01\/focara-9025.jpg 800w\" sizes=\"(max-width: 300px) 100vw, 300px\" \/><\/p>\n<p>(g.m.)______La parola <b>focara<\/b>\u00a0 \u00e8 un termine dialettale salentino, che sta a indicare un fal\u00f2 di legna da bruciare.<br \/>\nLa pi\u00f9 grande focara si costruisce a Novoli, in occasione dei festeggiamenti in onore del patrono sant&#8217;Antonio Abate. Il 16 gennaio la focara viene accesa da uno spettacolo di fuochi d&#8217;artificio che illuminano a giorno il cielo novolese. L&#8217;evento conosciuto in tutta la Puglia attrae migliaia di spettatori da tutto il sud d&#8217;Italia ed \u00e8 stato oggetto anche di un documentario della National Geographic. Di anno in anno i costruttori della &#8220;focara&#8221; si impegnano a variarne la forma e lasciando a volte un varco centrale, &#8220;la galleria&#8221;, che durante la processione \u00e8 attraversata dal corteo che accompagna la statua del santo.<br \/>\nLa focara \u00e8 formata da almeno 90000 fascine ha un diametro di circa 20 mt e pu\u00f2 raggiungere una altezza di circa 25, il lavoro inizia gi\u00e0 nei primi giorni di dicembre. \u00a0Centinaia di fal\u00f2 vengono costruiti in tutto il Salento, specialmente d&#8217;inverno, per riscaldare le fredde notti dei pellegrini nel giorno della festa del paese, ma la Focara di Novoli \u00e8 il pi\u00f9 grande fal\u00f2 d&#8217;Europa.<br \/>\nLa festa della focara negli ultimi anni \u00e8 cresciuta molto e quindi anche le spese.<\/p>\n<p>Il Presidente della regione Puglia ha commissariato la Fondazione F\u00f2cara, si dice con l&#8217;obiettivo di ripristinare all&#8217;interno dell&#8217;importante fondazione la correttezza delle pratiche amministrative e con esse di salvaguardare il futuro. L&#8217;ente di diritto privato a partecipazione pubblica, che ha tra i soci fondatori l&#8217;Ente regionale, il Comune di Novoli e la Provincia di Lecce, nell&#8217;occuparsi della festa in onore di Sant&#8217;Antonio Abate e della F\u00f2cara, ha raggiunto un disavanzo di quasi 655mila euro.<br \/>\nOra noi ci chiediamo un evento importante come quello della Focara, che attrae turisti da tante parti d&#8217;Italia se non viene sostenuto con generosit\u00e0 dalla Regione, che \u00e8 l&#8217;unico ente che ha a disposizione grandi risorse economiche, come fa a non indebitarsi?<\/p>\n<p>Comunque ecco cosa dice l&#8217;assessore all&#8217;Industria turistica e culturale della Regione Puglia, Loredana Capone:<\/p>\n<p>&#8220;<em>La Regione alcuni mesi fa, in seguito ad un cospicuo contenzioso, ha disposto un&#8217;ispezione ed i rilievi emersi &#8211; aggiunge l&#8217;assessore &#8211; non lasciavano dubbi sulla necessit\u00e0 di commissariare. Siamo cos\u00ec intervenuti nominando una figura istituzionale e di garanzia, Giuseppe Venneri, presidente dell&#8217;ordine dei commercialisti della provincia di Lecce&#8221;<\/em>.&#8221;<em>Venneri avr\u00e0 l&#8217;obiettivo prioritario di individuare<\/em> &#8211; sostiene l&#8217;assessore &#8211; <em>le modalit\u00e0 per procedere al risanamento dell&#8217;Ente, con il necessario coinvolgimento del Comune che esprime la presidenza della fondazione, cos\u00ec da continuare a garantire che Novoli e la Puglia continuino ad avere un evento cos\u00ec importante&#8221;.<\/em><\/p>\n<fb:like href='https:\/\/www.leccecronaca.it\/index.php\/2018\/03\/30\/la-regione-puglia-commissaria-la-fondazione-della-focara\/' send='true' layout='button_count' show_faces='true' width='450' height='65' action='recommend' colorscheme='light' font='lucida grande'><\/fb:like><span class=\"fb_share\"><fb:like href=\"https:\/\/www.leccecronaca.it\/index.php\/2018\/03\/30\/la-regione-puglia-commissaria-la-fondazione-della-focara\/\" layout=\"button_count\"><\/fb:like><\/span>","protected":false},"excerpt":{"rendered":"<p>(g.m.)______La parola focara\u00a0 \u00e8 un termine dialettale salentino, che sta a indicare un fal\u00f2 di legna da bruciare. La pi\u00f9 grande focara si costruisce a Novoli, in occasione dei festeggiamenti in onore del patrono sant&#8217;Antonio Abate. Il 16 gennaio la focara viene accesa da uno spettacolo di fuochi d&#8217;artificio che illuminano a giorno il cielo [&hellip;]<\/p>\n","protected":false},"author":4,"featured_media":0,"comment_status":"open","ping_status":"closed","sticky":false,"template":"","format":"standard","meta":[],"categories":[31,76],"tags":[],"_links":{"self":[{"href":"https:\/\/www.leccecronaca.it\/index.php\/wp-json\/wp\/v2\/posts\/134580"}],"collection":[{"href":"https:\/\/www.leccecronaca.it\/index.php\/wp-json\/wp\/v2\/posts"}],"about":[{"href":"https:\/\/www.leccecronaca.it\/index.php\/wp-json\/wp\/v2\/types\/post"}],"author":[{"embeddable":true,"href":"https:\/\/www.leccecronaca.it\/index.php\/wp-json\/wp\/v2\/users\/4"}],"replies":[{"embeddable":true,"href":"https:\/\/www.leccecronaca.it\/index.php\/wp-json\/wp\/v2\/comments?post=134580"}],"version-history":[{"count":3,"href":"https:\/\/www.leccecronaca.it\/index.php\/wp-json\/wp\/v2\/posts\/134580\/revisions"}],"predecessor-version":[{"id":134583,"href":"https:\/\/www.leccecronaca.it\/index.php\/wp-json\/wp\/v2\/posts\/134580\/revisions\/134583"}],"wp:attachment":[{"href":"https:\/\/www.leccecronaca.it\/index.php\/wp-json\/wp\/v2\/media?parent=134580"}],"wp:term":[{"taxonomy":"category","embeddable":true,"href":"https:\/\/www.leccecronaca.it\/index.php\/wp-json\/wp\/v2\/categories?post=134580"},{"taxonomy":"post_tag","embeddable":true,"href":"https:\/\/www.leccecronaca.it\/index.php\/wp-json\/wp\/v2\/tags?post=134580"}],"curies":[{"name":"wp","href":"https:\/\/api.w.org\/{rel}","templated":true}]}}