{"id":134646,"date":"2018-03-31T12:32:10","date_gmt":"2018-03-31T10:32:10","guid":{"rendered":"http:\/\/www.leccecronaca.it\/?p=134646"},"modified":"2018-03-31T12:48:45","modified_gmt":"2018-03-31T10:48:45","slug":"la-polemica-la-storia-infinita-delle-mura-urbiche-inaugurate-e-aperte-gia-tre-volte-e-poi-chiuse-e-chiuse-resteranno-anche-per-chissa-quanti-mesi-ancora","status":"publish","type":"post","link":"https:\/\/www.leccecronaca.it\/index.php\/2018\/03\/31\/la-polemica-la-storia-infinita-delle-mura-urbiche-inaugurate-e-aperte-gia-tre-volte-e-poi-chiuse-e-chiuse-resteranno-anche-per-chissa-quanti-mesi-ancora\/","title":{"rendered":"LA POLEMICA \/ LA STORIA INFINITA DELLE MURA URBICHE INAUGURATE E APERTE GIA&#8217; TRE VOLTE. E POI CHIUSE. E CHIUSE PER CHISSA&#8217; QUANTI ALTRI MESI ANCORA"},"content":{"rendered":"<p><img decoding=\"async\" loading=\"lazy\" class=\"size-medium wp-image-134647\" src=\"https:\/\/www.leccecronaca.it\/wordpress\/wp-content\/uploads\/2018\/03\/G0052052-300x225.jpg\" alt=\"\" width=\"300\" height=\"225\" srcset=\"https:\/\/www.leccecronaca.it\/wordpress\/wp-content\/uploads\/2018\/03\/G0052052-300x225.jpg 300w, https:\/\/www.leccecronaca.it\/wordpress\/wp-content\/uploads\/2018\/03\/G0052052-1024x768.jpg 1024w, https:\/\/www.leccecronaca.it\/wordpress\/wp-content\/uploads\/2018\/03\/G0052052-768x576.jpg 768w, https:\/\/www.leccecronaca.it\/wordpress\/wp-content\/uploads\/2018\/03\/G0052052-1536x1152.jpg 1536w, https:\/\/www.leccecronaca.it\/wordpress\/wp-content\/uploads\/2018\/03\/G0052052-2048x1536.jpg 2048w, https:\/\/www.leccecronaca.it\/wordpress\/wp-content\/uploads\/2018\/03\/G0052052-400x300.jpg 400w\" sizes=\"(max-width: 300px) 100vw, 300px\" \/><\/p>\n<p>Riceviamo e volentieri pubblichiamo. L&#8217; ufficio &#8211; stampa del Comune di Lecce ci manda il seguente comunicato______<\/p>\n<p>Sulla impossibilit\u00e0 di aprire alle visite il complesso dell&#8217;ex Convento degli Agostiniani e le Mura Urbiche, interviene il vicesindaco e assessore ai Lavori Pubblici Alessandro Delli Noci:<\/p>\n<p><em>\u201cLe Mura Urbiche e il Convento degli Agostiniani non sono beni monumentali recuperati e abbandonati ma progetti ancora non conclusi inaugurati anzitempo a mero scopo elettorale. Appena insediati, dopo un breve periodo di visite straordinarie organizzate per rispondere alle giuste aspettative di tanti cittadini che chiedevano di poter ammirare la bellezza di quei luoghi, abbiamo dovuto chiudere gli ingressi per completare in via definitiva i lavori affinch\u00e9 questa parte cos\u00ec importante del nostro patrimonio architettonico e storico possa essere fruibile a tutti sempre.<\/em><br \/>\n<em>\u00a0<\/em><br \/>\n<em>Nel caso del Convento degli Agostiniani, la ditta sta ultimando i lavori relativi a impianti e finiture. Appena terminati gli stessi l&#8217;opera dovr\u00e0 essere collaudata da un tecnico nominato dal Ministero. Siamo certi di poter consegnare ai leccesi e ai turisti questo meraviglioso monumento entro la fine di giugno. <\/em><\/p>\n<p><em>Per le Mura Urbiche abbiamo firmato proprio due giorni fa il contratto per la fornitura e posa in opera della passerella in acciaio corten, che sar\u00e0 posata entro la prima settimana di maggio. Solo allora potranno riprendere i lavori per ultimare le sistemazioni esterne e a verde. Intanto, si procede gi\u00e0 con i lavori nel giardino di palazzo Giaconia. Anche in questo caso, siamo certi di poter rendere fruibile quest&#8217;opera entro il prossimo luglio, consentendo cos\u00ec ai turisti presenti in citt\u00e0 nel periodo estivo di poter visitare questi due gioielli storici della citt\u00e0\u201d.______<\/em><\/p>\n<p>(g.p.)_______Certo, ci vorrebbe il mitico Emilio Fede del telegiornale di Rete 4 a commentare<\/p>\n<p><iframe loading=\"lazy\" width=\"500\" height=\"281\" src=\"https:\/\/www.youtube.com\/embed\/ZxpHUCAbQpI?feature=oembed\" frameborder=\"0\" allow=\"autoplay; encrypted-media\" allowfullscreen><\/iframe><\/p>\n<p>non il povero direttore di leccecronaca.it. Che pure per\u00f2 nel suo piccolo tiene a disposizione l&#8217; archivio del nostro giornale, e qualcosa da chiosare ce l&#8217;ha.<\/p>\n<p>Allora, vicende come queste la dicono lunga sulla considerazione operativa che la Citt\u00e0 ha del turismo, Lecce che di turismo e basta potrebbe vivere e agevolmente e per tutti.<\/p>\n<p>I lavori infiniti sono una delle piaghe di cui il turismo leccese \u00e8 affetto.<\/p>\n<p>Poi, per non farci mancare nulla, facciamo delle robe incredibili.<\/p>\n<p>Le mura urbiche inaugurate giorno 1 giugno 2017, per esempio. Certo, ha ragione qui Alessandro Delli Noci, fu una trovata propagandistica di Paolo Perrone, dagli effetti catastrofici per il buon nome della Citt\u00e0, perch\u00e8 nei giorni seguenti i turisti che lessero quanto pubblicato dai mass media e andarono a visitare, e si trovarono di fronte palizzate, cancellate e inferriate.<\/p>\n<p>Per\u00f2 almeno quelli i lavori li avevano fatti quasi tutti, fatti e quasi finiti&#8230;<\/p>\n<p>Quel che Alessandro Delli Noci non dice \u00e8 che sono passati nove mesi da quando lui \u00e8 rsponsabile dei lavori pubblici. In un mese negli Stati Uniti d&#8217; America costruiscono un palazzo, in tre un grattacielo, in nove mesi un intero quartiere di una citt\u00e0.<\/p>\n<p>Possibile che egli non sia riuscito a ultimare dei semplici lavori di rifinitura, in quella che doveva essere una priorit\u00e0, se non la priorit\u00e0?<\/p>\n<p>Inoltre, a riprova del fatto che questa nuova amministrazione i problemi finora li ha risolti con i comunicati stampa, nei comunicati stampa del 7 luglio e del 9 settembre fu annunciato che le mure urbiche sarebbero state fruibili dai visitatori, sia pure a orari ridotti.<\/p>\n<p>Ora, se pure nei festivi, a luglio, e se pure a ore a settembre, le mura urbiche fuono rese fruibili allora, perch\u00e9 poi tutto \u00e8 stato bloccato di nuovo? E chiss\u00e0 fino a quando lo sar\u00e0, visto che siamo ancora alla fase della firma dei contratti con le ditte incaricate dei lavori di rifinitura: scommettimo che passer\u00e0 pure la prossima estate? Basta fare un semplice proiezione temporale: se in nove mesi sono, da appena due giorni, riusciti solamente a firmare un contratto&#8230;<\/p>\n<p>Per quanto riguarda gli Agostiniani, il mistero \u00e8, se possibile, ancora pi\u00f9 fitto.<\/p>\n<p>Non si capisce che cosa bisognasse fare per consegnare il bene ai cittadini e perch\u00e9 non \u00e8 stato fatto in nove mesi.<\/p>\n<p>Il collaudo? Il collaudo di che?<\/p>\n<p>E non si capisce perch\u00e8 ai cittadini il bene architettonico non \u00e8 stato reso fruibile, per\u00f2 \u00e8 stato reso fruibile per centinaia di persone\u00a0da gioved\u00ec 22 a sabato 24 febbraio per un nutrito calendario di conferenze, seminari, corsi e incontri per gli operatori turistici, della rassegna BTM 2018.<\/p>\n<p>Chiss\u00e0 se agli operatori turistici internazionali avranno rccontato la storia delle mura urbiche inaugurate gi\u00e0 tre volte, per\u00f2 ancora chiuse&#8230;<\/p>\n<p>&nbsp;<\/p>\n<p>&nbsp;<\/p>\n<p>&nbsp;<\/p>\n<fb:like href='https:\/\/www.leccecronaca.it\/index.php\/2018\/03\/31\/la-polemica-la-storia-infinita-delle-mura-urbiche-inaugurate-e-aperte-gia-tre-volte-e-poi-chiuse-e-chiuse-resteranno-anche-per-chissa-quanti-mesi-ancora\/' send='true' layout='button_count' show_faces='true' width='450' height='65' action='recommend' colorscheme='light' font='lucida grande'><\/fb:like><span class=\"fb_share\"><fb:like href=\"https:\/\/www.leccecronaca.it\/index.php\/2018\/03\/31\/la-polemica-la-storia-infinita-delle-mura-urbiche-inaugurate-e-aperte-gia-tre-volte-e-poi-chiuse-e-chiuse-resteranno-anche-per-chissa-quanti-mesi-ancora\/\" layout=\"button_count\"><\/fb:like><\/span>","protected":false},"excerpt":{"rendered":"<p>Riceviamo e volentieri pubblichiamo. L&#8217; ufficio &#8211; stampa del Comune di Lecce ci manda il seguente comunicato______ Sulla impossibilit\u00e0 di aprire alle visite il complesso dell&#8217;ex Convento degli Agostiniani e le Mura Urbiche, interviene il vicesindaco e assessore ai Lavori Pubblici Alessandro Delli Noci: \u201cLe Mura Urbiche e il Convento degli Agostiniani non sono beni [&hellip;]<\/p>\n","protected":false},"author":4,"featured_media":134647,"comment_status":"open","ping_status":"closed","sticky":false,"template":"","format":"standard","meta":[],"categories":[69,76,36],"tags":[],"_links":{"self":[{"href":"https:\/\/www.leccecronaca.it\/index.php\/wp-json\/wp\/v2\/posts\/134646"}],"collection":[{"href":"https:\/\/www.leccecronaca.it\/index.php\/wp-json\/wp\/v2\/posts"}],"about":[{"href":"https:\/\/www.leccecronaca.it\/index.php\/wp-json\/wp\/v2\/types\/post"}],"author":[{"embeddable":true,"href":"https:\/\/www.leccecronaca.it\/index.php\/wp-json\/wp\/v2\/users\/4"}],"replies":[{"embeddable":true,"href":"https:\/\/www.leccecronaca.it\/index.php\/wp-json\/wp\/v2\/comments?post=134646"}],"version-history":[{"count":7,"href":"https:\/\/www.leccecronaca.it\/index.php\/wp-json\/wp\/v2\/posts\/134646\/revisions"}],"predecessor-version":[{"id":134654,"href":"https:\/\/www.leccecronaca.it\/index.php\/wp-json\/wp\/v2\/posts\/134646\/revisions\/134654"}],"wp:featuredmedia":[{"embeddable":true,"href":"https:\/\/www.leccecronaca.it\/index.php\/wp-json\/wp\/v2\/media\/134647"}],"wp:attachment":[{"href":"https:\/\/www.leccecronaca.it\/index.php\/wp-json\/wp\/v2\/media?parent=134646"}],"wp:term":[{"taxonomy":"category","embeddable":true,"href":"https:\/\/www.leccecronaca.it\/index.php\/wp-json\/wp\/v2\/categories?post=134646"},{"taxonomy":"post_tag","embeddable":true,"href":"https:\/\/www.leccecronaca.it\/index.php\/wp-json\/wp\/v2\/tags?post=134646"}],"curies":[{"name":"wp","href":"https:\/\/api.w.org\/{rel}","templated":true}]}}