{"id":135099,"date":"2018-04-10T18:01:20","date_gmt":"2018-04-10T16:01:20","guid":{"rendered":"http:\/\/www.leccecronaca.it\/?p=135099"},"modified":"2018-04-18T10:44:50","modified_gmt":"2018-04-18T08:44:50","slug":"le-piccole-cose-di-wislawa","status":"publish","type":"post","link":"https:\/\/www.leccecronaca.it\/index.php\/2018\/04\/10\/le-piccole-cose-di-wislawa\/","title":{"rendered":"&#8220;Le piccole cose di Wis\u0142awa&#8221;"},"content":{"rendered":"<p><img decoding=\"async\" loading=\"lazy\" class=\"alignleft size-full wp-image-135100\" src=\"https:\/\/www.leccecronaca.it\/wordpress\/wp-content\/uploads\/2018\/04\/30118736_1905422226168593_1559722631_n.jpg\" alt=\"\" width=\"349\" height=\"480\" srcset=\"https:\/\/www.leccecronaca.it\/wordpress\/wp-content\/uploads\/2018\/04\/30118736_1905422226168593_1559722631_n.jpg 349w, https:\/\/www.leccecronaca.it\/wordpress\/wp-content\/uploads\/2018\/04\/30118736_1905422226168593_1559722631_n-218x300.jpg 218w\" sizes=\"(max-width: 349px) 100vw, 349px\" \/><\/p>\n<p>&nbsp;<\/p>\n<p>&nbsp;<\/p>\n<p>&nbsp;<\/p>\n<p>&nbsp;<\/p>\n<p>&nbsp;<\/p>\n<p>&nbsp;<\/p>\n<p>&nbsp;<\/p>\n<p>&nbsp;<\/p>\n<p>&nbsp;<\/p>\n<p>&nbsp;<\/p>\n<p>&nbsp;<\/p>\n<p>&nbsp;<\/p>\n<p>&nbsp;<\/p>\n<p>&nbsp;<\/p>\n<p>&nbsp;<\/p>\n<p>&nbsp;<\/p>\n<p>di <strong>Mario Pugliese e Nicola Vacca______<\/strong><\/p>\n<p>(per gentile concessione degli autori e dell\u2019 editore, pubblichiamo qui di seguito uno dei ritratti, sia poetici, sia artistici, del libro che esce domani, mercoled\u00ec 11 aprile 2018\u00a0<strong>&#8220;Dal tratto alle parole&#8221;<\/strong>, edito da <strong>i Quaderni del Bardo<\/strong> di Stefano Donno, 56 pagg. 10 euro)______<\/p>\n<p><em>Tutti i non so della poesia<\/em><br \/>\n<em>senza desiderare una risposta.<\/em><br \/>\n<em>Nel mondo quotidiano delle piccole cose<\/em><br \/>\n<em>degli oggetti e delle persone<\/em><br \/>\n<em>Wis\u0142awa coltiva dubbi<\/em><br \/>\n<em>davanti allo stupore di tutto quello che accade.<\/em><br \/>\n<em>Ameremo per sempre l\u2019alfabeto<\/em><br \/>\n<em>che inciampa umile<\/em><br \/>\n<em>nelle vertebre di ogni giorno<\/em><br \/>\n<em>magari abbracciando la nudit\u00e0 delle parole<\/em><br \/>\n<em>che spesso ignoriamo perch\u00e9 abbiamo paura<\/em><br \/>\n<em>di chiedere scusa con un sorriso.<\/em><\/p>\n<p>______<\/p>\n<p>(g.p.)______Che emozione! Ma che cosa bella!! Un&#8217; opera d&#8217; arte, ecco, pi\u00f9 che un libro!!! Da collezionare nella biblioteca della memoria. Io, mi sono rivisto come se fosse ieri la\u00a0Szymborska ante fama internazionale da premio Nobel, giovane ospite di un reading letterario a Torino, a coltivare dubbi con il suo umile lessico personale, e con i suoi semplici sorrisi, che frantumavano le barriere linguistiche.<\/p>\n<p>I libri, non sono di chi li scrive, o di chi li stampa, ma di chi li legge.<\/p>\n<p>Ognuno dei lettori di questo <strong>&#8220;<\/strong><em><strong>Dal tratto alle parole&#8221;<\/strong>\u00a0<\/em>potr\u00e0 ricavare le sue proprie emozioni, di riflessioni in solitudine, di soliloqui intessuti fra le pagine chiare e le pagine scure della propria esistenza, dove sempre qualcosa rimane. E ora, ci sono le preziose pagine di questo libro, a sollecitarle.<\/p>\n<p><strong>Nicola Vacca<\/strong>, una delle voci pi\u00f9 autorevoli della poesia contemporanea, infaticabile animatore culturale, e <strong>Mario Pugliese<\/strong>, affermato artista e grafico pubblicitario, si sfidano, a colpi di <strong>interpretazioni poetiche<\/strong>, il primo, e di <strong>ritratti<\/strong>, il secondo, a richiamare alla memoria di frammenti d&#8217; eternit\u00e0 alcuni grandi autori del Novecento, l\u00e0 dove risiedono le radici della nostra identit\u00e0 di contemporanei.<\/p>\n<p>Sono sedici, e non voglio levare il piacere della scoperta. Ma sono tutti <em>&#8220;in grado di soffiare sul fuoco delle verit\u00e0 sopite e di riscaldare\u00a0le nostre coscienze&#8221;<\/em>, come scrive Alessandro Vergari nella prefazione a questo volume; e &#8220;<em>figure che propongono emblemi, e non solo, di pensiero ed emozione&#8221;<\/em>, come li definisce nella postfazione Giuseppe Scaglione.<\/p>\n<p>&#8220;Dal tratto alle parole&#8221; d\u00e0 prestigio pure al suo editore leccese, <strong>Stefano Donn<\/strong>o, che continua a sorprendere per la qualit\u00e0 delle proposte, perch\u00e8 fa fare un ulteriore salto di qualit\u00e0 a iQdB, i Quaderni del Bardo edizioni.<\/p>\n<p>Il libro per ora pu\u00f2 essere richiesto via mail direttamente a: iquadernidelbardoed@libero.it<\/p>\n<p>Poi presto sar\u00e0 pure disponibile su Ibs via internet, e negli altri canali di distribuzione.<\/p>\n<p><img decoding=\"async\" loading=\"lazy\" class=\"alignleft size-full wp-image-135101\" src=\"https:\/\/www.leccecronaca.it\/wordpress\/wp-content\/uploads\/2018\/04\/cover.jpg\" alt=\"\" width=\"1256\" height=\"1384\" srcset=\"https:\/\/www.leccecronaca.it\/wordpress\/wp-content\/uploads\/2018\/04\/cover.jpg 1256w, https:\/\/www.leccecronaca.it\/wordpress\/wp-content\/uploads\/2018\/04\/cover-272x300.jpg 272w, https:\/\/www.leccecronaca.it\/wordpress\/wp-content\/uploads\/2018\/04\/cover-929x1024.jpg 929w, https:\/\/www.leccecronaca.it\/wordpress\/wp-content\/uploads\/2018\/04\/cover-768x846.jpg 768w\" sizes=\"(max-width: 1256px) 100vw, 1256px\" \/><\/p>\n<fb:like href='https:\/\/www.leccecronaca.it\/index.php\/2018\/04\/10\/le-piccole-cose-di-wislawa\/' send='true' layout='button_count' show_faces='true' width='450' height='65' action='recommend' colorscheme='light' font='lucida grande'><\/fb:like><span class=\"fb_share\"><fb:like href=\"https:\/\/www.leccecronaca.it\/index.php\/2018\/04\/10\/le-piccole-cose-di-wislawa\/\" layout=\"button_count\"><\/fb:like><\/span>","protected":false},"excerpt":{"rendered":"<p>&nbsp; &nbsp; &nbsp; &nbsp; &nbsp; &nbsp; &nbsp; &nbsp; &nbsp; &nbsp; &nbsp; &nbsp; &nbsp; &nbsp; &nbsp; &nbsp; di Mario Pugliese e Nicola Vacca______ (per gentile concessione degli autori e dell\u2019 editore, pubblichiamo qui di seguito uno dei ritratti, sia poetici, sia artistici, del libro che esce domani, mercoled\u00ec 11 aprile 2018\u00a0&#8220;Dal tratto alle parole&#8221;, edito da [&hellip;]<\/p>\n","protected":false},"author":4,"featured_media":0,"comment_status":"open","ping_status":"closed","sticky":false,"template":"","format":"standard","meta":[],"categories":[1,31,57],"tags":[],"_links":{"self":[{"href":"https:\/\/www.leccecronaca.it\/index.php\/wp-json\/wp\/v2\/posts\/135099"}],"collection":[{"href":"https:\/\/www.leccecronaca.it\/index.php\/wp-json\/wp\/v2\/posts"}],"about":[{"href":"https:\/\/www.leccecronaca.it\/index.php\/wp-json\/wp\/v2\/types\/post"}],"author":[{"embeddable":true,"href":"https:\/\/www.leccecronaca.it\/index.php\/wp-json\/wp\/v2\/users\/4"}],"replies":[{"embeddable":true,"href":"https:\/\/www.leccecronaca.it\/index.php\/wp-json\/wp\/v2\/comments?post=135099"}],"version-history":[{"count":8,"href":"https:\/\/www.leccecronaca.it\/index.php\/wp-json\/wp\/v2\/posts\/135099\/revisions"}],"predecessor-version":[{"id":135109,"href":"https:\/\/www.leccecronaca.it\/index.php\/wp-json\/wp\/v2\/posts\/135099\/revisions\/135109"}],"wp:attachment":[{"href":"https:\/\/www.leccecronaca.it\/index.php\/wp-json\/wp\/v2\/media?parent=135099"}],"wp:term":[{"taxonomy":"category","embeddable":true,"href":"https:\/\/www.leccecronaca.it\/index.php\/wp-json\/wp\/v2\/categories?post=135099"},{"taxonomy":"post_tag","embeddable":true,"href":"https:\/\/www.leccecronaca.it\/index.php\/wp-json\/wp\/v2\/tags?post=135099"}],"curies":[{"name":"wp","href":"https:\/\/api.w.org\/{rel}","templated":true}]}}