{"id":135132,"date":"2018-04-10T22:14:43","date_gmt":"2018-04-10T20:14:43","guid":{"rendered":"http:\/\/www.leccecronaca.it\/?p=135132"},"modified":"2018-04-11T10:46:57","modified_gmt":"2018-04-11T08:46:57","slug":"il-cantautore-giuseppe-povia-a-lecce-quando-liberta-fa-rima-con-solidarieta","status":"publish","type":"post","link":"https:\/\/www.leccecronaca.it\/index.php\/2018\/04\/10\/il-cantautore-giuseppe-povia-a-lecce-quando-liberta-fa-rima-con-solidarieta\/","title":{"rendered":"DOPO LE POLEMICHE \/ IL CANTAUTORE GIUSEPPE POVIA A LECCE. QUANDO LIBERTA&#8217; FA RIMA CON SOLIDARIETA&#8217;"},"content":{"rendered":"<p><img decoding=\"async\" loading=\"lazy\" class=\"alignleft size-full wp-image-135133\" src=\"https:\/\/www.leccecronaca.it\/wordpress\/wp-content\/uploads\/2018\/04\/povia-foto-melcore.jpg\" alt=\"\" width=\"805\" height=\"1500\" srcset=\"https:\/\/www.leccecronaca.it\/wordpress\/wp-content\/uploads\/2018\/04\/povia-foto-melcore.jpg 805w, https:\/\/www.leccecronaca.it\/wordpress\/wp-content\/uploads\/2018\/04\/povia-foto-melcore-161x300.jpg 161w, https:\/\/www.leccecronaca.it\/wordpress\/wp-content\/uploads\/2018\/04\/povia-foto-melcore-550x1024.jpg 550w, https:\/\/www.leccecronaca.it\/wordpress\/wp-content\/uploads\/2018\/04\/povia-foto-melcore-768x1431.jpg 768w\" sizes=\"(max-width: 805px) 100vw, 805px\" \/>Riceviamo e volentieri pubblichiamo______<br \/>\nPovia a Lecce il 22 aprile: concerto organizzato da Paolo Pagliaro<\/p>\n<p>L\u2019artista Giuseppe Povia sar\u00e0 a Lecce domenica 22 aprile e si esibir\u00e0 presso le Officine Cantelmo, Viale Michele de Pietro 12, alle ore 20:30. Il concerto \u00e8 stato organizzato\u00a0 da Paolo Pagliaro e rappresenter\u00e0 un momento di confronto in totale libert\u00e0 su temi di attualit\u00e0 attraverso le note delle canzoni dell\u2019artista che non percepir\u00e0 nessun compenso e prester\u00e0 la sua opera a scopo completamente benefico.<br \/>\nIngresso gratuito. Ci saranno i salvadanai di Cuore Amico dove poter lasciare un\u2019offerta libera, il ricavato andr\u00e0 interamente in beneficenza. \u00abCome avevo promesso, in occasione della cancellazione del concerto di Povia, che si sarebbe dovuto esibire al Teatro Paisiello, ho invitato l\u2019artista che ha accettato con entusiasmo e sar\u00e0 a Lecce, domenica 22 aprile, per una serata in nome della libert\u00e0, della democrazia, e della beneficenza.\u00a0 \u2013 Afferma Paolo Pagliaro &#8211; Sar\u00e0 una momento di festa per tutti i partecipanti che potranno ascoltare l\u2019arte di Povia che con le sue canzoni tratta argomenti importanti, legati a valori autentici, con la leggerezza che solo la musica pu\u00f2 dare. Ringrazio l\u2019artista per la sensibilit\u00e0 dimostrata verso la causa di Cuore Amico, non percepir\u00e0 nessun compenso e si esibir\u00e0, infatti, a scopo benefico; siete tutti invitati alle Officine Cantelmo. Ingresso gratuito. Ci saranno i salvadanai di Cuore Amico per le libere offerte, il ricavato sar\u00e0 devoluto interamente ai bimbi speciali e alle loro famiglie. \u2013 Conclude Pagliaro &#8211;\u00a0 La libert\u00e0 come valore universale non deve mai essere messa a tacere da chi vuole omologare il pensiero altrui\u00bb.<\/p>\n<p>&nbsp;<\/p>\n<fb:like href='https:\/\/www.leccecronaca.it\/index.php\/2018\/04\/10\/il-cantautore-giuseppe-povia-a-lecce-quando-liberta-fa-rima-con-solidarieta\/' send='true' layout='button_count' show_faces='true' width='450' height='65' action='recommend' colorscheme='light' font='lucida grande'><\/fb:like><span class=\"fb_share\"><fb:like href=\"https:\/\/www.leccecronaca.it\/index.php\/2018\/04\/10\/il-cantautore-giuseppe-povia-a-lecce-quando-liberta-fa-rima-con-solidarieta\/\" layout=\"button_count\"><\/fb:like><\/span>","protected":false},"excerpt":{"rendered":"<p>Riceviamo e volentieri pubblichiamo______ Povia a Lecce il 22 aprile: concerto organizzato da Paolo Pagliaro L\u2019artista Giuseppe Povia sar\u00e0 a Lecce domenica 22 aprile e si esibir\u00e0 presso le Officine Cantelmo, Viale Michele de Pietro 12, alle ore 20:30. Il concerto \u00e8 stato organizzato\u00a0 da Paolo Pagliaro e rappresenter\u00e0 un momento di confronto in totale [&hellip;]<\/p>\n","protected":false},"author":4,"featured_media":0,"comment_status":"open","ping_status":"closed","sticky":false,"template":"","format":"standard","meta":[],"categories":[31,75],"tags":[],"_links":{"self":[{"href":"https:\/\/www.leccecronaca.it\/index.php\/wp-json\/wp\/v2\/posts\/135132"}],"collection":[{"href":"https:\/\/www.leccecronaca.it\/index.php\/wp-json\/wp\/v2\/posts"}],"about":[{"href":"https:\/\/www.leccecronaca.it\/index.php\/wp-json\/wp\/v2\/types\/post"}],"author":[{"embeddable":true,"href":"https:\/\/www.leccecronaca.it\/index.php\/wp-json\/wp\/v2\/users\/4"}],"replies":[{"embeddable":true,"href":"https:\/\/www.leccecronaca.it\/index.php\/wp-json\/wp\/v2\/comments?post=135132"}],"version-history":[{"count":2,"href":"https:\/\/www.leccecronaca.it\/index.php\/wp-json\/wp\/v2\/posts\/135132\/revisions"}],"predecessor-version":[{"id":135138,"href":"https:\/\/www.leccecronaca.it\/index.php\/wp-json\/wp\/v2\/posts\/135132\/revisions\/135138"}],"wp:attachment":[{"href":"https:\/\/www.leccecronaca.it\/index.php\/wp-json\/wp\/v2\/media?parent=135132"}],"wp:term":[{"taxonomy":"category","embeddable":true,"href":"https:\/\/www.leccecronaca.it\/index.php\/wp-json\/wp\/v2\/categories?post=135132"},{"taxonomy":"post_tag","embeddable":true,"href":"https:\/\/www.leccecronaca.it\/index.php\/wp-json\/wp\/v2\/tags?post=135132"}],"curies":[{"name":"wp","href":"https:\/\/api.w.org\/{rel}","templated":true}]}}