{"id":135146,"date":"2018-04-11T12:15:12","date_gmt":"2018-04-11T10:15:12","guid":{"rendered":"http:\/\/www.leccecronaca.it\/?p=135146"},"modified":"2018-04-18T10:46:27","modified_gmt":"2018-04-18T08:46:27","slug":"un-idea-di-raffaele-polo-per-i-lettori-di-leccecronaca-it","status":"publish","type":"post","link":"https:\/\/www.leccecronaca.it\/index.php\/2018\/04\/11\/un-idea-di-raffaele-polo-per-i-lettori-di-leccecronaca-it\/","title":{"rendered":"UN&#8217; IDEA DI RAFFAELE POLO, PER I LETTORI DI leccecronaca.it"},"content":{"rendered":"<p><img decoding=\"async\" loading=\"lazy\" class=\"alignleft size-full wp-image-135147\" src=\"https:\/\/www.leccecronaca.it\/wordpress\/wp-content\/uploads\/2018\/04\/10305428_10204385824718793_9191851333419272364_n.jpg\" alt=\"\" width=\"676\" height=\"429\" srcset=\"https:\/\/www.leccecronaca.it\/wordpress\/wp-content\/uploads\/2018\/04\/10305428_10204385824718793_9191851333419272364_n.jpg 676w, https:\/\/www.leccecronaca.it\/wordpress\/wp-content\/uploads\/2018\/04\/10305428_10204385824718793_9191851333419272364_n-300x190.jpg 300w\" sizes=\"(max-width: 676px) 100vw, 676px\" \/>Ai miei 25 lettori.<\/p>\n<p>Abbiamo iniziato, qualche tempo fa, con Arturo Leva, lo sfortunato poeta leccese nato cento anni fa e scomparso prematuramente a soli 39 anni. Adesso, vorremmo seguire questo itinerario di poeti e scrittori che hanno dedicato la loro vita, le loro opere al Salento ed a Lecce, non solo scrivendo in dialetto ma, soprattutto, <strong>ambientando nella nostra realt\u00e0, storie e fantasie<\/strong> che, magari, sono cadute nel dimenticatoio.<\/p>\n<p>Niente critica letteraria, per carit\u00e0. Ma solo un discorso legato alla conoscenza ed alla frequentazione di chi ha amato (e ama) la propria terra, tanto da renderla protagonista dei propri sogni, delle proprie creazioni. Cercando di raggiungere un semplice obiettivo: far conoscere i protagonisti della nostra per nulla trascurabile storia letteraria, scrollandoci da dosso il pregiudizio che la nostra \u00e8 una cultura, una storia, una realt\u00e0 di serie B. Non \u00e8 cos\u00ec: il Salento ha una spessa dignit\u00e0 culturale che, per\u00f2, \u00e8 poco conosciuta proprio dai suoi figli.<\/p>\n<p>Perci\u00f2, mi prendo il non facile impegno di proporvi, senza scadenze fisse ma con assicurata lealt\u00e0 al progetto, una serie di \u2018pezzi\u2019 su questi argomenti. Il piacere sar\u00e0 soprattutto mio, perch\u00e9 potr\u00f2 incontrare, ancora una volta, i miei beniamini. Senza trascurare i tanti, attuali estensori di \u2018salentinit\u00e0\u2019 che hanno formato un vero e proprio Rinascimento culturale nella nostra realt\u00e0 degli ultimi venti, trenta anni.<\/p>\n<p>Aspettatevi, allora, qualche articolo che, ve lo garantisco, rinverdir\u00e0 la vostra voglia di essere un tutt\u2019uno con questa meravigliosa terra che ha tanti pregi, tante bellezze ma soffre di tantissime omissioni e non ha avuto la possibilit\u00e0 di serbare nella sua memoria storica tanti nomi che lo avrebbero meritato.<\/p>\n<p>Bando alle ciance, allora. E cominciamo subito con un piccolo quesito: come titolare questa rubrica?<\/p>\n<p>Io avrei pensato a qualcosa come \u2018Leccecronache letterarie\u2019 proprio per mantenere il \u2018logo\u2019 che ci contraddistingue e l\u2019anima del discorso intrapreso. Anche se quel \u2018letterarie\u2019 potrebbe far spaventare i non addetti ai lavori\u2026 E allora \u2018Leccecronache di versi e parole\u2019? No, non ci siamo. Che ne dite di \u2018il Salento e i suoi Autori\u2019? Ecco, ci sembra che possa andare. Lasciamola cos\u00ec, allora.<\/p>\n<p>E, tra qualche tempo, iniziamo il nostro discorso.<\/p>\n<p>A presto da<\/p>\n<p><strong>Raffaele Polo<\/strong><\/p>\n<fb:like href='https:\/\/www.leccecronaca.it\/index.php\/2018\/04\/11\/un-idea-di-raffaele-polo-per-i-lettori-di-leccecronaca-it\/' send='true' layout='button_count' show_faces='true' width='450' height='65' action='recommend' colorscheme='light' font='lucida grande'><\/fb:like><span class=\"fb_share\"><fb:like href=\"https:\/\/www.leccecronaca.it\/index.php\/2018\/04\/11\/un-idea-di-raffaele-polo-per-i-lettori-di-leccecronaca-it\/\" layout=\"button_count\"><\/fb:like><\/span>","protected":false},"excerpt":{"rendered":"<p>Ai miei 25 lettori. Abbiamo iniziato, qualche tempo fa, con Arturo Leva, lo sfortunato poeta leccese nato cento anni fa e scomparso prematuramente a soli 39 anni. Adesso, vorremmo seguire questo itinerario di poeti e scrittori che hanno dedicato la loro vita, le loro opere al Salento ed a Lecce, non solo scrivendo in dialetto [&hellip;]<\/p>\n","protected":false},"author":4,"featured_media":135148,"comment_status":"open","ping_status":"closed","sticky":false,"template":"","format":"standard","meta":[],"categories":[31,57],"tags":[],"_links":{"self":[{"href":"https:\/\/www.leccecronaca.it\/index.php\/wp-json\/wp\/v2\/posts\/135146"}],"collection":[{"href":"https:\/\/www.leccecronaca.it\/index.php\/wp-json\/wp\/v2\/posts"}],"about":[{"href":"https:\/\/www.leccecronaca.it\/index.php\/wp-json\/wp\/v2\/types\/post"}],"author":[{"embeddable":true,"href":"https:\/\/www.leccecronaca.it\/index.php\/wp-json\/wp\/v2\/users\/4"}],"replies":[{"embeddable":true,"href":"https:\/\/www.leccecronaca.it\/index.php\/wp-json\/wp\/v2\/comments?post=135146"}],"version-history":[{"count":1,"href":"https:\/\/www.leccecronaca.it\/index.php\/wp-json\/wp\/v2\/posts\/135146\/revisions"}],"predecessor-version":[{"id":135149,"href":"https:\/\/www.leccecronaca.it\/index.php\/wp-json\/wp\/v2\/posts\/135146\/revisions\/135149"}],"wp:featuredmedia":[{"embeddable":true,"href":"https:\/\/www.leccecronaca.it\/index.php\/wp-json\/wp\/v2\/media\/135148"}],"wp:attachment":[{"href":"https:\/\/www.leccecronaca.it\/index.php\/wp-json\/wp\/v2\/media?parent=135146"}],"wp:term":[{"taxonomy":"category","embeddable":true,"href":"https:\/\/www.leccecronaca.it\/index.php\/wp-json\/wp\/v2\/categories?post=135146"},{"taxonomy":"post_tag","embeddable":true,"href":"https:\/\/www.leccecronaca.it\/index.php\/wp-json\/wp\/v2\/tags?post=135146"}],"curies":[{"name":"wp","href":"https:\/\/api.w.org\/{rel}","templated":true}]}}