{"id":135420,"date":"2018-04-16T20:43:06","date_gmt":"2018-04-16T18:43:06","guid":{"rendered":"http:\/\/www.leccecronaca.it\/?p=135420"},"modified":"2018-04-16T20:51:51","modified_gmt":"2018-04-16T18:51:51","slug":"salvini-pacifista-ora-piace-pure-a-gino-strada-ma-il-leader-della-lega-ora-non-piace-piu-per-questo-a-luigi-di-maio","status":"publish","type":"post","link":"https:\/\/www.leccecronaca.it\/index.php\/2018\/04\/16\/salvini-pacifista-ora-piace-pure-a-gino-strada-ma-il-leader-della-lega-ora-non-piace-piu-per-questo-a-luigi-di-maio\/","title":{"rendered":"SALVINI &#8216;PACIFISTA&#8217; ORA PIACE PURE A GINO STRADA, MA IL LEADER DELLA LEGA ADESSO NON PIACE PIU&#8217; PROPRIO PER QUESTO A LUIGI DI MAIO: &#8220;E&#8217; un irresponsabile&#8221;"},"content":{"rendered":"<p><img decoding=\"async\" loading=\"lazy\" class=\"size-full wp-image-135421\" src=\"https:\/\/www.leccecronaca.it\/wordpress\/wp-content\/uploads\/2018\/04\/Gino-Strada-Minniti-sbirro-900x450.jpg\" alt=\"\" width=\"900\" height=\"450\" srcset=\"https:\/\/www.leccecronaca.it\/wordpress\/wp-content\/uploads\/2018\/04\/Gino-Strada-Minniti-sbirro-900x450.jpg 900w, https:\/\/www.leccecronaca.it\/wordpress\/wp-content\/uploads\/2018\/04\/Gino-Strada-Minniti-sbirro-900x450-300x150.jpg 300w, https:\/\/www.leccecronaca.it\/wordpress\/wp-content\/uploads\/2018\/04\/Gino-Strada-Minniti-sbirro-900x450-768x384.jpg 768w, https:\/\/www.leccecronaca.it\/wordpress\/wp-content\/uploads\/2018\/04\/Gino-Strada-Minniti-sbirro-900x450-600x300.jpg 600w\" sizes=\"(max-width: 900px) 100vw, 900px\" \/><\/p>\n<p>(rdl)______<em>&#8220;L&#8217;Onu ormai fa solo raccomandazioni, come la mamma al bambino che va a scuola. Doveva impedire ulteriori guerre, invece \u00e8 un fallimento epocale. Il popolo pacifista non si sta mobilitando perch\u00e9 ormai \u00e8 subentrata la frustazione, un senso di impotenza, dato che la politica va in un&#8217;altra direzione. Si dice che la guerra \u00e8 brutta finch\u00e9 la fanno gli altri, poi quando la fanno gli amici&#8230; Spesso a dirsi pacifista \u00e8 chi poi i conflitti li fa e li sostiene. Sono contento di vedere che anche Salvini dica qualcosa di intelligente. Molto meglio questa posizione contro la guerra che quelle contro i migranti<\/em>&#8220;. Lo ha dichiarato oggi a Radio Capital il fondatore di Emergency <strong>Gino Strada <\/strong>(nella foto).<\/p>\n<p>La presa di posizione del leader della Lega &#8211; ricordiamo il suo tweet di venerd\u00ec: <em>&#8220;Stanno ancora cercando le &#8216;armi chimiche&#8217; di Saddam, stiamo ancora pagando per la folle guerra in Libia, e qualcuno col grilletto facile insiste coi &#8216;missili intelligenti&#8217;, aiutando per altro i terroristi islamici quasi sconfitti. Pazzesco, fermatevi&#8221; &#8211; <\/em>ha trovato altri insospettabili apprezzamenti, fra cui quelli di due personaggi come il disegntore <strong>Vauro<\/strong> (<em>&#8220;Condivido e sottoscrivo parola per parola<\/em>&#8220;) e l&#8217; attore <strong>Claudio Amendola<\/strong> (<em>&#8220;E&#8217; il miglior politico degli ultimi venti anni<\/em>&#8220;), noti per le loro simpatie di sinistra.<\/p>\n<p>Ma ora Matteo Salvini, proprio per questo, non piace pi\u00f9, anzi, \u00e8 diventato &#8220;irresponsabile&#8221;, a<strong> Luigi Di Maio<\/strong>, che nei giorni scorsi aveva riaffermato l&#8217; allineamento del M5S su posizioni europeite, filo americane e filo Nato. Questa sera, il capo politico del Movimento, intervendo su La 7, ha detto che &#8220;<em>le dichiarazioni di Salvini sono irresponsabili perch\u00e9 fatte da un palco elettorale. Per me il faro rimane l&#8217;articolo 11 della Costituzione, che ripudia la guerra. Bene ha fatto\u00a0Gentiloni\u00a0a non partecipare all&#8217;attacco, bisogna continuare con la diplomazia. Trover\u00e0 sempre me contrario chi vuole approfittare della Siria per sganciarci dagli alleati storici. Non devono essere casus belli per riposizionare l&#8217;Italia&#8221;.<\/em><\/p>\n<fb:like href='https:\/\/www.leccecronaca.it\/index.php\/2018\/04\/16\/salvini-pacifista-ora-piace-pure-a-gino-strada-ma-il-leader-della-lega-ora-non-piace-piu-per-questo-a-luigi-di-maio\/' send='true' layout='button_count' show_faces='true' width='450' height='65' action='recommend' colorscheme='light' font='lucida grande'><\/fb:like><span class=\"fb_share\"><fb:like href=\"https:\/\/www.leccecronaca.it\/index.php\/2018\/04\/16\/salvini-pacifista-ora-piace-pure-a-gino-strada-ma-il-leader-della-lega-ora-non-piace-piu-per-questo-a-luigi-di-maio\/\" layout=\"button_count\"><\/fb:like><\/span>","protected":false},"excerpt":{"rendered":"<p>(rdl)______&#8220;L&#8217;Onu ormai fa solo raccomandazioni, come la mamma al bambino che va a scuola. Doveva impedire ulteriori guerre, invece \u00e8 un fallimento epocale. Il popolo pacifista non si sta mobilitando perch\u00e9 ormai \u00e8 subentrata la frustazione, un senso di impotenza, dato che la politica va in un&#8217;altra direzione. Si dice che la guerra \u00e8 brutta [&hellip;]<\/p>\n","protected":false},"author":4,"featured_media":0,"comment_status":"open","ping_status":"closed","sticky":false,"template":"","format":"standard","meta":[],"categories":[69,76],"tags":[],"_links":{"self":[{"href":"https:\/\/www.leccecronaca.it\/index.php\/wp-json\/wp\/v2\/posts\/135420"}],"collection":[{"href":"https:\/\/www.leccecronaca.it\/index.php\/wp-json\/wp\/v2\/posts"}],"about":[{"href":"https:\/\/www.leccecronaca.it\/index.php\/wp-json\/wp\/v2\/types\/post"}],"author":[{"embeddable":true,"href":"https:\/\/www.leccecronaca.it\/index.php\/wp-json\/wp\/v2\/users\/4"}],"replies":[{"embeddable":true,"href":"https:\/\/www.leccecronaca.it\/index.php\/wp-json\/wp\/v2\/comments?post=135420"}],"version-history":[{"count":6,"href":"https:\/\/www.leccecronaca.it\/index.php\/wp-json\/wp\/v2\/posts\/135420\/revisions"}],"predecessor-version":[{"id":135427,"href":"https:\/\/www.leccecronaca.it\/index.php\/wp-json\/wp\/v2\/posts\/135420\/revisions\/135427"}],"wp:attachment":[{"href":"https:\/\/www.leccecronaca.it\/index.php\/wp-json\/wp\/v2\/media?parent=135420"}],"wp:term":[{"taxonomy":"category","embeddable":true,"href":"https:\/\/www.leccecronaca.it\/index.php\/wp-json\/wp\/v2\/categories?post=135420"},{"taxonomy":"post_tag","embeddable":true,"href":"https:\/\/www.leccecronaca.it\/index.php\/wp-json\/wp\/v2\/tags?post=135420"}],"curies":[{"name":"wp","href":"https:\/\/api.w.org\/{rel}","templated":true}]}}