{"id":135466,"date":"2018-04-17T13:28:03","date_gmt":"2018-04-17T11:28:03","guid":{"rendered":"http:\/\/www.leccecronaca.it\/?p=135466"},"modified":"2018-04-17T14:57:23","modified_gmt":"2018-04-17T12:57:23","slug":"la-storia-basta-con-quel-cellulare-e-il-tribunale-dei-minori-gli-porta-via-la-figlia-dodicenne","status":"publish","type":"post","link":"https:\/\/www.leccecronaca.it\/index.php\/2018\/04\/17\/la-storia-basta-con-quel-cellulare-e-il-tribunale-dei-minori-gli-porta-via-la-figlia-dodicenne\/","title":{"rendered":"LA STORIA \/ &#8220;..Basta con quel cellulare!&#8221;, E IL TRIBUNALE DEI MINORI GLI PORTA VIA LA FIGLIA DODICENNE"},"content":{"rendered":"<p><img decoding=\"async\" loading=\"lazy\" class=\"aligncenter size-full wp-image-135467\" src=\"https:\/\/www.leccecronaca.it\/wordpress\/wp-content\/uploads\/2018\/04\/untitled4.png\" alt=\"\" width=\"3264\" height=\"2448\" srcset=\"https:\/\/www.leccecronaca.it\/wordpress\/wp-content\/uploads\/2018\/04\/untitled4.png 3264w, https:\/\/www.leccecronaca.it\/wordpress\/wp-content\/uploads\/2018\/04\/untitled4-300x225.png 300w, https:\/\/www.leccecronaca.it\/wordpress\/wp-content\/uploads\/2018\/04\/untitled4-1024x768.png 1024w, https:\/\/www.leccecronaca.it\/wordpress\/wp-content\/uploads\/2018\/04\/untitled4-768x576.png 768w, https:\/\/www.leccecronaca.it\/wordpress\/wp-content\/uploads\/2018\/04\/untitled4-1536x1152.png 1536w, https:\/\/www.leccecronaca.it\/wordpress\/wp-content\/uploads\/2018\/04\/untitled4-2048x1536.png 2048w, https:\/\/www.leccecronaca.it\/wordpress\/wp-content\/uploads\/2018\/04\/untitled4-400x300.png 400w\" sizes=\"(max-width: 3264px) 100vw, 3264px\" \/>Riceviamo e volentieri pubblichiamo. Giovanni D&#8217;Agata ci scrive______<\/p>\n<p>Lei, a 12 anni, dipendente dal suo cellulare, litiga con il pap\u00e0 che le chiede di lasciare il cellulare e si taglia un polso, procurandosi una lieve ferita. Una lesione superficiale, medicata con una pomata ed un cerotto.<\/p>\n<p>La medicazione viene notata da una insegnante che chiede spiegazioni alla 12enne la quale racconta del litigio con il padre a causa del cellulare e anche dello schiaffo ricevuto dal genitore durante il litigio e del suo tentativo di tagliarsi un polso.<\/p>\n<p>L&#8217;insegnante segnala tutto al Tribunale per i minorenni e interviene l&#8217;autorit\u00e0 giudiziaria che decide l&#8217;allontanamento dalla famiglia della ragazzina che ora si trova in una comunit\u00e0 gestita da suore. Il padre \u00e8 indagato per maltrattamenti.<\/p>\n<p>L&#8217;episodio \u00e8 avvenuto la settimana scorsa a Lecce.<\/p>\n<p>Il padre della 12enne, \u00e8 un commerciante. Gestisce un negozio di alimentari dove lavora tutto il giorno. Pap\u00e0 e mamma avevano gi\u00e0 da tempo manifestato la loro disapprovazione nei confronti di quel modo della figlia 12enne di vivere in simbiosi con il cellulare, sempre in chat e sui social, anche quando la ragazzina era in compagnia con le sue amiche.<\/p>\n<p>Qualche giorno fa il rimprovero del padre e la minaccia di &#8216;sequestrarle&#8217; il cellulare e poi, nel turbinio di parole, \u00e8 volato anche uno schiaffo del genitore alla figlia.<\/p>\n<p>Si scherza spesso sul fatto che i nostri figli siano inseparabili dal cellulare, ma la dipendenza da smartphone, osserva Giovanni D&#8217;Agata, presidente dello \u201cSportello dei Diritti\u201d, \u00e8 diventato un problema serio per gli adolescenti.<\/p>\n<p>Questa forma di dipendenza dallo smartphone \u00e8 spesso alimentata dalla &#8220;sindrome da disconnessione&#8221;. Anche se si tratta solo di un cellulare, vi \u00e8 un cambiamento che interessa la regione preposta al \u201ccontrollo dell\u2019attenzione, al controllo esecutivo e all\u2019elaborazione delle emozioni\u201d.<\/p>\n<p>Questo spiegherebbe perch\u00e9 ha reagito cos\u00ec la 12enne di Lecce: l&#8217;impossibilitata ad accedere al proprio cellulare le ha generato infelicit\u00e0 e depressione.<\/p>\n<p>&nbsp;<\/p>\n<fb:like href='https:\/\/www.leccecronaca.it\/index.php\/2018\/04\/17\/la-storia-basta-con-quel-cellulare-e-il-tribunale-dei-minori-gli-porta-via-la-figlia-dodicenne\/' send='true' layout='button_count' show_faces='true' width='450' height='65' action='recommend' colorscheme='light' font='lucida grande'><\/fb:like><span class=\"fb_share\"><fb:like href=\"https:\/\/www.leccecronaca.it\/index.php\/2018\/04\/17\/la-storia-basta-con-quel-cellulare-e-il-tribunale-dei-minori-gli-porta-via-la-figlia-dodicenne\/\" layout=\"button_count\"><\/fb:like><\/span>","protected":false},"excerpt":{"rendered":"<p>Riceviamo e volentieri pubblichiamo. Giovanni D&#8217;Agata ci scrive______ Lei, a 12 anni, dipendente dal suo cellulare, litiga con il pap\u00e0 che le chiede di lasciare il cellulare e si taglia un polso, procurandosi una lieve ferita. Una lesione superficiale, medicata con una pomata ed un cerotto. La medicazione viene notata da una insegnante che chiede [&hellip;]<\/p>\n","protected":false},"author":4,"featured_media":135467,"comment_status":"open","ping_status":"closed","sticky":false,"template":"","format":"standard","meta":[],"categories":[69,36],"tags":[],"_links":{"self":[{"href":"https:\/\/www.leccecronaca.it\/index.php\/wp-json\/wp\/v2\/posts\/135466"}],"collection":[{"href":"https:\/\/www.leccecronaca.it\/index.php\/wp-json\/wp\/v2\/posts"}],"about":[{"href":"https:\/\/www.leccecronaca.it\/index.php\/wp-json\/wp\/v2\/types\/post"}],"author":[{"embeddable":true,"href":"https:\/\/www.leccecronaca.it\/index.php\/wp-json\/wp\/v2\/users\/4"}],"replies":[{"embeddable":true,"href":"https:\/\/www.leccecronaca.it\/index.php\/wp-json\/wp\/v2\/comments?post=135466"}],"version-history":[{"count":1,"href":"https:\/\/www.leccecronaca.it\/index.php\/wp-json\/wp\/v2\/posts\/135466\/revisions"}],"predecessor-version":[{"id":135468,"href":"https:\/\/www.leccecronaca.it\/index.php\/wp-json\/wp\/v2\/posts\/135466\/revisions\/135468"}],"wp:featuredmedia":[{"embeddable":true,"href":"https:\/\/www.leccecronaca.it\/index.php\/wp-json\/wp\/v2\/media\/135467"}],"wp:attachment":[{"href":"https:\/\/www.leccecronaca.it\/index.php\/wp-json\/wp\/v2\/media?parent=135466"}],"wp:term":[{"taxonomy":"category","embeddable":true,"href":"https:\/\/www.leccecronaca.it\/index.php\/wp-json\/wp\/v2\/categories?post=135466"},{"taxonomy":"post_tag","embeddable":true,"href":"https:\/\/www.leccecronaca.it\/index.php\/wp-json\/wp\/v2\/tags?post=135466"}],"curies":[{"name":"wp","href":"https:\/\/api.w.org\/{rel}","templated":true}]}}