{"id":135502,"date":"2018-04-18T11:39:55","date_gmt":"2018-04-18T09:39:55","guid":{"rendered":"http:\/\/www.leccecronaca.it\/?p=135502"},"modified":"2018-04-18T11:39:55","modified_gmt":"2018-04-18T09:39:55","slug":"nicola-vacca-mario-pugliese-e-pietro-romano-per-le-edizioni-i-quaderni-del-bardo-di-stefano-donno","status":"publish","type":"post","link":"https:\/\/www.leccecronaca.it\/index.php\/2018\/04\/18\/nicola-vacca-mario-pugliese-e-pietro-romano-per-le-edizioni-i-quaderni-del-bardo-di-stefano-donno\/","title":{"rendered":"NICOLA VACCA, MARIO PUGLIESE E PIETRO ROMANO PER LE EDIZIONI I QUADERNI DEL BARDO DI STEFANO DONNO"},"content":{"rendered":"<p><img decoding=\"async\" loading=\"lazy\" class=\"aligncenter size-full wp-image-135503\" src=\"https:\/\/www.leccecronaca.it\/wordpress\/wp-content\/uploads\/2018\/04\/sd.jpg\" alt=\"\" width=\"960\" height=\"720\" srcset=\"https:\/\/www.leccecronaca.it\/wordpress\/wp-content\/uploads\/2018\/04\/sd.jpg 960w, https:\/\/www.leccecronaca.it\/wordpress\/wp-content\/uploads\/2018\/04\/sd-300x225.jpg 300w, https:\/\/www.leccecronaca.it\/wordpress\/wp-content\/uploads\/2018\/04\/sd-768x576.jpg 768w, https:\/\/www.leccecronaca.it\/wordpress\/wp-content\/uploads\/2018\/04\/sd-400x300.jpg 400w\" sizes=\"(max-width: 960px) 100vw, 960px\" \/><\/p>\n<p>di <strong>Raffaele Polo<\/strong>______<\/p>\n<p>Diciamo subito che fa piacere quando , soprattutto nella letteratura e nella poesia, si esce da quella schematizzazione geografica che vuole, per forza, una sorta di obbligo referenziale per gli autori salentini, pubblicati da editori salentini e con versi legati alla realt\u00e0 di questa terra. Dimenticando, forse troppo facilmente, che la Poesia non ha luogo n\u00e9 obbligo, libera com\u2019\u00e8 e come deve essere, in una sorta di \u2018universalit\u00e0\u2019 che affratella chi fa, legge, ama i versi e le composizioni poetiche\u2026.<\/p>\n<p>Ma finalmente da noi, nel Salento sovente troppo chiuso a rimirarsi, lontano in \u2018altri luoghi, altre stanze\u2019, avviene che un coraggioso editore cominci ad allargare i suoi interessi e riceva consensi da lontano, riscuotendo giusta considerazione da autori che si affacciano piacevolmente sorpresi alla nuova, intraprendente editoria non pi\u00f9 salentina per i salentini, ma versata ad indagare i fenomeni pi\u00f9 interessanti del \u2018fare poesia\u2019, proprio come avrebbero voluto i nostri Bodini, Verri, Comi oppure il pressoch\u00e9 sconosciuto Salvatore Bruno\u2026<\/p>\n<p>\u00c8 un discorso non facile che, pure, <strong>Stefano Donno<\/strong> (nella foto), con i suoi <strong>Quaderni del Bard<\/strong>o, affida con successo alle stampe, uscendo in simultanea con questi due pregevoli volumetti, rispettivamente del siciliano Pietro Romano (Fra mani rifiutate) e di Mario Pugliese e Nicola Vacca, cittadini di Gioia del Colle, tra i pi\u00f9 attivi artefici di quel \u2018Rinascimento\u2019 poetico che, ancora, qualcuno non vuole vedere\u2026.<\/p>\n<p><img decoding=\"async\" loading=\"lazy\" class=\"aligncenter size-full wp-image-135504\" src=\"https:\/\/www.leccecronaca.it\/wordpress\/wp-content\/uploads\/2018\/04\/IMG_20180416_120313_resized_20180416_120615176.jpg\" alt=\"\" width=\"744\" height=\"992\" srcset=\"https:\/\/www.leccecronaca.it\/wordpress\/wp-content\/uploads\/2018\/04\/IMG_20180416_120313_resized_20180416_120615176.jpg 744w, https:\/\/www.leccecronaca.it\/wordpress\/wp-content\/uploads\/2018\/04\/IMG_20180416_120313_resized_20180416_120615176-225x300.jpg 225w\" sizes=\"(max-width: 744px) 100vw, 744px\" \/><\/p>\n<p>Se per il giovane <strong>Pietro Romano<\/strong> ( classe 1994) \u00e8 lo stesso Nicola Vacca a sottolineare le peculiarit\u00e0 poetiche (..Pietro Romano nelle sue poesie incendia le parole, chiama lo spavento in cui siamo finiti con il suo nome e non fa sconti al disincanto che ci assedia\u2026) \u00e8 per\u00f2 meritevole di essere esaminata e gustata la costruzione letteraria che attraversa \u2018Fra mani rifiutate\u2019 e pu\u00f2 essere sublimata da quello che esclama l\u2019autore, in un momento di buona predisposizione: <em>Solo vivere, solo sognare\/ sotto questo cielo di fuliggine\/ la polifonia del mare\/ spazza via la salsedine\/ dei nostri cuori infranti,\/ o viso di caligine.<\/em><\/p>\n<p><img decoding=\"async\" loading=\"lazy\" class=\"aligncenter size-full wp-image-135505\" src=\"https:\/\/www.leccecronaca.it\/wordpress\/wp-content\/uploads\/2018\/04\/IMG_20180416_120339_resized_20180416_120517917.jpg\" alt=\"\" width=\"744\" height=\"992\" srcset=\"https:\/\/www.leccecronaca.it\/wordpress\/wp-content\/uploads\/2018\/04\/IMG_20180416_120339_resized_20180416_120517917.jpg 744w, https:\/\/www.leccecronaca.it\/wordpress\/wp-content\/uploads\/2018\/04\/IMG_20180416_120339_resized_20180416_120517917-225x300.jpg 225w\" sizes=\"(max-width: 744px) 100vw, 744px\" \/><\/p>\n<p>\u2018Dal tratto alle parole\u2019 \u00e8, invece, un curioso e intrigante testo che abbina ai ritratti di personaggi famosi, realizzati da <strong>Mario Pugliese<\/strong> ( si va da Edgar Allan Poe a Virginia Woolf, da Alda Merini a Boris Pasternak con 16 splendide tavole in bianco-e-nero per altrettanti protagonisti) ai versi di <strong>Nicola Vacca<\/strong> che raffigurano gli stessi, quasi in una \u2018Antologia di Spoon River\u2019 dove la vera essenza dei soggetti \u00e8 messa in evidenza. ( Un esempio: Garcia Lorca, \u00e8 cos\u00ec presentato, con geniale sintesi:<em> Gli hanno tolto la vita\/ perch\u00e9 temevano le sue parole.\/ Federico era un poeta\/ che aveva nel cuore un tremore di stelle&#8230;<\/em>)<\/p>\n<p>&nbsp;<\/p>\n<p>Due volumi che, ne siamo sicuri, otterranno consensi e segnalazioni: al bravo editore Donno il merito di averli pubblicati e di aver, finalmente, affrancato l\u2019editoria salentina da quella idea di chiusura e autocontemplazione che, ormai, non ci fa pi\u00f9 onor.______<\/p>\n<p>&nbsp;<\/p>\n<p>LA RICERCA nei nostri articoli dell&#8217; 11 ottobre 2017, e del 10 aprile scorso<\/p>\n<blockquote class=\"wp-embedded-content\" data-secret=\"7nQFoslpEC\"><p><a href=\"https:\/\/www.leccecronaca.it\/index.php\/2017\/10\/11\/e-nata-z-nuova-collana-editoriale-delle-edizioni-il-bardo-di-stefano-donno-un-ulteriore-mezzo-culturale-di-grande-qualita-diretta-da-nicola-vacca-un-nuovo-modo-di-intendere-la-poesia\/\">E&#8217; NATA Z, NUOVA COLLANA EDITORIALE DELLE EDIZIONI IL BARDO DI STEFANO DONNO &#8211; &#8220;un ulteriore mezzo culturale di grande qualit\u00e0 &#8221; &#8211; DIRETTA DA NICOLA VACCA: &#8220;un nuovo modo di intendere la poesia&#8230;che sappia proporre visioni&#8221;<\/a><\/p><\/blockquote>\n<p><iframe class=\"wp-embedded-content\" sandbox=\"allow-scripts\" security=\"restricted\" style=\"position: absolute; clip: rect(1px, 1px, 1px, 1px);\" src=\"https:\/\/www.leccecronaca.it\/index.php\/2017\/10\/11\/e-nata-z-nuova-collana-editoriale-delle-edizioni-il-bardo-di-stefano-donno-un-ulteriore-mezzo-culturale-di-grande-qualita-diretta-da-nicola-vacca-un-nuovo-modo-di-intendere-la-poesia\/embed\/#?secret=7nQFoslpEC\" data-secret=\"7nQFoslpEC\" width=\"500\" height=\"282\" title=\"&#8220;E&#8217; NATA Z, NUOVA COLLANA EDITORIALE DELLE EDIZIONI IL BARDO DI STEFANO DONNO &#8211; &#8220;un ulteriore mezzo culturale di grande qualit\u00e0 &#8221; &#8211; DIRETTA DA NICOLA VACCA: &#8220;un nuovo modo di intendere la poesia&#8230;che sappia proporre visioni&#8221;&#8221; &#8212; LecceCronaca.it\" frameborder=\"0\" marginwidth=\"0\" marginheight=\"0\" scrolling=\"no\"><\/iframe><\/p>\n<blockquote class=\"wp-embedded-content\" data-secret=\"1CIhNesLRK\"><p><a href=\"https:\/\/www.leccecronaca.it\/index.php\/2018\/04\/10\/le-piccole-cose-di-wislawa\/\">&#8220;Le piccole cose di Wis\u0142awa&#8221;<\/a><\/p><\/blockquote>\n<p><iframe class=\"wp-embedded-content\" sandbox=\"allow-scripts\" security=\"restricted\" style=\"position: absolute; clip: rect(1px, 1px, 1px, 1px);\" src=\"https:\/\/www.leccecronaca.it\/index.php\/2018\/04\/10\/le-piccole-cose-di-wislawa\/embed\/#?secret=1CIhNesLRK\" data-secret=\"1CIhNesLRK\" width=\"500\" height=\"282\" title=\"&#8220;&#8220;Le piccole cose di Wis\u0142awa&#8221;&#8221; &#8212; LecceCronaca.it\" frameborder=\"0\" marginwidth=\"0\" marginheight=\"0\" scrolling=\"no\"><\/iframe><\/p>\n<fb:like href='https:\/\/www.leccecronaca.it\/index.php\/2018\/04\/18\/nicola-vacca-mario-pugliese-e-pietro-romano-per-le-edizioni-i-quaderni-del-bardo-di-stefano-donno\/' send='true' layout='button_count' show_faces='true' width='450' height='65' action='recommend' colorscheme='light' font='lucida grande'><\/fb:like><span class=\"fb_share\"><fb:like href=\"https:\/\/www.leccecronaca.it\/index.php\/2018\/04\/18\/nicola-vacca-mario-pugliese-e-pietro-romano-per-le-edizioni-i-quaderni-del-bardo-di-stefano-donno\/\" layout=\"button_count\"><\/fb:like><\/span>","protected":false},"excerpt":{"rendered":"<p>di Raffaele Polo______ Diciamo subito che fa piacere quando , soprattutto nella letteratura e nella poesia, si esce da quella schematizzazione geografica che vuole, per forza, una sorta di obbligo referenziale per gli autori salentini, pubblicati da editori salentini e con versi legati alla realt\u00e0 di questa terra. Dimenticando, forse troppo facilmente, che la Poesia [&hellip;]<\/p>\n","protected":false},"author":4,"featured_media":135503,"comment_status":"open","ping_status":"closed","sticky":false,"template":"","format":"standard","meta":[],"categories":[31,57],"tags":[],"_links":{"self":[{"href":"https:\/\/www.leccecronaca.it\/index.php\/wp-json\/wp\/v2\/posts\/135502"}],"collection":[{"href":"https:\/\/www.leccecronaca.it\/index.php\/wp-json\/wp\/v2\/posts"}],"about":[{"href":"https:\/\/www.leccecronaca.it\/index.php\/wp-json\/wp\/v2\/types\/post"}],"author":[{"embeddable":true,"href":"https:\/\/www.leccecronaca.it\/index.php\/wp-json\/wp\/v2\/users\/4"}],"replies":[{"embeddable":true,"href":"https:\/\/www.leccecronaca.it\/index.php\/wp-json\/wp\/v2\/comments?post=135502"}],"version-history":[{"count":1,"href":"https:\/\/www.leccecronaca.it\/index.php\/wp-json\/wp\/v2\/posts\/135502\/revisions"}],"predecessor-version":[{"id":135506,"href":"https:\/\/www.leccecronaca.it\/index.php\/wp-json\/wp\/v2\/posts\/135502\/revisions\/135506"}],"wp:featuredmedia":[{"embeddable":true,"href":"https:\/\/www.leccecronaca.it\/index.php\/wp-json\/wp\/v2\/media\/135503"}],"wp:attachment":[{"href":"https:\/\/www.leccecronaca.it\/index.php\/wp-json\/wp\/v2\/media?parent=135502"}],"wp:term":[{"taxonomy":"category","embeddable":true,"href":"https:\/\/www.leccecronaca.it\/index.php\/wp-json\/wp\/v2\/categories?post=135502"},{"taxonomy":"post_tag","embeddable":true,"href":"https:\/\/www.leccecronaca.it\/index.php\/wp-json\/wp\/v2\/tags?post=135502"}],"curies":[{"name":"wp","href":"https:\/\/api.w.org\/{rel}","templated":true}]}}