{"id":135600,"date":"2018-04-18T21:20:57","date_gmt":"2018-04-18T19:20:57","guid":{"rendered":"http:\/\/www.leccecronaca.it\/?p=135600"},"modified":"2018-04-18T23:03:22","modified_gmt":"2018-04-18T21:03:22","slug":"i-droni","status":"publish","type":"post","link":"https:\/\/www.leccecronaca.it\/index.php\/2018\/04\/18\/i-droni\/","title":{"rendered":"IL PRIMO PROVVEDIMENTO DEL NUOVO PARLAMENTO E&#8217; UN PARERE PER L&#8217; ACQUISTO DI MICIDIALI BOMBARDIERI DRONI DA COMBATTIMENTO. VI SPIEGHIAMO DI CHE SI TRATTA. E VI DICIAMO CHI NE E&#8217; IL RELATORE"},"content":{"rendered":"<p><img decoding=\"async\" loading=\"lazy\" class=\"aligncenter size-full wp-image-135615\" src=\"https:\/\/www.leccecronaca.it\/wordpress\/wp-content\/uploads\/2018\/04\/576996_10200840599608410_855588061_n.jpg\" alt=\"\" width=\"960\" height=\"678\" srcset=\"https:\/\/www.leccecronaca.it\/wordpress\/wp-content\/uploads\/2018\/04\/576996_10200840599608410_855588061_n.jpg 960w, https:\/\/www.leccecronaca.it\/wordpress\/wp-content\/uploads\/2018\/04\/576996_10200840599608410_855588061_n-300x212.jpg 300w, https:\/\/www.leccecronaca.it\/wordpress\/wp-content\/uploads\/2018\/04\/576996_10200840599608410_855588061_n-768x542.jpg 768w\" sizes=\"(max-width: 960px) 100vw, 960px\" \/><\/p>\n<p>di <strong>Giuseppe Puppo______<\/strong><\/p>\n<p>Al peggio non c&#8217;\u00e8 mai fine, purtroppo. Alla fine delle illusioni, nemmeno, e ogni volta sono sempre pi\u00f9 cocenti, mannaggia.<\/p>\n<p>Ho un fatto vecchio da rievocare, e uno nuovo da raccontare, uno peggio dell&#8217; altro.<\/p>\n<p>Mi sbrigo col primo, e poi mi soffermo sul secondo.<\/p>\n<p>Allora, per anni quelli di Comunione e Liberazione -io, me li ricordo bene &#8211; avevano sfracellato proprio tutti quanti, con le loro canzoni da oratorio e i loro discorsi da sagrestia, col pacifismo. All&#8217; acqua di rose, si intende, a essere contro la guerra a parole sono buoni tutti, \u00e8 nei fatti che si vede la differenza.<\/p>\n<p>Tanti anni dopo, nel 2013, uno di loro, Mario Mauro, attraverso successive modificazioni politiche e grazie ad un accidente della Storia, divenne ministro della Repubblica. Della Difesa. Governo Letta, in quota a Scelta Civica.<\/p>\n<p>E che cosa fece il ministro della difesa Mario di nome e Mauro di cognome?<br \/>\nFirm\u00f2 l&#8217; acquisto degli F 35, i micidiali aerei\u00a0 di distruzione di massa, per quanto sgangherati, oltre che inutili, per svariati miliardi di soldi pubblici, che certo avrebbero potuto essere meglio impiegati, prodotti dall&#8217; azienda multinazionale americana Lockheed, di cui egli era stato pure in precedenza testimonial.<\/p>\n<p>&#8220;<em>Ministro della guerra<\/em>&#8220;, lo chiam\u00f2 due anni dopo il deputato del Movimento 5 Stelle Mattia Fantinati, nel corso del suo intervento, sgradito ospite, a Rimini alla convention annuale di quelli di Comunione e Liberazione, ai quali, rimpendo una decennale ipocrisia, gliene cant\u00f2 quatro: <em>&#8220;Siete una lobby di affari sporchi&#8230;Grazie al vostro Mauro la spinta agli armamenti \u00e8 garatita&#8221;,<\/em> e cos\u00ec via, ch\u00e9 la met\u00e0 bastava.<\/p>\n<p>***<\/p>\n<p>Bene, cio\u00e8 male, anzi malissimo.<\/p>\n<p>Ieri abbiamo avuto il primo atto ufficiale del nuovo parlamento, anzi per la burcrazia \u00e8 il numero 002, &#8220;in corso di esame&#8221;, in sede di commissioni speciali, nominate ad interim per gli affari urgenti, in attesa della formazione delle commissioni ordinarie.<\/p>\n<p>Di che cosa si tratta? Taglio dei vitalizi? Contrasto alla povert\u00e0? Lavoro? Salute? Ambiente?<br \/>\nMa no, riguarda un impegno di spesa di 776.000.000 (leggansi settecento settantasei milioni di euro) per l&#8217; acquisto di dieci droni.<\/p>\n<p><img decoding=\"async\" loading=\"lazy\" class=\"aligncenter size-full wp-image-135614\" src=\"https:\/\/www.leccecronaca.it\/wordpress\/wp-content\/uploads\/2018\/04\/drone-militare-2.jpg\" alt=\"\" width=\"600\" height=\"338\" srcset=\"https:\/\/www.leccecronaca.it\/wordpress\/wp-content\/uploads\/2018\/04\/drone-militare-2.jpg 600w, https:\/\/www.leccecronaca.it\/wordpress\/wp-content\/uploads\/2018\/04\/drone-militare-2-300x169.jpg 300w\" sizes=\"(max-width: 600px) 100vw, 600px\" \/><\/p>\n<p>Provvedimento dallo\u00a0\u201c<em>Schema\u00a0di\u00a0decreto\u00a0ministeriale\u00a0di\u00a0approvazione\u00a0delprogramma\u00a0pluriennale\u00a0di\u00a0A\/R n. SMD 04\/2017,\u00a0relativoall&#8217;acquisizione, comprensiva\u00a0del\u00a0relativo\u00a0sostegno logistico,\u00a0diaeromobili\u00a0a\u00a0pilotaggio\u00a0remoto\u00a0della categoria MALE (Medium Altitude Long Endurance) e potenziamento delle capacit\u00e0\u00a0diIntelligence, Surveillance and Reconaissance della Difesa<\/em>&#8220;, in dettaglio: <em>&#8220;Schema di decreto ministeriale di approvazione del programma pluriennale relativo all&#8217;acquisizione (&#8230;) di aeromobili a pilotaggio remoto e potenziamento delle capacit\u00e0 di\u00a0Intelligence,\u00a0Surveillance\u00a0and\u00a0Reconaissance\u00a0della Difesa&#8230;Dieci sistemi, costituiti ciascuno di due velivoli ed una stazione di comando e controllo&#8230;Velivoli a pilotaggio remoto, individuati con l&#8217;acronimo inglese UAV, introdotti nella tecnologia militare da alcuni anni, in particolare negli Stati Uniti\u201d.\u00a0<\/em><\/p>\n<p>E, anche se questo nella bozza non c&#8217;\u00e8 scritto, usati per bombardare e distruggere.<\/p>\n<p>Chi \u00e8 il relatore del decreto?<\/p>\n<p>E&#8217; il deputato del Movimento 5 Stelle Davide Crippa, 39 anni, di Novara, alla seconda legislatura.<\/p>\n<p>Certo, sappiamo dei tristi cambiamenti del partito-unico-totalitario di Luigi Di Maio.<\/p>\n<p>Per\u00f2, un minimo di decenza, un po&#8217; di decoro, no?<\/p>\n<p>E il programma votato dagli iscritti nemmeno un anno fa, che chiedeva di ridimensionare le spese militari, &#8220;inutili e costose&#8221;, specie gli &#8220;armamenti offensivi&#8221;? Cancellato.<\/p>\n<p>E i convegni per uscire dalla Nato? Rimossi.<br \/>\nE le marce per la pace\u00a0 di Assisi? Sepolte.<\/p>\n<p>&nbsp;<\/p>\n<p>Oggi su ieri hanno protestato solamente Francesco Boccia, del Pd, e Stefano Fassina, di Liberi e Uguali, che anzi ci ha tenuto\u00a0 specificare il fatto che\u00a0\u201c<em>larga parte dei 766 milioni vengono non dal bilancio del Ministero della Difesa, ma dal bilancio del Ministero Economia e Finanza e sono sottratti a investimenti per mobilit\u00e0 sostenibile, sicurezza stradale, riqualificazione delle stazioni ferroviarie, infrastrutture edilizia pubblica, compresa quella scolastica<\/em>&#8220;.<\/p>\n<p>&nbsp;<\/p>\n<p>Mentre, in tardissima serata scriviamo questo pezzo, sui social e siti di informazione \u00e8 in corso una specie di polemica pretestuosa, dai toni diventati vagamente surreali, in un guazzabuglio pressoch\u00e9 inestricabile di smentite, precisazioni, e distinguo, che vede lo stesso Davide Crippa protagonista assoluto. Certo, il suo \u00e8 stato un atto tecnico, non ha espresso pareri &#8211; dice &#8211; e in commissione non c&#8217;\u00e8 stata nessuna votazione.<\/p>\n<p>La realt\u00e0 invece \u00e8 un&#8217; altra. Il parere \u00e8 stato implicitamente favorevole. Le risorse da utilizzare per i droni per Crippa\u00a0\u201c<em>appaiono congrue rispetto ai costi complessivamente da sostener<\/em>e\u201d e il M5S <em>\u201critiene comunque opportuno che il governo confermi che l\u2019utilizzo delle suddette risorse non sia comunque suscettibile di pregiudicare la realizzazione di ulteriori interventi eventualmente gi\u00e0 programmati a legislazione vigente a valere sulle risorse medesime\u201d.\u00a0<\/em><\/p>\n<p>Cio\u00e8, basta che non pigliate soldi da altre parti, e va tutto bene.<\/p>\n<p>La vera realt\u00e0 \u00e8 che mai e poi mai il &#8216;vecchio&#8217; ed estinto Movimento 5 Stelle avrebbe non dico sostenuto, ma nemmeno pensato di sostenerlo, tanto meno di relazionarci su, un provvedimento del genere.<\/p>\n<p>Ora per\u00f2 \u00e8 diventato filoeuropeista, filo euro, filo atlantista, filo Nato, e filo armamenti.<\/p>\n<p>E all&#8217; ombra di Luigi Di Maio ora piccoli Mario di nome e Mauro di cognome crescono, anche se si chiamano Davide Crippa.<\/p>\n<fb:like href='https:\/\/www.leccecronaca.it\/index.php\/2018\/04\/18\/i-droni\/' send='true' layout='button_count' show_faces='true' width='450' height='65' action='recommend' colorscheme='light' font='lucida grande'><\/fb:like><span class=\"fb_share\"><fb:like href=\"https:\/\/www.leccecronaca.it\/index.php\/2018\/04\/18\/i-droni\/\" layout=\"button_count\"><\/fb:like><\/span>","protected":false},"excerpt":{"rendered":"<p>di Giuseppe Puppo______ Al peggio non c&#8217;\u00e8 mai fine, purtroppo. Alla fine delle illusioni, nemmeno, e ogni volta sono sempre pi\u00f9 cocenti, mannaggia. Ho un fatto vecchio da rievocare, e uno nuovo da raccontare, uno peggio dell&#8217; altro. Mi sbrigo col primo, e poi mi soffermo sul secondo. Allora, per anni quelli di Comunione e [&hellip;]<\/p>\n","protected":false},"author":4,"featured_media":135615,"comment_status":"open","ping_status":"closed","sticky":false,"template":"","format":"standard","meta":[],"categories":[69,76],"tags":[],"_links":{"self":[{"href":"https:\/\/www.leccecronaca.it\/index.php\/wp-json\/wp\/v2\/posts\/135600"}],"collection":[{"href":"https:\/\/www.leccecronaca.it\/index.php\/wp-json\/wp\/v2\/posts"}],"about":[{"href":"https:\/\/www.leccecronaca.it\/index.php\/wp-json\/wp\/v2\/types\/post"}],"author":[{"embeddable":true,"href":"https:\/\/www.leccecronaca.it\/index.php\/wp-json\/wp\/v2\/users\/4"}],"replies":[{"embeddable":true,"href":"https:\/\/www.leccecronaca.it\/index.php\/wp-json\/wp\/v2\/comments?post=135600"}],"version-history":[{"count":14,"href":"https:\/\/www.leccecronaca.it\/index.php\/wp-json\/wp\/v2\/posts\/135600\/revisions"}],"predecessor-version":[{"id":135628,"href":"https:\/\/www.leccecronaca.it\/index.php\/wp-json\/wp\/v2\/posts\/135600\/revisions\/135628"}],"wp:featuredmedia":[{"embeddable":true,"href":"https:\/\/www.leccecronaca.it\/index.php\/wp-json\/wp\/v2\/media\/135615"}],"wp:attachment":[{"href":"https:\/\/www.leccecronaca.it\/index.php\/wp-json\/wp\/v2\/media?parent=135600"}],"wp:term":[{"taxonomy":"category","embeddable":true,"href":"https:\/\/www.leccecronaca.it\/index.php\/wp-json\/wp\/v2\/categories?post=135600"},{"taxonomy":"post_tag","embeddable":true,"href":"https:\/\/www.leccecronaca.it\/index.php\/wp-json\/wp\/v2\/tags?post=135600"}],"curies":[{"name":"wp","href":"https:\/\/api.w.org\/{rel}","templated":true}]}}